{"id":1915,"date":"2023-03-04T12:28:28","date_gmt":"2023-03-04T12:28:28","guid":{"rendered":"https:\/\/partedepesca.com.ar\/d\/?p=1915"},"modified":"2023-03-08T20:42:40","modified_gmt":"2023-03-08T20:42:40","slug":"el-tratado-de-los-oceanos-seria-un-primer-paso-para-regular-la-pesca-ilegal","status":"publish","type":"post","link":"https:\/\/partedepesca.com.ar\/d\/el-tratado-de-los-oceanos-seria-un-primer-paso-para-regular-la-pesca-ilegal\/","title":{"rendered":"El \u2018Tratado de los Oc\u00e9anos\u2019 ser\u00eda un primer paso para regular la pesca ilegal"},"content":{"rendered":"\n<p>La aprobaci\u00f3n del \u201cTratado de los Oc\u00e9anos\u201d de la Organizaci\u00f3n de las Naciones Unidas (ONU), en la octava conferencia Our Ocean, abri\u00f3 expectativas en torno al impacto que esto tendr\u00e1 en Am\u00e9rica Latina y puntualmente en Argentina. Los especialistas admiten que no tendr\u00e1 una repercusi\u00f3n pr\u00e1ctica inmediata, sino que se trata de un primer paso para la regulaci\u00f3n de las flotas pesqueras que operan sobre recursos transzonales, como el caso de Illex argentinus.<\/p>\n\n\n\n<p>Ecologistas, cient\u00edficos y defensores ambientales de todo el mundo coincidieron en que el acuerdo es un enorme paso para preservar la vida marina con \u201csantuarios oce\u00e1nicos\u201d y adaptar \u201cla gobernanza\u201d de la altamar al siglo XXI.<\/p>\n\n\n\n<p>Demostrado est\u00e1 que la operaci\u00f3n sin control ni regulaci\u00f3n de la flota que opera en la milla 201 tiene efectos nocivos sobre el ecosistema, pero lograr revertir la operatoria de los poteros chinos al borde de la Zona Econ\u00f3mica Exclusiva Argentina no ser\u00e1 en el corto plazo, admiten los analistas.<\/p>\n\n\n\n<p>Organizaciones marinas, ecologistas y de defensa ambiental de todo el mundo, agrupadas en la Alianza de Alta Mar, calificaron de \u201chist\u00f3rico\u201d el tratado de la ONU para proteger la altamar, esas aguas m\u00e1s all\u00e1 de las nacionales que son el mayor h\u00e1bitat del planeta, y de esa manera abrir el camino para proteger al menos al 30% del oc\u00e9ano.<\/p>\n\n\n\n<p>El Tratado establece requisitos \u201cmodernos para evaluar y gestionar las actividades humanas que afectan a la vida marina en altamar\u201d, adem\u00e1s de garantizar transparencia para mejorar la gesti\u00f3n de sectores como la pesca, el transporte mar\u00edtimo y otras actividades que deterioraron la salud de los oc\u00e9anos.<\/p>\n\n\n\n<p>El acuerdo \u201ccierra brechas en el derecho internacional\u201d y ofrece un marco para que los gobiernos trabajen \u201cjuntos\u201d para proteger la salud global de los oc\u00e9anos, y fortalecer la resiliencia clim\u00e1tica y el bienestar socioecon\u00f3mico y la seguridad alimentaria de miles de millones de personas. Proteger los oc\u00e9anos frente a la crisis global. Ese objetivo, seg\u00fan los cient\u00edficos, \u201ces crucial\u201d para mantener la salud de los oc\u00e9anos frente al calentamiento global y frente a la acidificaci\u00f3n de los oc\u00e9anos y otros impactos de la crisis clim\u00e1tica.<\/p>\n","protected":false},"excerpt":{"rendered":"<p>La aprobaci\u00f3n del \u201cTratado de los Oc\u00e9anos\u201d de la Organizaci\u00f3n de las Naciones Unidas (ONU), en la octava conferencia Our Ocean, abri\u00f3 expectativas en torno al impacto que esto tendr\u00e1 en Am\u00e9rica Latina y puntualmente en Argentina. Los especialistas admiten que no tendr\u00e1 una repercusi\u00f3n pr\u00e1ctica inmediata, sino que se trata de un primer paso<\/p>\n","protected":false},"author":4,"featured_media":1916,"comment_status":"closed","ping_status":"open","sticky":false,"template":"","format":"standard","meta":{"om_disable_all_campaigns":false,"_monsterinsights_skip_tracking":false,"_monsterinsights_sitenote_active":false,"_monsterinsights_sitenote_note":"","_monsterinsights_sitenote_category":0,"footnotes":""},"categories":[9],"tags":[91],"class_list":{"0":"post-1915","1":"post","2":"type-post","3":"status-publish","4":"format-standard","5":"has-post-thumbnail","7":"category-actualidad","8":"tag-featured"},"aioseo_notices":[],"amp_enabled":true,"_links":{"self":[{"href":"https:\/\/partedepesca.com.ar\/d\/wp-json\/wp\/v2\/posts\/1915","targetHints":{"allow":["GET"]}}],"collection":[{"href":"https:\/\/partedepesca.com.ar\/d\/wp-json\/wp\/v2\/posts"}],"about":[{"href":"https:\/\/partedepesca.com.ar\/d\/wp-json\/wp\/v2\/types\/post"}],"author":[{"embeddable":true,"href":"https:\/\/partedepesca.com.ar\/d\/wp-json\/wp\/v2\/users\/4"}],"replies":[{"embeddable":true,"href":"https:\/\/partedepesca.com.ar\/d\/wp-json\/wp\/v2\/comments?post=1915"}],"version-history":[{"count":1,"href":"https:\/\/partedepesca.com.ar\/d\/wp-json\/wp\/v2\/posts\/1915\/revisions"}],"predecessor-version":[{"id":1917,"href":"https:\/\/partedepesca.com.ar\/d\/wp-json\/wp\/v2\/posts\/1915\/revisions\/1917"}],"wp:featuredmedia":[{"embeddable":true,"href":"https:\/\/partedepesca.com.ar\/d\/wp-json\/wp\/v2\/media\/1916"}],"wp:attachment":[{"href":"https:\/\/partedepesca.com.ar\/d\/wp-json\/wp\/v2\/media?parent=1915"}],"wp:term":[{"taxonomy":"category","embeddable":true,"href":"https:\/\/partedepesca.com.ar\/d\/wp-json\/wp\/v2\/categories?post=1915"},{"taxonomy":"post_tag","embeddable":true,"href":"https:\/\/partedepesca.com.ar\/d\/wp-json\/wp\/v2\/tags?post=1915"}],"curies":[{"name":"wp","href":"https:\/\/api.w.org\/{rel}","templated":true}]}}