{"id":1861,"date":"2023-02-16T11:26:00","date_gmt":"2023-02-16T11:26:00","guid":{"rendered":"https:\/\/partedepesca.com.ar\/d\/?p=1861"},"modified":"2023-03-08T10:41:44","modified_gmt":"2023-03-08T10:41:44","slug":"suscriben-la-declaracion-de-rio-de-janeiro-sobre-la-integracion-del-transporte-maritimo-de-carga-en-el-mercosur","status":"publish","type":"post","link":"https:\/\/partedepesca.com.ar\/d\/suscriben-la-declaracion-de-rio-de-janeiro-sobre-la-integracion-del-transporte-maritimo-de-carga-en-el-mercosur\/","title":{"rendered":"Suscriben la Declaraci\u00f3n de R\u00edo de Janeiro sobre la integraci\u00f3n del transporte mar\u00edtimo de carga en el Mercosur"},"content":{"rendered":"\n<p>Asistieron al encuentro por parte de la Rep\u00fablica Argentina, en representaci\u00f3n de la parte armatorial: el Presidente de la Federaci\u00f3n de Empresas Navieras Argentinas (FENA) Jos\u00e9 Pablo Elverdin, en tanto que por el sector sindical y en representaci\u00f3n de la Federaci\u00f3n Sindical Mar\u00edtima y Fluvial (FESIMAF), lo hicieron su Secretario General, Ra\u00fal Omar Durdos (Secretario General del Sindicato de Obreros Mar\u00edtimos Unidos -SOMU-), su Secretario General Adjunto, Maquinista Naval Superior Eduardo Oscar Mayotti (Presidente del Centro de Jefes y Oficiales Maquinistas Navales \u2013 CJOMN-) y su Secretario de Relaciones Internacionales, Capit\u00e1n de Ultramar Jorge Pablo Tiravassi (Presidente del Centro de Capitanes de Ultramar y Oficiales de la Marina Mercante -CCUOMM-).<\/p>\n\n\n\n<p>En representaci\u00f3n de la Rep\u00fablica Federativa del Brasil participaron: por la parte armatorial el Presidente de la Asociaci\u00f3n Brasile\u00f1a de Armadores de Cabotaje (ABAC) Mark Juzwiak, mientras que por el sector sindical lo hicieron el Presidente de la Confederaci\u00f3n Nacional de los Trabajadores em Transportes Acu\u00e1ticos y A\u00e9reos, de Pesca y Puertos (CONTTMAFF) Carlos Augusto M\u00fcller y el Presidente de la Federaci\u00f3n Nacional dos Trabajadores de Transportes Acu\u00e1ticos y Afines (FNTTAA) Ricardo Ponzi. Adem\u00e1s por el sector p\u00fablico fue invitada Livia Rosenda Lara, asesora t\u00e9cnica del Directorio de la Agencia Nacional de Transportes Acu\u00e1ticos (ANTAQ) dependiente del Ministerio de Puertos y Aeropuertos.<\/p>\n\n\n\n<p>El objetivo del encuentro, adem\u00e1s de analizar la situaci\u00f3n de las marinas mercantes nacionales de ambos pa\u00edses, fue fundamentalmente el de dar continuidad al trabajo que se viene realizando en el marco del Subgrupo de Trabajo N\u00b0 5 \u2013 \u201cTRANSPORTE\u201d del MERCOSUR \u2013 SGT N\u00b05 &#8211; COMISI\u00d3N DE ESPECIALISTAS DE TRANSPORTE MAR\u00cdTIMO.<\/p>\n\n\n\n<p>Los principales puntos de la agenda versaron en intensificar las acciones conjuntas para posibilitar un acuerdo multilateral sobre transporte mar\u00edtimo en el MERCOSUR, que cubra de manera equilibrada los intereses de los Estados Parte como as\u00ed tambi\u00e9n, de no poder llevarse a cabo el mismo, plantear acciones concretas para que urgentemente se recupere el tr\u00e1fico mar\u00edtimo bilateral. En este sentido se analizaron, diferentes l\u00edneas de acci\u00f3n, entre ellas la posibilidad de establecer un nuevo \u201cConvenio sobre Transporte Mar\u00edtimo entre la Rep\u00fablica Federativa del Brasil y la Rep\u00fablica Argentina.\u201d<\/p>\n","protected":false},"excerpt":{"rendered":"<p>Asistieron al encuentro por parte de la Rep\u00fablica Argentina, en representaci\u00f3n de la parte armatorial: el Presidente de la Federaci\u00f3n de Empresas Navieras Argentinas (FENA) Jos\u00e9 Pablo Elverdin, en tanto que por el sector sindical y en representaci\u00f3n de la Federaci\u00f3n Sindical Mar\u00edtima y Fluvial (FESIMAF), lo hicieron su Secretario General, Ra\u00fal Omar Durdos (Secretario<\/p>\n","protected":false},"author":4,"featured_media":1864,"comment_status":"closed","ping_status":"open","sticky":false,"template":"","format":"standard","meta":{"om_disable_all_campaigns":false,"_monsterinsights_skip_tracking":false,"_monsterinsights_sitenote_active":false,"_monsterinsights_sitenote_note":"","_monsterinsights_sitenote_category":0,"footnotes":""},"categories":[9],"tags":[91],"class_list":{"0":"post-1861","1":"post","2":"type-post","3":"status-publish","4":"format-standard","5":"has-post-thumbnail","7":"category-actualidad","8":"tag-featured"},"aioseo_notices":[],"amp_enabled":true,"_links":{"self":[{"href":"https:\/\/partedepesca.com.ar\/d\/wp-json\/wp\/v2\/posts\/1861","targetHints":{"allow":["GET"]}}],"collection":[{"href":"https:\/\/partedepesca.com.ar\/d\/wp-json\/wp\/v2\/posts"}],"about":[{"href":"https:\/\/partedepesca.com.ar\/d\/wp-json\/wp\/v2\/types\/post"}],"author":[{"embeddable":true,"href":"https:\/\/partedepesca.com.ar\/d\/wp-json\/wp\/v2\/users\/4"}],"replies":[{"embeddable":true,"href":"https:\/\/partedepesca.com.ar\/d\/wp-json\/wp\/v2\/comments?post=1861"}],"version-history":[{"count":1,"href":"https:\/\/partedepesca.com.ar\/d\/wp-json\/wp\/v2\/posts\/1861\/revisions"}],"predecessor-version":[{"id":1863,"href":"https:\/\/partedepesca.com.ar\/d\/wp-json\/wp\/v2\/posts\/1861\/revisions\/1863"}],"wp:featuredmedia":[{"embeddable":true,"href":"https:\/\/partedepesca.com.ar\/d\/wp-json\/wp\/v2\/media\/1864"}],"wp:attachment":[{"href":"https:\/\/partedepesca.com.ar\/d\/wp-json\/wp\/v2\/media?parent=1861"}],"wp:term":[{"taxonomy":"category","embeddable":true,"href":"https:\/\/partedepesca.com.ar\/d\/wp-json\/wp\/v2\/categories?post=1861"},{"taxonomy":"post_tag","embeddable":true,"href":"https:\/\/partedepesca.com.ar\/d\/wp-json\/wp\/v2\/tags?post=1861"}],"curies":[{"name":"wp","href":"https:\/\/api.w.org\/{rel}","templated":true}]}}