{"id":17123,"date":"2026-09-05T00:12:00","date_gmt":"2026-09-05T00:12:00","guid":{"rendered":"https:\/\/partedepesca.com.ar\/d\/?p=17123"},"modified":"2026-09-05T00:59:33","modified_gmt":"2026-09-05T00:59:33","slug":"el-cesmar-presento-ante-la-anpyn-sus-avances-en-la-formacion-de-profesionales-de-la-pesca","status":"publish","type":"post","link":"https:\/\/partedepesca.com.ar\/d\/el-cesmar-presento-ante-la-anpyn-sus-avances-en-la-formacion-de-profesionales-de-la-pesca\/","title":{"rendered":"El CESMAr present\u00f3 ante la ANPyN sus avances en la formaci\u00f3n de profesionales de la pesca"},"content":{"rendered":"\n<p class=\"wp-block-paragraph\">El Director Ejecutivo de la Agencia Nacional de Puertos y Navegaci\u00f3n (ANPyN), Mg. I\u00f1aki Arreseygor, recibi\u00f3 esta semana al presidente del Centro de Estudios Superiores del Mar Argentino (CESMAr), Jorge Fr\u00edas, en un encuentro que tuvo como eje los avances alcanzados por la instituci\u00f3n en materia de formaci\u00f3n y capacitaci\u00f3n de profesionales de la actividad pesquera.<\/p>\n\n\n\n<p class=\"wp-block-paragraph\">La reuni\u00f3n se produjo a partir de la primera promoci\u00f3n de egresados del curso de&nbsp;<strong>Piloto de Pesca de Primera<\/strong>, un logro significativo para el Centro y para la profesionalizaci\u00f3n de la flota pesquera argentina.<\/p>\n\n\n\n<p class=\"wp-block-paragraph\">En 2025, la ANPyN valid\u00f3 al CESMAr como&nbsp;<strong>la primera instituci\u00f3n privada habilitada para la formaci\u00f3n de capitanes y oficiales de puente de la flota pesquera argentina<\/strong>. Desde entonces, la actividad acad\u00e9mica del Centro se ha mantenido en crecimiento, incorporando, entre otras propuestas, la modalidad&nbsp;<strong>semipresencial para los cursos de ascenso<\/strong>, una alternativa que ha tenido una recepci\u00f3n favorable entre los alumnos.<\/p>\n\n\n\n<p class=\"wp-block-paragraph\">Durante el encuentro, Fr\u00edas detall\u00f3 las principales acciones desarrolladas por el CESMAr en materia de formaci\u00f3n y capacitaci\u00f3n y anunci\u00f3 la&nbsp;<strong>pr\u00f3xima puesta en marcha del curso de Capit\u00e1n de Pesca<\/strong>, adem\u00e1s de la incorporaci\u00f3n de la&nbsp;<strong>Diplomatura Universitaria en Gesti\u00f3n de la Navegaci\u00f3n Pesquera<\/strong>.<\/p>\n\n\n\n<p class=\"wp-block-paragraph\">Finalmente, el presidente del CESMAr reiter\u00f3 su agradecimiento por el acompa\u00f1amiento y por las decisiones que hicieron posible la puesta en marcha de esta nueva etapa en la formaci\u00f3n profesional vinculada a la navegaci\u00f3n pesquera argentina.<\/p>\n\n\n\n<p class=\"wp-block-paragraph\"><\/p>\n","protected":false},"excerpt":{"rendered":"<p>El Director Ejecutivo de la Agencia Nacional de Puertos y Navegaci\u00f3n (ANPyN), Mg. I\u00f1aki Arreseygor, recibi\u00f3 esta semana al presidente del Centro de Estudios Superiores del Mar Argentino (CESMAr), Jorge Fr\u00edas, en un encuentro que tuvo como eje los avances alcanzados por la instituci\u00f3n en materia de formaci\u00f3n y capacitaci\u00f3n de profesionales de la actividad<\/p>\n","protected":false},"author":4,"featured_media":17126,"comment_status":"open","ping_status":"open","sticky":false,"template":"","format":"standard","meta":{"om_disable_all_campaigns":false,"_monsterinsights_skip_tracking":false,"footnotes":""},"categories":[9,10],"tags":[3109,384,3017,91,2603,1569],"class_list":["post-17123","post","type-post","status-publish","format-standard","has-post-thumbnail","category-actualidad","category-featured","tag-anpyn","tag-asociacion-argentina-de-capitanes","tag-cesmar-2","tag-featured","tag-inaki-arreseygor","tag-jorge-frias"],"aioseo_notices":[],"aioseo_head":"\n\t\t<!-- All in One SEO 4.9.10 - aioseo.com -->\n\t<meta name=\"description\" content=\"El Director Ejecutivo de la Agencia Nacional de Puertos y Navegaci\u00f3n (ANPyN), Mg. I\u00f1aki Arreseygor, recibi\u00f3 esta semana al presidente del Centro de Estudios Superiores del Mar Argentino (CESMAr), Jorge Fr\u00edas, en un encuentro que tuvo como eje los avances alcanzados por la instituci\u00f3n en materia de formaci\u00f3n y capacitaci\u00f3n de profesionales de la actividad\" \/>\n\t<meta name=\"robots\" content=\"max-image-preview:large\" \/>\n\t<meta name=\"author\" content=\"redaccion\"\/>\n\t<link rel=\"canonical\" href=\"https:\/\/partedepesca.com.ar\/d\/el-cesmar-presento-ante-la-anpyn-sus-avances-en-la-formacion-de-profesionales-de-la-pesca\/\" \/>\n\t<meta name=\"generator\" content=\"All in One SEO (AIOSEO) 4.9.10\" \/>\n\t\t<meta property=\"og:locale\" content=\"es_ES\" \/>\n\t\t<meta property=\"og:site_name\" content=\"Parte de pesca - Novedades de la pesca sin filtro\" \/>\n\t\t<meta property=\"og:type\" content=\"article\" \/>\n\t\t<meta property=\"og:title\" content=\"El CESMAr present\u00f3 ante la ANPyN sus avances en la formaci\u00f3n de profesionales de la pesca - Parte de pesca\" \/>\n\t\t<meta property=\"og:description\" content=\"El Director Ejecutivo de la Agencia Nacional de Puertos y Navegaci\u00f3n (ANPyN), Mg. I\u00f1aki Arreseygor, recibi\u00f3 esta semana al presidente del Centro de Estudios Superiores del Mar Argentino (CESMAr), Jorge Fr\u00edas, en un encuentro que tuvo como eje los avances alcanzados por la instituci\u00f3n en materia de formaci\u00f3n y capacitaci\u00f3n de profesionales de la actividad\" \/>\n\t\t<meta property=\"og:url\" content=\"https:\/\/partedepesca.com.ar\/d\/el-cesmar-presento-ante-la-anpyn-sus-avances-en-la-formacion-de-profesionales-de-la-pesca\/\" \/>\n\t\t<meta property=\"og:image\" content=\"https:\/\/partedepesca.com.ar\/d\/wp-content\/uploads\/2026\/09\/inaki-arreseygor-y-jorge-frias.jpg\" \/>\n\t\t<meta property=\"og:image:secure_url\" content=\"https:\/\/partedepesca.com.ar\/d\/wp-content\/uploads\/2026\/09\/inaki-arreseygor-y-jorge-frias.jpg\" \/>\n\t\t<meta property=\"og:image:width\" content=\"1536\" \/>\n\t\t<meta property=\"og:image:height\" content=\"1024\" \/>\n\t\t<meta property=\"article:published_time\" content=\"2026-09-05T00:12:00+00:00\" \/>\n\t\t<meta property=\"article:modified_time\" content=\"2026-09-05T00:59:33+00:00\" \/>\n\t\t<meta name=\"twitter:card\" content=\"summary_large_image\" \/>\n\t\t<meta name=\"twitter:title\" content=\"El CESMAr present\u00f3 ante la ANPyN sus avances en la formaci\u00f3n de profesionales de la pesca - Parte de pesca\" \/>\n\t\t<meta name=\"twitter:description\" content=\"El Director Ejecutivo de la Agencia Nacional de Puertos y Navegaci\u00f3n (ANPyN), Mg. I\u00f1aki Arreseygor, recibi\u00f3 esta semana al presidente del Centro de Estudios Superiores del Mar Argentino (CESMAr), Jorge Fr\u00edas, en un encuentro que tuvo como eje los avances alcanzados por la instituci\u00f3n en materia de formaci\u00f3n y capacitaci\u00f3n de profesionales de la actividad\" \/>\n\t\t<meta name=\"twitter:image\" content=\"https:\/\/partedepesca.com.ar\/d\/wp-content\/uploads\/2026\/09\/inaki-arreseygor-y-jorge-frias.jpg\" \/>\n\t\t<script type=\"application\/ld+json\" class=\"aioseo-schema\">\n\t\t\t{\"@context\":\"https:\\\/\\\/schema.org\",\"@graph\":[{\"@type\":\"BlogPosting\",\"@id\":\"https:\\\/\\\/partedepesca.com.ar\\\/d\\\/el-cesmar-presento-ante-la-anpyn-sus-avances-en-la-formacion-de-profesionales-de-la-pesca\\\/#blogposting\",\"name\":\"El CESMAr present\\u00f3 ante la ANPyN sus avances en la formaci\\u00f3n de profesionales de la pesca - Parte de pesca\",\"headline\":\"El CESMAr present\\u00f3 ante la ANPyN sus avances en la formaci\\u00f3n de profesionales de la pesca\",\"author\":{\"@id\":\"https:\\\/\\\/partedepesca.com.ar\\\/d\\\/author\\\/redaccion\\\/#author\"},\"publisher\":{\"@id\":\"https:\\\/\\\/partedepesca.com.ar\\\/d\\\/#organization\"},\"image\":{\"@type\":\"ImageObject\",\"url\":\"https:\\\/\\\/partedepesca.com.ar\\\/d\\\/wp-content\\\/uploads\\\/2026\\\/09\\\/inaki-arreseygor-y-jorge-frias.jpg\",\"width\":1536,\"height\":1024},\"datePublished\":\"2026-09-05T00:12:00+00:00\",\"dateModified\":\"2026-09-05T00:59:33+00:00\",\"inLanguage\":\"es-AR\",\"mainEntityOfPage\":{\"@id\":\"https:\\\/\\\/partedepesca.com.ar\\\/d\\\/el-cesmar-presento-ante-la-anpyn-sus-avances-en-la-formacion-de-profesionales-de-la-pesca\\\/#webpage\"},\"isPartOf\":{\"@id\":\"https:\\\/\\\/partedepesca.com.ar\\\/d\\\/el-cesmar-presento-ante-la-anpyn-sus-avances-en-la-formacion-de-profesionales-de-la-pesca\\\/#webpage\"},\"articleSection\":\"Actualidad, FEATURED, ANPyN, Asociaci\\u00f3n Argentina de Capitanes, CESMAr., featured, I\\u00f1aki Arreseygor, Jorge Fr\\u00edas\"},{\"@type\":\"BreadcrumbList\",\"@id\":\"https:\\\/\\\/partedepesca.com.ar\\\/d\\\/el-cesmar-presento-ante-la-anpyn-sus-avances-en-la-formacion-de-profesionales-de-la-pesca\\\/#breadcrumblist\",\"itemListElement\":[{\"@type\":\"ListItem\",\"@id\":\"https:\\\/\\\/partedepesca.com.ar\\\/d#listItem\",\"position\":1,\"name\":\"Home\",\"item\":\"https:\\\/\\\/partedepesca.com.ar\\\/d\",\"nextItem\":{\"@type\":\"ListItem\",\"@id\":\"https:\\\/\\\/partedepesca.com.ar\\\/d\\\/temas\\\/actualidad\\\/#listItem\",\"name\":\"Actualidad\"}},{\"@type\":\"ListItem\",\"@id\":\"https:\\\/\\\/partedepesca.com.ar\\\/d\\\/temas\\\/actualidad\\\/#listItem\",\"position\":2,\"name\":\"Actualidad\",\"item\":\"https:\\\/\\\/partedepesca.com.ar\\\/d\\\/temas\\\/actualidad\\\/\",\"nextItem\":{\"@type\":\"ListItem\",\"@id\":\"https:\\\/\\\/partedepesca.com.ar\\\/d\\\/el-cesmar-presento-ante-la-anpyn-sus-avances-en-la-formacion-de-profesionales-de-la-pesca\\\/#listItem\",\"name\":\"El CESMAr present\\u00f3 ante la ANPyN sus avances en la formaci\\u00f3n de profesionales de la pesca\"},\"previousItem\":{\"@type\":\"ListItem\",\"@id\":\"https:\\\/\\\/partedepesca.com.ar\\\/d#listItem\",\"name\":\"Home\"}},{\"@type\":\"ListItem\",\"@id\":\"https:\\\/\\\/partedepesca.com.ar\\\/d\\\/el-cesmar-presento-ante-la-anpyn-sus-avances-en-la-formacion-de-profesionales-de-la-pesca\\\/#listItem\",\"position\":3,\"name\":\"El CESMAr present\\u00f3 ante la ANPyN sus avances en la formaci\\u00f3n de profesionales de la pesca\",\"previousItem\":{\"@type\":\"ListItem\",\"@id\":\"https:\\\/\\\/partedepesca.com.ar\\\/d\\\/temas\\\/actualidad\\\/#listItem\",\"name\":\"Actualidad\"}}]},{\"@type\":\"Organization\",\"@id\":\"https:\\\/\\\/partedepesca.com.ar\\\/d\\\/#organization\",\"name\":\"Parte de pesca\",\"description\":\"Novedades de la pesca sin filtro\",\"url\":\"https:\\\/\\\/partedepesca.com.ar\\\/d\\\/\",\"logo\":{\"@type\":\"ImageObject\",\"url\":\"https:\\\/\\\/partedepesca.com.ar\\\/d\\\/wp-content\\\/uploads\\\/2023\\\/03\\\/logoparte.jpg\",\"@id\":\"https:\\\/\\\/partedepesca.com.ar\\\/d\\\/el-cesmar-presento-ante-la-anpyn-sus-avances-en-la-formacion-de-profesionales-de-la-pesca\\\/#organizationLogo\",\"width\":654,\"height\":402},\"image\":{\"@id\":\"https:\\\/\\\/partedepesca.com.ar\\\/d\\\/el-cesmar-presento-ante-la-anpyn-sus-avances-en-la-formacion-de-profesionales-de-la-pesca\\\/#organizationLogo\"}},{\"@type\":\"Person\",\"@id\":\"https:\\\/\\\/partedepesca.com.ar\\\/d\\\/author\\\/redaccion\\\/#author\",\"url\":\"https:\\\/\\\/partedepesca.com.ar\\\/d\\\/author\\\/redaccion\\\/\",\"name\":\"redaccion\",\"image\":{\"@type\":\"ImageObject\",\"@id\":\"https:\\\/\\\/partedepesca.com.ar\\\/d\\\/el-cesmar-presento-ante-la-anpyn-sus-avances-en-la-formacion-de-profesionales-de-la-pesca\\\/#authorImage\",\"url\":\"https:\\\/\\\/secure.gravatar.com\\\/avatar\\\/573f0a5081c0a61fd6ac39287b5e137712bd2c79944a96eca6e6fe1474d00d0a?s=96&d=mm&r=g\",\"width\":96,\"height\":96,\"caption\":\"redaccion\"}},{\"@type\":\"WebPage\",\"@id\":\"https:\\\/\\\/partedepesca.com.ar\\\/d\\\/el-cesmar-presento-ante-la-anpyn-sus-avances-en-la-formacion-de-profesionales-de-la-pesca\\\/#webpage\",\"url\":\"https:\\\/\\\/partedepesca.com.ar\\\/d\\\/el-cesmar-presento-ante-la-anpyn-sus-avances-en-la-formacion-de-profesionales-de-la-pesca\\\/\",\"name\":\"El CESMAr present\\u00f3 ante la ANPyN sus avances en la formaci\\u00f3n de profesionales de la pesca - Parte de pesca\",\"description\":\"El Director Ejecutivo de la Agencia Nacional de Puertos y Navegaci\\u00f3n (ANPyN), Mg. I\\u00f1aki Arreseygor, recibi\\u00f3 esta semana al presidente del Centro de Estudios Superiores del Mar Argentino (CESMAr), Jorge Fr\\u00edas, en un encuentro que tuvo como eje los avances alcanzados por la instituci\\u00f3n en materia de formaci\\u00f3n y capacitaci\\u00f3n de profesionales de la actividad\",\"inLanguage\":\"es-AR\",\"isPartOf\":{\"@id\":\"https:\\\/\\\/partedepesca.com.ar\\\/d\\\/#website\"},\"breadcrumb\":{\"@id\":\"https:\\\/\\\/partedepesca.com.ar\\\/d\\\/el-cesmar-presento-ante-la-anpyn-sus-avances-en-la-formacion-de-profesionales-de-la-pesca\\\/#breadcrumblist\"},\"author\":{\"@id\":\"https:\\\/\\\/partedepesca.com.ar\\\/d\\\/author\\\/redaccion\\\/#author\"},\"creator\":{\"@id\":\"https:\\\/\\\/partedepesca.com.ar\\\/d\\\/author\\\/redaccion\\\/#author\"},\"image\":{\"@type\":\"ImageObject\",\"url\":\"https:\\\/\\\/partedepesca.com.ar\\\/d\\\/wp-content\\\/uploads\\\/2026\\\/09\\\/inaki-arreseygor-y-jorge-frias.jpg\",\"@id\":\"https:\\\/\\\/partedepesca.com.ar\\\/d\\\/el-cesmar-presento-ante-la-anpyn-sus-avances-en-la-formacion-de-profesionales-de-la-pesca\\\/#mainImage\",\"width\":1536,\"height\":1024},\"primaryImageOfPage\":{\"@id\":\"https:\\\/\\\/partedepesca.com.ar\\\/d\\\/el-cesmar-presento-ante-la-anpyn-sus-avances-en-la-formacion-de-profesionales-de-la-pesca\\\/#mainImage\"},\"datePublished\":\"2026-09-05T00:12:00+00:00\",\"dateModified\":\"2026-09-05T00:59:33+00:00\"},{\"@type\":\"WebSite\",\"@id\":\"https:\\\/\\\/partedepesca.com.ar\\\/d\\\/#website\",\"url\":\"https:\\\/\\\/partedepesca.com.ar\\\/d\\\/\",\"name\":\"Parte de pesca\",\"description\":\"Novedades de la pesca sin filtro\",\"inLanguage\":\"es-AR\",\"publisher\":{\"@id\":\"https:\\\/\\\/partedepesca.com.ar\\\/d\\\/#organization\"}}]}\n\t\t<\/script>\n\t\t<!-- All in One SEO -->\n\n","aioseo_head_json":{"title":"El CESMAr present\u00f3 ante la ANPyN sus avances en la formaci\u00f3n de profesionales de la pesca - Parte de pesca","description":"El Director Ejecutivo de la Agencia Nacional de Puertos y Navegaci\u00f3n (ANPyN), Mg. I\u00f1aki Arreseygor, recibi\u00f3 esta semana al presidente del Centro de Estudios Superiores del Mar Argentino (CESMAr), Jorge Fr\u00edas, en un encuentro que tuvo como eje los avances alcanzados por la instituci\u00f3n en materia de formaci\u00f3n y capacitaci\u00f3n de profesionales de la actividad","canonical_url":"https:\/\/partedepesca.com.ar\/d\/el-cesmar-presento-ante-la-anpyn-sus-avances-en-la-formacion-de-profesionales-de-la-pesca\/","robots":"max-image-preview:large","keywords":"","webmasterTools":{"miscellaneous":""},"schema":{"@context":"https:\/\/schema.org","@graph":[{"@type":"BlogPosting","@id":"https:\/\/partedepesca.com.ar\/d\/el-cesmar-presento-ante-la-anpyn-sus-avances-en-la-formacion-de-profesionales-de-la-pesca\/#blogposting","name":"El CESMAr present\u00f3 ante la ANPyN sus avances en la formaci\u00f3n de profesionales de la pesca - Parte de pesca","headline":"El CESMAr present\u00f3 ante la ANPyN sus avances en la formaci\u00f3n de profesionales de la pesca","author":{"@id":"https:\/\/partedepesca.com.ar\/d\/author\/redaccion\/#author"},"publisher":{"@id":"https:\/\/partedepesca.com.ar\/d\/#organization"},"image":{"@type":"ImageObject","url":"https:\/\/partedepesca.com.ar\/d\/wp-content\/uploads\/2026\/09\/inaki-arreseygor-y-jorge-frias.jpg","width":1536,"height":1024},"datePublished":"2026-09-05T00:12:00+00:00","dateModified":"2026-09-05T00:59:33+00:00","inLanguage":"es-AR","mainEntityOfPage":{"@id":"https:\/\/partedepesca.com.ar\/d\/el-cesmar-presento-ante-la-anpyn-sus-avances-en-la-formacion-de-profesionales-de-la-pesca\/#webpage"},"isPartOf":{"@id":"https:\/\/partedepesca.com.ar\/d\/el-cesmar-presento-ante-la-anpyn-sus-avances-en-la-formacion-de-profesionales-de-la-pesca\/#webpage"},"articleSection":"Actualidad, FEATURED, ANPyN, Asociaci\u00f3n Argentina de Capitanes, CESMAr., featured, I\u00f1aki Arreseygor, Jorge Fr\u00edas"},{"@type":"BreadcrumbList","@id":"https:\/\/partedepesca.com.ar\/d\/el-cesmar-presento-ante-la-anpyn-sus-avances-en-la-formacion-de-profesionales-de-la-pesca\/#breadcrumblist","itemListElement":[{"@type":"ListItem","@id":"https:\/\/partedepesca.com.ar\/d#listItem","position":1,"name":"Home","item":"https:\/\/partedepesca.com.ar\/d","nextItem":{"@type":"ListItem","@id":"https:\/\/partedepesca.com.ar\/d\/temas\/actualidad\/#listItem","name":"Actualidad"}},{"@type":"ListItem","@id":"https:\/\/partedepesca.com.ar\/d\/temas\/actualidad\/#listItem","position":2,"name":"Actualidad","item":"https:\/\/partedepesca.com.ar\/d\/temas\/actualidad\/","nextItem":{"@type":"ListItem","@id":"https:\/\/partedepesca.com.ar\/d\/el-cesmar-presento-ante-la-anpyn-sus-avances-en-la-formacion-de-profesionales-de-la-pesca\/#listItem","name":"El CESMAr present\u00f3 ante la ANPyN sus avances en la formaci\u00f3n de profesionales de la pesca"},"previousItem":{"@type":"ListItem","@id":"https:\/\/partedepesca.com.ar\/d#listItem","name":"Home"}},{"@type":"ListItem","@id":"https:\/\/partedepesca.com.ar\/d\/el-cesmar-presento-ante-la-anpyn-sus-avances-en-la-formacion-de-profesionales-de-la-pesca\/#listItem","position":3,"name":"El CESMAr present\u00f3 ante la ANPyN sus avances en la formaci\u00f3n de profesionales de la pesca","previousItem":{"@type":"ListItem","@id":"https:\/\/partedepesca.com.ar\/d\/temas\/actualidad\/#listItem","name":"Actualidad"}}]},{"@type":"Organization","@id":"https:\/\/partedepesca.com.ar\/d\/#organization","name":"Parte de pesca","description":"Novedades de la pesca sin filtro","url":"https:\/\/partedepesca.com.ar\/d\/","logo":{"@type":"ImageObject","url":"https:\/\/partedepesca.com.ar\/d\/wp-content\/uploads\/2023\/03\/logoparte.jpg","@id":"https:\/\/partedepesca.com.ar\/d\/el-cesmar-presento-ante-la-anpyn-sus-avances-en-la-formacion-de-profesionales-de-la-pesca\/#organizationLogo","width":654,"height":402},"image":{"@id":"https:\/\/partedepesca.com.ar\/d\/el-cesmar-presento-ante-la-anpyn-sus-avances-en-la-formacion-de-profesionales-de-la-pesca\/#organizationLogo"}},{"@type":"Person","@id":"https:\/\/partedepesca.com.ar\/d\/author\/redaccion\/#author","url":"https:\/\/partedepesca.com.ar\/d\/author\/redaccion\/","name":"redaccion","image":{"@type":"ImageObject","@id":"https:\/\/partedepesca.com.ar\/d\/el-cesmar-presento-ante-la-anpyn-sus-avances-en-la-formacion-de-profesionales-de-la-pesca\/#authorImage","url":"https:\/\/secure.gravatar.com\/avatar\/573f0a5081c0a61fd6ac39287b5e137712bd2c79944a96eca6e6fe1474d00d0a?s=96&d=mm&r=g","width":96,"height":96,"caption":"redaccion"}},{"@type":"WebPage","@id":"https:\/\/partedepesca.com.ar\/d\/el-cesmar-presento-ante-la-anpyn-sus-avances-en-la-formacion-de-profesionales-de-la-pesca\/#webpage","url":"https:\/\/partedepesca.com.ar\/d\/el-cesmar-presento-ante-la-anpyn-sus-avances-en-la-formacion-de-profesionales-de-la-pesca\/","name":"El CESMAr present\u00f3 ante la ANPyN sus avances en la formaci\u00f3n de profesionales de la pesca - Parte de pesca","description":"El Director Ejecutivo de la Agencia Nacional de Puertos y Navegaci\u00f3n (ANPyN), Mg. I\u00f1aki Arreseygor, recibi\u00f3 esta semana al presidente del Centro de Estudios Superiores del Mar Argentino (CESMAr), Jorge Fr\u00edas, en un encuentro que tuvo como eje los avances alcanzados por la instituci\u00f3n en materia de formaci\u00f3n y capacitaci\u00f3n de profesionales de la actividad","inLanguage":"es-AR","isPartOf":{"@id":"https:\/\/partedepesca.com.ar\/d\/#website"},"breadcrumb":{"@id":"https:\/\/partedepesca.com.ar\/d\/el-cesmar-presento-ante-la-anpyn-sus-avances-en-la-formacion-de-profesionales-de-la-pesca\/#breadcrumblist"},"author":{"@id":"https:\/\/partedepesca.com.ar\/d\/author\/redaccion\/#author"},"creator":{"@id":"https:\/\/partedepesca.com.ar\/d\/author\/redaccion\/#author"},"image":{"@type":"ImageObject","url":"https:\/\/partedepesca.com.ar\/d\/wp-content\/uploads\/2026\/09\/inaki-arreseygor-y-jorge-frias.jpg","@id":"https:\/\/partedepesca.com.ar\/d\/el-cesmar-presento-ante-la-anpyn-sus-avances-en-la-formacion-de-profesionales-de-la-pesca\/#mainImage","width":1536,"height":1024},"primaryImageOfPage":{"@id":"https:\/\/partedepesca.com.ar\/d\/el-cesmar-presento-ante-la-anpyn-sus-avances-en-la-formacion-de-profesionales-de-la-pesca\/#mainImage"},"datePublished":"2026-09-05T00:12:00+00:00","dateModified":"2026-09-05T00:59:33+00:00"},{"@type":"WebSite","@id":"https:\/\/partedepesca.com.ar\/d\/#website","url":"https:\/\/partedepesca.com.ar\/d\/","name":"Parte de pesca","description":"Novedades de la pesca sin filtro","inLanguage":"es-AR","publisher":{"@id":"https:\/\/partedepesca.com.ar\/d\/#organization"}}]},"og:locale":"es_ES","og:site_name":"Parte de pesca - Novedades de la pesca sin filtro","og:type":"article","og:title":"El CESMAr present\u00f3 ante la ANPyN sus avances en la formaci\u00f3n de profesionales de la pesca - Parte de pesca","og:description":"El Director Ejecutivo de la Agencia Nacional de Puertos y Navegaci\u00f3n (ANPyN), Mg. I\u00f1aki Arreseygor, recibi\u00f3 esta semana al presidente del Centro de Estudios Superiores del Mar Argentino (CESMAr), Jorge Fr\u00edas, en un encuentro que tuvo como eje los avances alcanzados por la instituci\u00f3n en materia de formaci\u00f3n y capacitaci\u00f3n de profesionales de la actividad","og:url":"https:\/\/partedepesca.com.ar\/d\/el-cesmar-presento-ante-la-anpyn-sus-avances-en-la-formacion-de-profesionales-de-la-pesca\/","og:image":"https:\/\/partedepesca.com.ar\/d\/wp-content\/uploads\/2026\/09\/inaki-arreseygor-y-jorge-frias.jpg","og:image:secure_url":"https:\/\/partedepesca.com.ar\/d\/wp-content\/uploads\/2026\/09\/inaki-arreseygor-y-jorge-frias.jpg","og:image:width":1536,"og:image:height":1024,"article:published_time":"2026-09-05T00:12:00+00:00","article:modified_time":"2026-09-05T00:59:33+00:00","twitter:card":"summary_large_image","twitter:title":"El CESMAr present\u00f3 ante la ANPyN sus avances en la formaci\u00f3n de profesionales de la pesca - Parte de pesca","twitter:description":"El Director Ejecutivo de la Agencia Nacional de Puertos y Navegaci\u00f3n (ANPyN), Mg. I\u00f1aki Arreseygor, recibi\u00f3 esta semana al presidente del Centro de Estudios Superiores del Mar Argentino (CESMAr), Jorge Fr\u00edas, en un encuentro que tuvo como eje los avances alcanzados por la instituci\u00f3n en materia de formaci\u00f3n y capacitaci\u00f3n de profesionales de la actividad","twitter:image":"https:\/\/partedepesca.com.ar\/d\/wp-content\/uploads\/2026\/09\/inaki-arreseygor-y-jorge-frias.jpg"},"aioseo_meta_data":{"post_id":"17123","title":null,"description":null,"keywords":null,"keyphrases":{"focus":{"keyphrase":"","score":0,"analysis":{"keyphraseInTitle":{"score":0,"maxScore":9,"error":1}}},"additional":[]},"primary_term":null,"canonical_url":null,"og_title":null,"og_description":null,"og_object_type":"default","og_image_type":"default","og_image_url":null,"og_image_width":null,"og_image_height":null,"og_image_custom_url":null,"og_image_custom_fields":null,"og_video":"","og_custom_url":null,"og_article_section":null,"og_article_tags":null,"twitter_use_og":false,"twitter_card":"default","twitter_image_type":"default","twitter_image_url":null,"twitter_image_custom_url":null,"twitter_image_custom_fields":null,"twitter_title":null,"twitter_description":null,"schema":{"blockGraphs":[],"customGraphs":[],"default":{"data":{"Article":[],"Course":[],"Dataset":[],"FAQPage":[],"Movie":[],"Person":[],"Product":[],"ProductReview":[],"Car":[],"Recipe":[],"Service":[],"SoftwareApplication":[],"WebPage":[]},"graphName":"BlogPosting","isEnabled":true},"graphs":[]},"schema_type":"default","schema_type_options":null,"pillar_content":false,"robots_default":true,"robots_noindex":false,"robots_noarchive":false,"robots_nosnippet":false,"robots_nofollow":false,"robots_noimageindex":false,"robots_noodp":false,"robots_notranslate":false,"robots_max_snippet":"-1","robots_max_videopreview":"-1","robots_max_imagepreview":"large","priority":null,"frequency":"default","local_seo":null,"breadcrumb_settings":null,"limit_modified_date":false,"ai":{"faqs":[],"keyPoints":[],"schemas":[],"titles":[],"descriptions":[],"socialPosts":{"email":{"subject":"","preview":"","content":""},"linkedin":[],"twitter":[],"facebook":[],"instagram":[]}},"created":"2026-09-05 00:58:50","updated":"2026-09-05 00:59:54","seo_analyzer_scan_date":null},"aioseo_breadcrumb":"<div class=\"aioseo-breadcrumbs\"><span class=\"aioseo-breadcrumb\">\n\t\t\t<a href=\"https:\/\/partedepesca.com.ar\/d\" title=\"Home\">Home<\/a>\n\t\t<\/span><span class=\"aioseo-breadcrumb-separator\">&raquo;<\/span><span class=\"aioseo-breadcrumb\">\n\t\t\t<a href=\"https:\/\/partedepesca.com.ar\/d\/temas\/actualidad\/\" title=\"Actualidad\">Actualidad<\/a>\n\t\t<\/span><span class=\"aioseo-breadcrumb-separator\">&raquo;<\/span><span class=\"aioseo-breadcrumb\">\n\t\t\tEl CESMAr present\u00f3 ante la ANPyN sus avances en la formaci\u00f3n de profesionales de la pesca\n\t\t<\/span><\/div>","aioseo_breadcrumb_json":[{"label":"Home","link":"https:\/\/partedepesca.com.ar\/d"},{"label":"Actualidad","link":"https:\/\/partedepesca.com.ar\/d\/temas\/actualidad\/"},{"label":"El CESMAr present\u00f3 ante la ANPyN sus avances en la formaci\u00f3n de profesionales de la pesca","link":"https:\/\/partedepesca.com.ar\/d\/el-cesmar-presento-ante-la-anpyn-sus-avances-en-la-formacion-de-profesionales-de-la-pesca\/"}],"amp_enabled":true,"_links":{"self":[{"href":"https:\/\/partedepesca.com.ar\/d\/wp-json\/wp\/v2\/posts\/17123","targetHints":{"allow":["GET"]}}],"collection":[{"href":"https:\/\/partedepesca.com.ar\/d\/wp-json\/wp\/v2\/posts"}],"about":[{"href":"https:\/\/partedepesca.com.ar\/d\/wp-json\/wp\/v2\/types\/post"}],"author":[{"embeddable":true,"href":"https:\/\/partedepesca.com.ar\/d\/wp-json\/wp\/v2\/users\/4"}],"replies":[{"embeddable":true,"href":"https:\/\/partedepesca.com.ar\/d\/wp-json\/wp\/v2\/comments?post=17123"}],"version-history":[{"count":1,"href":"https:\/\/partedepesca.com.ar\/d\/wp-json\/wp\/v2\/posts\/17123\/revisions"}],"predecessor-version":[{"id":17125,"href":"https:\/\/partedepesca.com.ar\/d\/wp-json\/wp\/v2\/posts\/17123\/revisions\/17125"}],"wp:featuredmedia":[{"embeddable":true,"href":"https:\/\/partedepesca.com.ar\/d\/wp-json\/wp\/v2\/media\/17126"}],"wp:attachment":[{"href":"https:\/\/partedepesca.com.ar\/d\/wp-json\/wp\/v2\/media?parent=17123"}],"wp:term":[{"taxonomy":"category","embeddable":true,"href":"https:\/\/partedepesca.com.ar\/d\/wp-json\/wp\/v2\/categories?post=17123"},{"taxonomy":"post_tag","embeddable":true,"href":"https:\/\/partedepesca.com.ar\/d\/wp-json\/wp\/v2\/tags?post=17123"}],"curies":[{"name":"wp","href":"https:\/\/api.w.org\/{rel}","templated":true}]}}