{"id":17110,"date":"2026-09-03T15:07:08","date_gmt":"2026-09-03T15:07:08","guid":{"rendered":"https:\/\/partedepesca.com.ar\/d\/?p=17110"},"modified":"2026-09-03T15:07:09","modified_gmt":"2026-09-03T15:07:09","slug":"ordenaron-la-captura-de-carlos-diaz-vinculado-a-harinera-de-pescado-de-madryn","status":"publish","type":"post","link":"https:\/\/partedepesca.com.ar\/d\/ordenaron-la-captura-de-carlos-diaz-vinculado-a-harinera-de-pescado-de-madryn\/","title":{"rendered":"Ordenaron la captura de Carlos D\u00edaz vinculado a harinera de pescado de Madryn"},"content":{"rendered":"\n<p class=\"wp-block-paragraph\">El empresario madrynense Carlos D\u00edaz que durante a\u00f1os estuvo ligado a la harinera de pescado fue hoy declarado en \u201crebeld\u00eda\u201d por parte de la jueza Mar\u00eda In\u00e9s Bartels y dispuso la captura del ex diputado provincial que adem\u00e1s es presidente de Uni\u00f3n C\u00edvica Radical (UCR) de Puerto Madryn.<\/p>\n\n\n\n<p class=\"wp-block-paragraph\">En la \u00faltima semana circul\u00f3 la versi\u00f3n que D\u00edaz podr\u00eda sumarse al Gobierno provincial en un organismo en el marco de la alianza que Chubut Avanza tiene con el radicalismo, pero finalmente nunca fue confirmado.<\/p>\n\n\n\n<p class=\"has-vivid-cyan-blue-color has-text-color has-link-color wp-elements-1 wp-block-paragraph\"><strong>A PEDIDO DE MART\u00cdNEZ ZAPATA<\/strong><\/p>\n\n\n\n<p class=\"wp-block-paragraph\">Este pedido de captura se realiz\u00f3 en el marco de una causa judicial por el incumplimiento de las condiciones impuestas al acceder al beneficio de la suspensi\u00f3n del juicio a prueba.<\/p>\n\n\n\n<p class=\"wp-block-paragraph\">La decisi\u00f3n fue adoptada durante una audiencia realizada este jueves, que hab\u00eda sido solicitada por el abogado particular Diego Mart\u00ednez Zapata, a ra\u00edz del incumplimiento de los compromisos asumidos por D\u00edaz. \u201cEl imputado fue debidamente convocado, pero no se present\u00f3 a la audiencia\u201d, consignaron desde el Ministerio P\u00fablico Fiscal.<\/p>\n\n\n\n<p class=\"has-vivid-cyan-blue-color has-text-color has-link-color wp-elements-2 wp-block-paragraph\"><strong>UN CASO VINCULADO A LA HARINERA<\/strong><\/p>\n\n\n\n<p class=\"wp-block-paragraph\">Seg\u00fan fue planteado en la audiencia, D\u00edaz incumpli\u00f3 con el pago de las cuotas de la reparaci\u00f3n. Por ese motivo, la parte acusadora solicit\u00f3 la revocaci\u00f3n del beneficio y la continuidad del proceso judicial.<\/p>\n\n\n\n<p class=\"wp-block-paragraph\">D\u00edaz hab\u00eda accedido a una suspensi\u00f3n del juicio a prueba por el plazo de un a\u00f1o y seis meses, que inclu\u00eda el cumplimiento de obligaciones econ\u00f3micas, en el marco de una causa por &#8220;retenci\u00f3n indebida&#8221; vinculada a la empresa Harinas Patag\u00f3nicas.<\/p>\n","protected":false},"excerpt":{"rendered":"<p>El empresario madrynense Carlos D\u00edaz que durante a\u00f1os estuvo ligado a la harinera de pescado fue hoy declarado en \u201crebeld\u00eda\u201d por parte de la jueza Mar\u00eda In\u00e9s Bartels y dispuso la captura del ex diputado provincial que adem\u00e1s es presidente de Uni\u00f3n C\u00edvica Radical (UCR) de Puerto Madryn. En la \u00faltima semana circul\u00f3 la versi\u00f3n<\/p>\n","protected":false},"author":4,"featured_media":17111,"comment_status":"open","ping_status":"open","sticky":false,"template":"","format":"standard","meta":{"om_disable_all_campaigns":false,"_monsterinsights_skip_tracking":false,"footnotes":""},"categories":[9,10],"tags":[2337,91,511,1104,415],"class_list":["post-17110","post","type-post","status-publish","format-standard","has-post-thumbnail","category-actualidad","category-featured","tag-carlos-diaz","tag-featured","tag-harinas-patagonicas","tag-harinera-de-pescado","tag-puerto-madryn"],"aioseo_notices":[],"aioseo_head":"\n\t\t<!-- All in One SEO 4.9.10 - aioseo.com -->\n\t<meta name=\"description\" content=\"El empresario madrynense Carlos D\u00edaz que durante a\u00f1os estuvo ligado a la harinera de pescado fue hoy declarado en \u201crebeld\u00eda\u201d por parte de la jueza Mar\u00eda In\u00e9s Bartels y dispuso la captura del ex diputado provincial que adem\u00e1s es presidente de Uni\u00f3n C\u00edvica Radical (UCR) de Puerto Madryn. En la \u00faltima semana circul\u00f3 la versi\u00f3n\" \/>\n\t<meta name=\"robots\" content=\"max-image-preview:large\" \/>\n\t<meta name=\"author\" content=\"redaccion\"\/>\n\t<link rel=\"canonical\" href=\"https:\/\/partedepesca.com.ar\/d\/ordenaron-la-captura-de-carlos-diaz-vinculado-a-harinera-de-pescado-de-madryn\/\" \/>\n\t<meta name=\"generator\" content=\"All in One SEO (AIOSEO) 4.9.10\" \/>\n\t\t<meta property=\"og:locale\" content=\"es_ES\" \/>\n\t\t<meta property=\"og:site_name\" content=\"Parte de pesca - Novedades de la pesca sin filtro\" \/>\n\t\t<meta property=\"og:type\" content=\"article\" \/>\n\t\t<meta property=\"og:title\" content=\"Ordenaron la captura de Carlos D\u00edaz vinculado a harinera de pescado de Madryn - Parte de pesca\" \/>\n\t\t<meta property=\"og:description\" content=\"El empresario madrynense Carlos D\u00edaz que durante a\u00f1os estuvo ligado a la harinera de pescado fue hoy declarado en \u201crebeld\u00eda\u201d por parte de la jueza Mar\u00eda In\u00e9s Bartels y dispuso la captura del ex diputado provincial que adem\u00e1s es presidente de Uni\u00f3n C\u00edvica Radical (UCR) de Puerto Madryn. En la \u00faltima semana circul\u00f3 la versi\u00f3n\" \/>\n\t\t<meta property=\"og:url\" content=\"https:\/\/partedepesca.com.ar\/d\/ordenaron-la-captura-de-carlos-diaz-vinculado-a-harinera-de-pescado-de-madryn\/\" \/>\n\t\t<meta property=\"og:image\" content=\"https:\/\/partedepesca.com.ar\/d\/wp-content\/uploads\/2026\/09\/carlos-diaz-harinera-de-pescado.jpg\" \/>\n\t\t<meta property=\"og:image:secure_url\" content=\"https:\/\/partedepesca.com.ar\/d\/wp-content\/uploads\/2026\/09\/carlos-diaz-harinera-de-pescado.jpg\" \/>\n\t\t<meta property=\"og:image:width\" content=\"1331\" \/>\n\t\t<meta property=\"og:image:height\" content=\"749\" \/>\n\t\t<meta property=\"article:published_time\" content=\"2026-09-03T15:07:08+00:00\" \/>\n\t\t<meta property=\"article:modified_time\" content=\"2026-09-03T15:07:09+00:00\" \/>\n\t\t<meta name=\"twitter:card\" content=\"summary_large_image\" \/>\n\t\t<meta name=\"twitter:title\" content=\"Ordenaron la captura de Carlos D\u00edaz vinculado a harinera de pescado de Madryn - Parte de pesca\" \/>\n\t\t<meta name=\"twitter:description\" content=\"El empresario madrynense Carlos D\u00edaz que durante a\u00f1os estuvo ligado a la harinera de pescado fue hoy declarado en \u201crebeld\u00eda\u201d por parte de la jueza Mar\u00eda In\u00e9s Bartels y dispuso la captura del ex diputado provincial que adem\u00e1s es presidente de Uni\u00f3n C\u00edvica Radical (UCR) de Puerto Madryn. En la \u00faltima semana circul\u00f3 la versi\u00f3n\" \/>\n\t\t<meta name=\"twitter:image\" content=\"https:\/\/partedepesca.com.ar\/d\/wp-content\/uploads\/2026\/09\/carlos-diaz-harinera-de-pescado.jpg\" \/>\n\t\t<script type=\"application\/ld+json\" class=\"aioseo-schema\">\n\t\t\t{\"@context\":\"https:\\\/\\\/schema.org\",\"@graph\":[{\"@type\":\"BlogPosting\",\"@id\":\"https:\\\/\\\/partedepesca.com.ar\\\/d\\\/ordenaron-la-captura-de-carlos-diaz-vinculado-a-harinera-de-pescado-de-madryn\\\/#blogposting\",\"name\":\"Ordenaron la captura de Carlos D\\u00edaz vinculado a harinera de pescado de Madryn - Parte de pesca\",\"headline\":\"Ordenaron la captura de Carlos D\\u00edaz vinculado a harinera de pescado de Madryn\",\"author\":{\"@id\":\"https:\\\/\\\/partedepesca.com.ar\\\/d\\\/author\\\/redaccion\\\/#author\"},\"publisher\":{\"@id\":\"https:\\\/\\\/partedepesca.com.ar\\\/d\\\/#organization\"},\"image\":{\"@type\":\"ImageObject\",\"url\":\"https:\\\/\\\/partedepesca.com.ar\\\/d\\\/wp-content\\\/uploads\\\/2026\\\/09\\\/carlos-diaz-harinera-de-pescado.jpg\",\"width\":1331,\"height\":749},\"datePublished\":\"2026-09-03T15:07:08+00:00\",\"dateModified\":\"2026-09-03T15:07:09+00:00\",\"inLanguage\":\"es-AR\",\"mainEntityOfPage\":{\"@id\":\"https:\\\/\\\/partedepesca.com.ar\\\/d\\\/ordenaron-la-captura-de-carlos-diaz-vinculado-a-harinera-de-pescado-de-madryn\\\/#webpage\"},\"isPartOf\":{\"@id\":\"https:\\\/\\\/partedepesca.com.ar\\\/d\\\/ordenaron-la-captura-de-carlos-diaz-vinculado-a-harinera-de-pescado-de-madryn\\\/#webpage\"},\"articleSection\":\"Actualidad, FEATURED, Carlos D\\u00edaz, featured, Harinas Patagonicas, harinera de pescado, Puerto Madryn\"},{\"@type\":\"BreadcrumbList\",\"@id\":\"https:\\\/\\\/partedepesca.com.ar\\\/d\\\/ordenaron-la-captura-de-carlos-diaz-vinculado-a-harinera-de-pescado-de-madryn\\\/#breadcrumblist\",\"itemListElement\":[{\"@type\":\"ListItem\",\"@id\":\"https:\\\/\\\/partedepesca.com.ar\\\/d#listItem\",\"position\":1,\"name\":\"Home\",\"item\":\"https:\\\/\\\/partedepesca.com.ar\\\/d\",\"nextItem\":{\"@type\":\"ListItem\",\"@id\":\"https:\\\/\\\/partedepesca.com.ar\\\/d\\\/temas\\\/actualidad\\\/#listItem\",\"name\":\"Actualidad\"}},{\"@type\":\"ListItem\",\"@id\":\"https:\\\/\\\/partedepesca.com.ar\\\/d\\\/temas\\\/actualidad\\\/#listItem\",\"position\":2,\"name\":\"Actualidad\",\"item\":\"https:\\\/\\\/partedepesca.com.ar\\\/d\\\/temas\\\/actualidad\\\/\",\"nextItem\":{\"@type\":\"ListItem\",\"@id\":\"https:\\\/\\\/partedepesca.com.ar\\\/d\\\/ordenaron-la-captura-de-carlos-diaz-vinculado-a-harinera-de-pescado-de-madryn\\\/#listItem\",\"name\":\"Ordenaron la captura de Carlos D\\u00edaz vinculado a harinera de pescado de Madryn\"},\"previousItem\":{\"@type\":\"ListItem\",\"@id\":\"https:\\\/\\\/partedepesca.com.ar\\\/d#listItem\",\"name\":\"Home\"}},{\"@type\":\"ListItem\",\"@id\":\"https:\\\/\\\/partedepesca.com.ar\\\/d\\\/ordenaron-la-captura-de-carlos-diaz-vinculado-a-harinera-de-pescado-de-madryn\\\/#listItem\",\"position\":3,\"name\":\"Ordenaron la captura de Carlos D\\u00edaz vinculado a harinera de pescado de Madryn\",\"previousItem\":{\"@type\":\"ListItem\",\"@id\":\"https:\\\/\\\/partedepesca.com.ar\\\/d\\\/temas\\\/actualidad\\\/#listItem\",\"name\":\"Actualidad\"}}]},{\"@type\":\"Organization\",\"@id\":\"https:\\\/\\\/partedepesca.com.ar\\\/d\\\/#organization\",\"name\":\"Parte de pesca\",\"description\":\"Novedades de la pesca sin filtro\",\"url\":\"https:\\\/\\\/partedepesca.com.ar\\\/d\\\/\",\"logo\":{\"@type\":\"ImageObject\",\"url\":\"https:\\\/\\\/partedepesca.com.ar\\\/d\\\/wp-content\\\/uploads\\\/2023\\\/03\\\/logoparte.jpg\",\"@id\":\"https:\\\/\\\/partedepesca.com.ar\\\/d\\\/ordenaron-la-captura-de-carlos-diaz-vinculado-a-harinera-de-pescado-de-madryn\\\/#organizationLogo\",\"width\":654,\"height\":402},\"image\":{\"@id\":\"https:\\\/\\\/partedepesca.com.ar\\\/d\\\/ordenaron-la-captura-de-carlos-diaz-vinculado-a-harinera-de-pescado-de-madryn\\\/#organizationLogo\"}},{\"@type\":\"Person\",\"@id\":\"https:\\\/\\\/partedepesca.com.ar\\\/d\\\/author\\\/redaccion\\\/#author\",\"url\":\"https:\\\/\\\/partedepesca.com.ar\\\/d\\\/author\\\/redaccion\\\/\",\"name\":\"redaccion\",\"image\":{\"@type\":\"ImageObject\",\"@id\":\"https:\\\/\\\/partedepesca.com.ar\\\/d\\\/ordenaron-la-captura-de-carlos-diaz-vinculado-a-harinera-de-pescado-de-madryn\\\/#authorImage\",\"url\":\"https:\\\/\\\/secure.gravatar.com\\\/avatar\\\/573f0a5081c0a61fd6ac39287b5e137712bd2c79944a96eca6e6fe1474d00d0a?s=96&d=mm&r=g\",\"width\":96,\"height\":96,\"caption\":\"redaccion\"}},{\"@type\":\"WebPage\",\"@id\":\"https:\\\/\\\/partedepesca.com.ar\\\/d\\\/ordenaron-la-captura-de-carlos-diaz-vinculado-a-harinera-de-pescado-de-madryn\\\/#webpage\",\"url\":\"https:\\\/\\\/partedepesca.com.ar\\\/d\\\/ordenaron-la-captura-de-carlos-diaz-vinculado-a-harinera-de-pescado-de-madryn\\\/\",\"name\":\"Ordenaron la captura de Carlos D\\u00edaz vinculado a harinera de pescado de Madryn - Parte de pesca\",\"description\":\"El empresario madrynense Carlos D\\u00edaz que durante a\\u00f1os estuvo ligado a la harinera de pescado fue hoy declarado en \\u201crebeld\\u00eda\\u201d por parte de la jueza Mar\\u00eda In\\u00e9s Bartels y dispuso la captura del ex diputado provincial que adem\\u00e1s es presidente de Uni\\u00f3n C\\u00edvica Radical (UCR) de Puerto Madryn. En la \\u00faltima semana circul\\u00f3 la versi\\u00f3n\",\"inLanguage\":\"es-AR\",\"isPartOf\":{\"@id\":\"https:\\\/\\\/partedepesca.com.ar\\\/d\\\/#website\"},\"breadcrumb\":{\"@id\":\"https:\\\/\\\/partedepesca.com.ar\\\/d\\\/ordenaron-la-captura-de-carlos-diaz-vinculado-a-harinera-de-pescado-de-madryn\\\/#breadcrumblist\"},\"author\":{\"@id\":\"https:\\\/\\\/partedepesca.com.ar\\\/d\\\/author\\\/redaccion\\\/#author\"},\"creator\":{\"@id\":\"https:\\\/\\\/partedepesca.com.ar\\\/d\\\/author\\\/redaccion\\\/#author\"},\"image\":{\"@type\":\"ImageObject\",\"url\":\"https:\\\/\\\/partedepesca.com.ar\\\/d\\\/wp-content\\\/uploads\\\/2026\\\/09\\\/carlos-diaz-harinera-de-pescado.jpg\",\"@id\":\"https:\\\/\\\/partedepesca.com.ar\\\/d\\\/ordenaron-la-captura-de-carlos-diaz-vinculado-a-harinera-de-pescado-de-madryn\\\/#mainImage\",\"width\":1331,\"height\":749},\"primaryImageOfPage\":{\"@id\":\"https:\\\/\\\/partedepesca.com.ar\\\/d\\\/ordenaron-la-captura-de-carlos-diaz-vinculado-a-harinera-de-pescado-de-madryn\\\/#mainImage\"},\"datePublished\":\"2026-09-03T15:07:08+00:00\",\"dateModified\":\"2026-09-03T15:07:09+00:00\"},{\"@type\":\"WebSite\",\"@id\":\"https:\\\/\\\/partedepesca.com.ar\\\/d\\\/#website\",\"url\":\"https:\\\/\\\/partedepesca.com.ar\\\/d\\\/\",\"name\":\"Parte de pesca\",\"description\":\"Novedades de la pesca sin filtro\",\"inLanguage\":\"es-AR\",\"publisher\":{\"@id\":\"https:\\\/\\\/partedepesca.com.ar\\\/d\\\/#organization\"}}]}\n\t\t<\/script>\n\t\t<!-- All in One SEO -->\n\n","aioseo_head_json":{"title":"Ordenaron la captura de Carlos D\u00edaz vinculado a harinera de pescado de Madryn - Parte de pesca","description":"El empresario madrynense Carlos D\u00edaz que durante a\u00f1os estuvo ligado a la harinera de pescado fue hoy declarado en \u201crebeld\u00eda\u201d por parte de la jueza Mar\u00eda In\u00e9s Bartels y dispuso la captura del ex diputado provincial que adem\u00e1s es presidente de Uni\u00f3n C\u00edvica Radical (UCR) de Puerto Madryn. En la \u00faltima semana circul\u00f3 la versi\u00f3n","canonical_url":"https:\/\/partedepesca.com.ar\/d\/ordenaron-la-captura-de-carlos-diaz-vinculado-a-harinera-de-pescado-de-madryn\/","robots":"max-image-preview:large","keywords":"","webmasterTools":{"miscellaneous":""},"schema":{"@context":"https:\/\/schema.org","@graph":[{"@type":"BlogPosting","@id":"https:\/\/partedepesca.com.ar\/d\/ordenaron-la-captura-de-carlos-diaz-vinculado-a-harinera-de-pescado-de-madryn\/#blogposting","name":"Ordenaron la captura de Carlos D\u00edaz vinculado a harinera de pescado de Madryn - Parte de pesca","headline":"Ordenaron la captura de Carlos D\u00edaz vinculado a harinera de pescado de Madryn","author":{"@id":"https:\/\/partedepesca.com.ar\/d\/author\/redaccion\/#author"},"publisher":{"@id":"https:\/\/partedepesca.com.ar\/d\/#organization"},"image":{"@type":"ImageObject","url":"https:\/\/partedepesca.com.ar\/d\/wp-content\/uploads\/2026\/09\/carlos-diaz-harinera-de-pescado.jpg","width":1331,"height":749},"datePublished":"2026-09-03T15:07:08+00:00","dateModified":"2026-09-03T15:07:09+00:00","inLanguage":"es-AR","mainEntityOfPage":{"@id":"https:\/\/partedepesca.com.ar\/d\/ordenaron-la-captura-de-carlos-diaz-vinculado-a-harinera-de-pescado-de-madryn\/#webpage"},"isPartOf":{"@id":"https:\/\/partedepesca.com.ar\/d\/ordenaron-la-captura-de-carlos-diaz-vinculado-a-harinera-de-pescado-de-madryn\/#webpage"},"articleSection":"Actualidad, FEATURED, Carlos D\u00edaz, featured, Harinas Patagonicas, harinera de pescado, Puerto Madryn"},{"@type":"BreadcrumbList","@id":"https:\/\/partedepesca.com.ar\/d\/ordenaron-la-captura-de-carlos-diaz-vinculado-a-harinera-de-pescado-de-madryn\/#breadcrumblist","itemListElement":[{"@type":"ListItem","@id":"https:\/\/partedepesca.com.ar\/d#listItem","position":1,"name":"Home","item":"https:\/\/partedepesca.com.ar\/d","nextItem":{"@type":"ListItem","@id":"https:\/\/partedepesca.com.ar\/d\/temas\/actualidad\/#listItem","name":"Actualidad"}},{"@type":"ListItem","@id":"https:\/\/partedepesca.com.ar\/d\/temas\/actualidad\/#listItem","position":2,"name":"Actualidad","item":"https:\/\/partedepesca.com.ar\/d\/temas\/actualidad\/","nextItem":{"@type":"ListItem","@id":"https:\/\/partedepesca.com.ar\/d\/ordenaron-la-captura-de-carlos-diaz-vinculado-a-harinera-de-pescado-de-madryn\/#listItem","name":"Ordenaron la captura de Carlos D\u00edaz vinculado a harinera de pescado de Madryn"},"previousItem":{"@type":"ListItem","@id":"https:\/\/partedepesca.com.ar\/d#listItem","name":"Home"}},{"@type":"ListItem","@id":"https:\/\/partedepesca.com.ar\/d\/ordenaron-la-captura-de-carlos-diaz-vinculado-a-harinera-de-pescado-de-madryn\/#listItem","position":3,"name":"Ordenaron la captura de Carlos D\u00edaz vinculado a harinera de pescado de Madryn","previousItem":{"@type":"ListItem","@id":"https:\/\/partedepesca.com.ar\/d\/temas\/actualidad\/#listItem","name":"Actualidad"}}]},{"@type":"Organization","@id":"https:\/\/partedepesca.com.ar\/d\/#organization","name":"Parte de pesca","description":"Novedades de la pesca sin filtro","url":"https:\/\/partedepesca.com.ar\/d\/","logo":{"@type":"ImageObject","url":"https:\/\/partedepesca.com.ar\/d\/wp-content\/uploads\/2023\/03\/logoparte.jpg","@id":"https:\/\/partedepesca.com.ar\/d\/ordenaron-la-captura-de-carlos-diaz-vinculado-a-harinera-de-pescado-de-madryn\/#organizationLogo","width":654,"height":402},"image":{"@id":"https:\/\/partedepesca.com.ar\/d\/ordenaron-la-captura-de-carlos-diaz-vinculado-a-harinera-de-pescado-de-madryn\/#organizationLogo"}},{"@type":"Person","@id":"https:\/\/partedepesca.com.ar\/d\/author\/redaccion\/#author","url":"https:\/\/partedepesca.com.ar\/d\/author\/redaccion\/","name":"redaccion","image":{"@type":"ImageObject","@id":"https:\/\/partedepesca.com.ar\/d\/ordenaron-la-captura-de-carlos-diaz-vinculado-a-harinera-de-pescado-de-madryn\/#authorImage","url":"https:\/\/secure.gravatar.com\/avatar\/573f0a5081c0a61fd6ac39287b5e137712bd2c79944a96eca6e6fe1474d00d0a?s=96&d=mm&r=g","width":96,"height":96,"caption":"redaccion"}},{"@type":"WebPage","@id":"https:\/\/partedepesca.com.ar\/d\/ordenaron-la-captura-de-carlos-diaz-vinculado-a-harinera-de-pescado-de-madryn\/#webpage","url":"https:\/\/partedepesca.com.ar\/d\/ordenaron-la-captura-de-carlos-diaz-vinculado-a-harinera-de-pescado-de-madryn\/","name":"Ordenaron la captura de Carlos D\u00edaz vinculado a harinera de pescado de Madryn - Parte de pesca","description":"El empresario madrynense Carlos D\u00edaz que durante a\u00f1os estuvo ligado a la harinera de pescado fue hoy declarado en \u201crebeld\u00eda\u201d por parte de la jueza Mar\u00eda In\u00e9s Bartels y dispuso la captura del ex diputado provincial que adem\u00e1s es presidente de Uni\u00f3n C\u00edvica Radical (UCR) de Puerto Madryn. En la \u00faltima semana circul\u00f3 la versi\u00f3n","inLanguage":"es-AR","isPartOf":{"@id":"https:\/\/partedepesca.com.ar\/d\/#website"},"breadcrumb":{"@id":"https:\/\/partedepesca.com.ar\/d\/ordenaron-la-captura-de-carlos-diaz-vinculado-a-harinera-de-pescado-de-madryn\/#breadcrumblist"},"author":{"@id":"https:\/\/partedepesca.com.ar\/d\/author\/redaccion\/#author"},"creator":{"@id":"https:\/\/partedepesca.com.ar\/d\/author\/redaccion\/#author"},"image":{"@type":"ImageObject","url":"https:\/\/partedepesca.com.ar\/d\/wp-content\/uploads\/2026\/09\/carlos-diaz-harinera-de-pescado.jpg","@id":"https:\/\/partedepesca.com.ar\/d\/ordenaron-la-captura-de-carlos-diaz-vinculado-a-harinera-de-pescado-de-madryn\/#mainImage","width":1331,"height":749},"primaryImageOfPage":{"@id":"https:\/\/partedepesca.com.ar\/d\/ordenaron-la-captura-de-carlos-diaz-vinculado-a-harinera-de-pescado-de-madryn\/#mainImage"},"datePublished":"2026-09-03T15:07:08+00:00","dateModified":"2026-09-03T15:07:09+00:00"},{"@type":"WebSite","@id":"https:\/\/partedepesca.com.ar\/d\/#website","url":"https:\/\/partedepesca.com.ar\/d\/","name":"Parte de pesca","description":"Novedades de la pesca sin filtro","inLanguage":"es-AR","publisher":{"@id":"https:\/\/partedepesca.com.ar\/d\/#organization"}}]},"og:locale":"es_ES","og:site_name":"Parte de pesca - Novedades de la pesca sin filtro","og:type":"article","og:title":"Ordenaron la captura de Carlos D\u00edaz vinculado a harinera de pescado de Madryn - Parte de pesca","og:description":"El empresario madrynense Carlos D\u00edaz que durante a\u00f1os estuvo ligado a la harinera de pescado fue hoy declarado en \u201crebeld\u00eda\u201d por parte de la jueza Mar\u00eda In\u00e9s Bartels y dispuso la captura del ex diputado provincial que adem\u00e1s es presidente de Uni\u00f3n C\u00edvica Radical (UCR) de Puerto Madryn. En la \u00faltima semana circul\u00f3 la versi\u00f3n","og:url":"https:\/\/partedepesca.com.ar\/d\/ordenaron-la-captura-de-carlos-diaz-vinculado-a-harinera-de-pescado-de-madryn\/","og:image":"https:\/\/partedepesca.com.ar\/d\/wp-content\/uploads\/2026\/09\/carlos-diaz-harinera-de-pescado.jpg","og:image:secure_url":"https:\/\/partedepesca.com.ar\/d\/wp-content\/uploads\/2026\/09\/carlos-diaz-harinera-de-pescado.jpg","og:image:width":1331,"og:image:height":749,"article:published_time":"2026-09-03T15:07:08+00:00","article:modified_time":"2026-09-03T15:07:09+00:00","twitter:card":"summary_large_image","twitter:title":"Ordenaron la captura de Carlos D\u00edaz vinculado a harinera de pescado de Madryn - Parte de pesca","twitter:description":"El empresario madrynense Carlos D\u00edaz que durante a\u00f1os estuvo ligado a la harinera de pescado fue hoy declarado en \u201crebeld\u00eda\u201d por parte de la jueza Mar\u00eda In\u00e9s Bartels y dispuso la captura del ex diputado provincial que adem\u00e1s es presidente de Uni\u00f3n C\u00edvica Radical (UCR) de Puerto Madryn. En la \u00faltima semana circul\u00f3 la versi\u00f3n","twitter:image":"https:\/\/partedepesca.com.ar\/d\/wp-content\/uploads\/2026\/09\/carlos-diaz-harinera-de-pescado.jpg"},"aioseo_meta_data":{"post_id":"17110","title":null,"description":null,"keywords":null,"keyphrases":{"focus":{"keyphrase":"","score":0,"analysis":{"keyphraseInTitle":{"score":0,"maxScore":9,"error":1}}},"additional":[]},"primary_term":null,"canonical_url":null,"og_title":null,"og_description":null,"og_object_type":"default","og_image_type":"default","og_image_url":null,"og_image_width":null,"og_image_height":null,"og_image_custom_url":null,"og_image_custom_fields":null,"og_video":"","og_custom_url":null,"og_article_section":null,"og_article_tags":null,"twitter_use_og":false,"twitter_card":"default","twitter_image_type":"default","twitter_image_url":null,"twitter_image_custom_url":null,"twitter_image_custom_fields":null,"twitter_title":null,"twitter_description":null,"schema":{"blockGraphs":[],"customGraphs":[],"default":{"data":{"Article":[],"Course":[],"Dataset":[],"FAQPage":[],"Movie":[],"Person":[],"Product":[],"ProductReview":[],"Car":[],"Recipe":[],"Service":[],"SoftwareApplication":[],"WebPage":[]},"graphName":"BlogPosting","isEnabled":true},"graphs":[]},"schema_type":"default","schema_type_options":null,"pillar_content":false,"robots_default":true,"robots_noindex":false,"robots_noarchive":false,"robots_nosnippet":false,"robots_nofollow":false,"robots_noimageindex":false,"robots_noodp":false,"robots_notranslate":false,"robots_max_snippet":"-1","robots_max_videopreview":"-1","robots_max_imagepreview":"large","priority":null,"frequency":"default","local_seo":null,"breadcrumb_settings":null,"limit_modified_date":false,"ai":{"faqs":[],"keyPoints":[],"schemas":[],"titles":[],"descriptions":[],"socialPosts":{"email":{"subject":"","preview":"","content":""},"linkedin":[],"twitter":[],"facebook":[],"instagram":[]}},"created":"2026-09-03 15:07:09","updated":"2026-09-03 15:08:34","seo_analyzer_scan_date":null},"aioseo_breadcrumb":"<div class=\"aioseo-breadcrumbs\"><span class=\"aioseo-breadcrumb\">\n\t\t\t<a href=\"https:\/\/partedepesca.com.ar\/d\" title=\"Home\">Home<\/a>\n\t\t<\/span><span class=\"aioseo-breadcrumb-separator\">&raquo;<\/span><span class=\"aioseo-breadcrumb\">\n\t\t\t<a href=\"https:\/\/partedepesca.com.ar\/d\/temas\/actualidad\/\" title=\"Actualidad\">Actualidad<\/a>\n\t\t<\/span><span class=\"aioseo-breadcrumb-separator\">&raquo;<\/span><span class=\"aioseo-breadcrumb\">\n\t\t\tOrdenaron la captura de Carlos D\u00edaz vinculado a harinera de pescado de Madryn\n\t\t<\/span><\/div>","aioseo_breadcrumb_json":[{"label":"Home","link":"https:\/\/partedepesca.com.ar\/d"},{"label":"Actualidad","link":"https:\/\/partedepesca.com.ar\/d\/temas\/actualidad\/"},{"label":"Ordenaron la captura de Carlos D\u00edaz vinculado a harinera de pescado de Madryn","link":"https:\/\/partedepesca.com.ar\/d\/ordenaron-la-captura-de-carlos-diaz-vinculado-a-harinera-de-pescado-de-madryn\/"}],"amp_enabled":true,"_links":{"self":[{"href":"https:\/\/partedepesca.com.ar\/d\/wp-json\/wp\/v2\/posts\/17110","targetHints":{"allow":["GET"]}}],"collection":[{"href":"https:\/\/partedepesca.com.ar\/d\/wp-json\/wp\/v2\/posts"}],"about":[{"href":"https:\/\/partedepesca.com.ar\/d\/wp-json\/wp\/v2\/types\/post"}],"author":[{"embeddable":true,"href":"https:\/\/partedepesca.com.ar\/d\/wp-json\/wp\/v2\/users\/4"}],"replies":[{"embeddable":true,"href":"https:\/\/partedepesca.com.ar\/d\/wp-json\/wp\/v2\/comments?post=17110"}],"version-history":[{"count":1,"href":"https:\/\/partedepesca.com.ar\/d\/wp-json\/wp\/v2\/posts\/17110\/revisions"}],"predecessor-version":[{"id":17112,"href":"https:\/\/partedepesca.com.ar\/d\/wp-json\/wp\/v2\/posts\/17110\/revisions\/17112"}],"wp:featuredmedia":[{"embeddable":true,"href":"https:\/\/partedepesca.com.ar\/d\/wp-json\/wp\/v2\/media\/17111"}],"wp:attachment":[{"href":"https:\/\/partedepesca.com.ar\/d\/wp-json\/wp\/v2\/media?parent=17110"}],"wp:term":[{"taxonomy":"category","embeddable":true,"href":"https:\/\/partedepesca.com.ar\/d\/wp-json\/wp\/v2\/categories?post=17110"},{"taxonomy":"post_tag","embeddable":true,"href":"https:\/\/partedepesca.com.ar\/d\/wp-json\/wp\/v2\/tags?post=17110"}],"curies":[{"name":"wp","href":"https:\/\/api.w.org\/{rel}","templated":true}]}}