{"id":17100,"date":"2026-09-03T14:36:32","date_gmt":"2026-09-03T14:36:32","guid":{"rendered":"https:\/\/partedepesca.com.ar\/d\/?p=17100"},"modified":"2026-09-03T14:56:33","modified_gmt":"2026-09-03T14:56:33","slug":"el-desarrollo-maritimo-productivo-estara-en-la-agenda-de-las-jornadas-de-economia-azul","status":"publish","type":"post","link":"https:\/\/partedepesca.com.ar\/d\/el-desarrollo-maritimo-productivo-estara-en-la-agenda-de-las-jornadas-de-economia-azul\/","title":{"rendered":"El desarrollo mar\u00edtimo-productivo estar\u00e1 en la agenda de las Jornadas de Econom\u00eda Azul"},"content":{"rendered":"\n<p class=\"wp-block-paragraph\">Puerto Madryn ser\u00e1 sede, del 9 al 11 de septiembre, de las Jornadas de Econom\u00eda Azul 2026, un encuentro que reunir\u00e1 a representantes del sector productivo, cient\u00edfico, acad\u00e9mico y p\u00fablico para analizar nuevas oportunidades de desarrollo vinculadas al mar. Bajo el lema \u201cEconom\u00eda Azul 5.0, centrada en el talento humano\u201d, la propuesta buscar\u00e1 ampliar la mirada sobre las actividades mar\u00edtimas y fortalecer la articulaci\u00f3n entre empresas, instituciones y organismos.<\/p>\n\n\n\n<p class=\"wp-block-paragraph\">Las jornadas se desarrollar\u00e1n durante tres d\u00edas y contar\u00e1n con especialistas y referentes nacionales e internacionales. La apertura formal est\u00e1 prevista para el mi\u00e9rcoles 9 a las 9:30 hs., con la participaci\u00f3n de autoridades provinciales y municipales.<\/p>\n\n\n\n<p class=\"wp-block-paragraph\">El programa incluir\u00e1 paneles y exposiciones sobre energ\u00eda offshore, infraestructura y log\u00edstica mar\u00edtima, tecnolog\u00eda submarina, batimetr\u00eda, monitoreo, micropl\u00e1sticos, industria naval, puertos, financiamiento, gobernanza y soberan\u00eda de datos, adem\u00e1s de espacios destinados a la formaci\u00f3n profesional.<\/p>\n\n\n\n<p class=\"wp-block-paragraph\">La organizaci\u00f3n plantea una agenda que busca superar la asociaci\u00f3n tradicional de la Econom\u00eda Azul con la pesca. Si bien esta actividad mantiene un papel central en la econom\u00eda de Puerto Madryn y la regi\u00f3n, el encuentro pondr\u00e1 el foco tambi\u00e9n en sectores tecnol\u00f3gicos, cient\u00edficos, energ\u00e9ticos e industriales que pueden generar nuevas oportunidades productivas.<\/p>\n\n\n\n<p class=\"has-vivid-cyan-blue-color has-text-color has-link-color wp-elements-1 wp-block-paragraph\"><strong>ACAD\u00c9MICO, EMPRESARIAL Y CIENT\u00cdFICO<\/strong><\/p>\n\n\n\n<p class=\"wp-block-paragraph\">Entre los participantes previstos se encuentran Canciller\u00eda Argentina, Banco Mundial, CAF, FAO, Prefectura Naval Argentina, INVAP, Fundaci\u00f3n YPF, ALUAR y CESMAr, junto con representantes del \u00e1mbito acad\u00e9mico, empresarial y cient\u00edfico.<\/p>\n\n\n\n<p class=\"wp-block-paragraph\">Canciller\u00eda tendr\u00e1 participaci\u00f3n en varios paneles, incluido uno dedicado al Acuerdo Mercosur-Uni\u00f3n Europea, mientras que el financiamiento para proyectos vinculados a la Econom\u00eda Azul ser\u00e1 uno de los ejes de las actividades de cierre, con la participaci\u00f3n del Banco Mundial y CAF. Tambi\u00e9n habr\u00e1 un panel internacional sobre datos y soberan\u00eda, que reunir\u00e1 a representantes de instituciones educativas, fundaciones y organizaciones especializadas.<\/p>\n\n\n\n<p class=\"has-vivid-cyan-blue-color has-text-color has-link-color wp-elements-2 wp-block-paragraph\"><strong>NETWORKING Y ESPACIO PARA PYMES<\/strong><\/p>\n\n\n\n<p class=\"wp-block-paragraph\">Adem\u00e1s de las exposiciones, las jornadas incorporar\u00e1n instancias de networking y vinculaci\u00f3n, destinadas a facilitar el contacto entre empresas, profesionales, investigadores e instituciones.<\/p>\n\n\n\n<p class=\"wp-block-paragraph\">En esta edici\u00f3n tambi\u00e9n se sumar\u00e1 un espacio espec\u00edfico para PyMEs vinculadas a la Econom\u00eda Azul, con el objetivo de visibilizar emprendimientos y generar oportunidades de articulaci\u00f3n, negocios e inversi\u00f3n.<\/p>\n\n\n\n<p class=\"has-vivid-cyan-blue-color has-text-color has-link-color wp-elements-3 wp-block-paragraph\"><strong>AMPLIAR LA OFERTA FORMATIVA<\/strong><\/p>\n\n\n\n<p class=\"wp-block-paragraph\">La capacitaci\u00f3n ser\u00e1 otro de los ejes centrales del encuentro. La organizaci\u00f3n considera que el desarrollo de nuevas actividades mar\u00edtimas requerir\u00e1 profesionales y trabajadores con conocimientos espec\u00edficos, por lo que se abordar\u00e1 la necesidad de ampliar la oferta formativa.<\/p>\n\n\n\n<p class=\"wp-block-paragraph\">En ese marco, CIMA Patagonia y la UTN Facultad Regional Chubut trabajan adem\u00e1s en un proyecto de centro de entrenamiento, orientado a generar capacidades vinculadas con los nuevos perfiles profesionales que demanda la Econom\u00eda Azul.<\/p>\n\n\n\n<p class=\"wp-block-paragraph\">La iniciativa apunta a consolidar el v\u00ednculo entre el sector productivo y el sistema acad\u00e9mico y avanzar en una oferta de formaci\u00f3n acorde con las oportunidades que puedan surgir en torno al desarrollo mar\u00edtimo-productivo.<\/p>\n\n\n\n<p class=\"has-vivid-cyan-blue-color has-text-color has-link-color wp-elements-4 wp-block-paragraph\"><strong>INSCRIPCIONES ABIERTAS<\/strong><\/p>\n\n\n\n<p class=\"wp-block-paragraph\">Las Jornadas de Econom\u00eda Azul fueron declaradas de inter\u00e9s provincial y municipal. Las inscripciones contin\u00faan abiertas y el programa completo pueden consultarse en el sitio oficial GEA Patagonia: jeapatagonia.org.<\/p>\n\n\n\n<p class=\"wp-block-paragraph\">Con esta nueva edici\u00f3n, Puerto Madryn se propone consolidar un espacio de debate y vinculaci\u00f3n en torno al futuro de las actividades relacionadas con el oc\u00e9ano, incorporando a la agenda sectores como la tecnolog\u00eda, la energ\u00eda, la industria, la investigaci\u00f3n y la formaci\u00f3n de talento.<\/p>\n\n\n\n<p class=\"wp-block-paragraph\"><\/p>\n","protected":false},"excerpt":{"rendered":"<p>Puerto Madryn ser\u00e1 sede, del 9 al 11 de septiembre, de las Jornadas de Econom\u00eda Azul 2026, un encuentro que reunir\u00e1 a representantes del sector productivo, cient\u00edfico, acad\u00e9mico y p\u00fablico para analizar nuevas oportunidades de desarrollo vinculadas al mar. Bajo el lema \u201cEconom\u00eda Azul 5.0, centrada en el talento humano\u201d, la propuesta buscar\u00e1 ampliar la<\/p>\n","protected":false},"author":4,"featured_media":17109,"comment_status":"open","ping_status":"open","sticky":false,"template":"","format":"standard","meta":{"om_disable_all_campaigns":false,"_monsterinsights_skip_tracking":false,"footnotes":""},"categories":[9,10],"tags":[662,91,1440,415],"class_list":["post-17100","post","type-post","status-publish","format-standard","has-post-thumbnail","category-actualidad","category-featured","tag-cima-patagonia","tag-featured","tag-jornadas-de-economia-azul","tag-puerto-madryn"],"aioseo_notices":[],"aioseo_head":"\n\t\t<!-- All in One SEO 4.9.10 - aioseo.com -->\n\t<meta name=\"description\" content=\"Puerto Madryn ser\u00e1 sede, del 9 al 11 de septiembre, de las Jornadas de Econom\u00eda Azul 2026, un encuentro que reunir\u00e1 a representantes del sector productivo, cient\u00edfico, acad\u00e9mico y p\u00fablico para analizar nuevas oportunidades de desarrollo vinculadas al mar. Bajo el lema \u201cEconom\u00eda Azul 5.0, centrada en el talento humano\u201d, la propuesta buscar\u00e1 ampliar la\" \/>\n\t<meta name=\"robots\" content=\"max-image-preview:large\" \/>\n\t<meta name=\"author\" content=\"redaccion\"\/>\n\t<link rel=\"canonical\" href=\"https:\/\/partedepesca.com.ar\/d\/el-desarrollo-maritimo-productivo-estara-en-la-agenda-de-las-jornadas-de-economia-azul\/\" \/>\n\t<meta name=\"generator\" content=\"All in One SEO (AIOSEO) 4.9.10\" \/>\n\t\t<meta property=\"og:locale\" content=\"es_ES\" \/>\n\t\t<meta property=\"og:site_name\" content=\"Parte de pesca - Novedades de la pesca sin filtro\" \/>\n\t\t<meta property=\"og:type\" content=\"article\" \/>\n\t\t<meta property=\"og:title\" content=\"El desarrollo mar\u00edtimo-productivo estar\u00e1 en la agenda de las Jornadas de Econom\u00eda Azul - Parte de pesca\" \/>\n\t\t<meta property=\"og:description\" content=\"Puerto Madryn ser\u00e1 sede, del 9 al 11 de septiembre, de las Jornadas de Econom\u00eda Azul 2026, un encuentro que reunir\u00e1 a representantes del sector productivo, cient\u00edfico, acad\u00e9mico y p\u00fablico para analizar nuevas oportunidades de desarrollo vinculadas al mar. Bajo el lema \u201cEconom\u00eda Azul 5.0, centrada en el talento humano\u201d, la propuesta buscar\u00e1 ampliar la\" \/>\n\t\t<meta property=\"og:url\" content=\"https:\/\/partedepesca.com.ar\/d\/el-desarrollo-maritimo-productivo-estara-en-la-agenda-de-las-jornadas-de-economia-azul\/\" \/>\n\t\t<meta property=\"og:image\" content=\"https:\/\/partedepesca.com.ar\/d\/wp-content\/uploads\/2026\/09\/EconomiaAzul-2024.jpeg\" \/>\n\t\t<meta property=\"og:image:secure_url\" content=\"https:\/\/partedepesca.com.ar\/d\/wp-content\/uploads\/2026\/09\/EconomiaAzul-2024.jpeg\" \/>\n\t\t<meta property=\"og:image:width\" content=\"2560\" \/>\n\t\t<meta property=\"og:image:height\" content=\"1706\" \/>\n\t\t<meta property=\"article:published_time\" content=\"2026-09-03T14:36:32+00:00\" \/>\n\t\t<meta property=\"article:modified_time\" content=\"2026-09-03T14:56:33+00:00\" \/>\n\t\t<meta name=\"twitter:card\" content=\"summary_large_image\" \/>\n\t\t<meta name=\"twitter:title\" content=\"El desarrollo mar\u00edtimo-productivo estar\u00e1 en la agenda de las Jornadas de Econom\u00eda Azul - Parte de pesca\" \/>\n\t\t<meta name=\"twitter:description\" content=\"Puerto Madryn ser\u00e1 sede, del 9 al 11 de septiembre, de las Jornadas de Econom\u00eda Azul 2026, un encuentro que reunir\u00e1 a representantes del sector productivo, cient\u00edfico, acad\u00e9mico y p\u00fablico para analizar nuevas oportunidades de desarrollo vinculadas al mar. Bajo el lema \u201cEconom\u00eda Azul 5.0, centrada en el talento humano\u201d, la propuesta buscar\u00e1 ampliar la\" \/>\n\t\t<meta name=\"twitter:image\" content=\"https:\/\/partedepesca.com.ar\/d\/wp-content\/uploads\/2026\/09\/EconomiaAzul-2024.jpeg\" \/>\n\t\t<script type=\"application\/ld+json\" class=\"aioseo-schema\">\n\t\t\t{\"@context\":\"https:\\\/\\\/schema.org\",\"@graph\":[{\"@type\":\"BlogPosting\",\"@id\":\"https:\\\/\\\/partedepesca.com.ar\\\/d\\\/el-desarrollo-maritimo-productivo-estara-en-la-agenda-de-las-jornadas-de-economia-azul\\\/#blogposting\",\"name\":\"El desarrollo mar\\u00edtimo-productivo estar\\u00e1 en la agenda de las Jornadas de Econom\\u00eda Azul - Parte de pesca\",\"headline\":\"El desarrollo mar\\u00edtimo-productivo estar\\u00e1 en la agenda de las Jornadas de Econom\\u00eda Azul\",\"author\":{\"@id\":\"https:\\\/\\\/partedepesca.com.ar\\\/d\\\/author\\\/redaccion\\\/#author\"},\"publisher\":{\"@id\":\"https:\\\/\\\/partedepesca.com.ar\\\/d\\\/#organization\"},\"image\":{\"@type\":\"ImageObject\",\"url\":\"https:\\\/\\\/partedepesca.com.ar\\\/d\\\/wp-content\\\/uploads\\\/2026\\\/09\\\/EconomiaAzul-2024.jpeg\",\"width\":2560,\"height\":1706},\"datePublished\":\"2026-09-03T14:36:32+00:00\",\"dateModified\":\"2026-09-03T14:56:33+00:00\",\"inLanguage\":\"es-AR\",\"mainEntityOfPage\":{\"@id\":\"https:\\\/\\\/partedepesca.com.ar\\\/d\\\/el-desarrollo-maritimo-productivo-estara-en-la-agenda-de-las-jornadas-de-economia-azul\\\/#webpage\"},\"isPartOf\":{\"@id\":\"https:\\\/\\\/partedepesca.com.ar\\\/d\\\/el-desarrollo-maritimo-productivo-estara-en-la-agenda-de-las-jornadas-de-economia-azul\\\/#webpage\"},\"articleSection\":\"Actualidad, FEATURED, CIMA Patagonia, featured, Jornadas de Econom\\u00eda Azul, Puerto Madryn\"},{\"@type\":\"BreadcrumbList\",\"@id\":\"https:\\\/\\\/partedepesca.com.ar\\\/d\\\/el-desarrollo-maritimo-productivo-estara-en-la-agenda-de-las-jornadas-de-economia-azul\\\/#breadcrumblist\",\"itemListElement\":[{\"@type\":\"ListItem\",\"@id\":\"https:\\\/\\\/partedepesca.com.ar\\\/d#listItem\",\"position\":1,\"name\":\"Home\",\"item\":\"https:\\\/\\\/partedepesca.com.ar\\\/d\",\"nextItem\":{\"@type\":\"ListItem\",\"@id\":\"https:\\\/\\\/partedepesca.com.ar\\\/d\\\/temas\\\/actualidad\\\/#listItem\",\"name\":\"Actualidad\"}},{\"@type\":\"ListItem\",\"@id\":\"https:\\\/\\\/partedepesca.com.ar\\\/d\\\/temas\\\/actualidad\\\/#listItem\",\"position\":2,\"name\":\"Actualidad\",\"item\":\"https:\\\/\\\/partedepesca.com.ar\\\/d\\\/temas\\\/actualidad\\\/\",\"nextItem\":{\"@type\":\"ListItem\",\"@id\":\"https:\\\/\\\/partedepesca.com.ar\\\/d\\\/el-desarrollo-maritimo-productivo-estara-en-la-agenda-de-las-jornadas-de-economia-azul\\\/#listItem\",\"name\":\"El desarrollo mar\\u00edtimo-productivo estar\\u00e1 en la agenda de las Jornadas de Econom\\u00eda Azul\"},\"previousItem\":{\"@type\":\"ListItem\",\"@id\":\"https:\\\/\\\/partedepesca.com.ar\\\/d#listItem\",\"name\":\"Home\"}},{\"@type\":\"ListItem\",\"@id\":\"https:\\\/\\\/partedepesca.com.ar\\\/d\\\/el-desarrollo-maritimo-productivo-estara-en-la-agenda-de-las-jornadas-de-economia-azul\\\/#listItem\",\"position\":3,\"name\":\"El desarrollo mar\\u00edtimo-productivo estar\\u00e1 en la agenda de las Jornadas de Econom\\u00eda Azul\",\"previousItem\":{\"@type\":\"ListItem\",\"@id\":\"https:\\\/\\\/partedepesca.com.ar\\\/d\\\/temas\\\/actualidad\\\/#listItem\",\"name\":\"Actualidad\"}}]},{\"@type\":\"Organization\",\"@id\":\"https:\\\/\\\/partedepesca.com.ar\\\/d\\\/#organization\",\"name\":\"Parte de pesca\",\"description\":\"Novedades de la pesca sin filtro\",\"url\":\"https:\\\/\\\/partedepesca.com.ar\\\/d\\\/\",\"logo\":{\"@type\":\"ImageObject\",\"url\":\"https:\\\/\\\/partedepesca.com.ar\\\/d\\\/wp-content\\\/uploads\\\/2023\\\/03\\\/logoparte.jpg\",\"@id\":\"https:\\\/\\\/partedepesca.com.ar\\\/d\\\/el-desarrollo-maritimo-productivo-estara-en-la-agenda-de-las-jornadas-de-economia-azul\\\/#organizationLogo\",\"width\":654,\"height\":402},\"image\":{\"@id\":\"https:\\\/\\\/partedepesca.com.ar\\\/d\\\/el-desarrollo-maritimo-productivo-estara-en-la-agenda-de-las-jornadas-de-economia-azul\\\/#organizationLogo\"}},{\"@type\":\"Person\",\"@id\":\"https:\\\/\\\/partedepesca.com.ar\\\/d\\\/author\\\/redaccion\\\/#author\",\"url\":\"https:\\\/\\\/partedepesca.com.ar\\\/d\\\/author\\\/redaccion\\\/\",\"name\":\"redaccion\",\"image\":{\"@type\":\"ImageObject\",\"@id\":\"https:\\\/\\\/partedepesca.com.ar\\\/d\\\/el-desarrollo-maritimo-productivo-estara-en-la-agenda-de-las-jornadas-de-economia-azul\\\/#authorImage\",\"url\":\"https:\\\/\\\/secure.gravatar.com\\\/avatar\\\/573f0a5081c0a61fd6ac39287b5e137712bd2c79944a96eca6e6fe1474d00d0a?s=96&d=mm&r=g\",\"width\":96,\"height\":96,\"caption\":\"redaccion\"}},{\"@type\":\"WebPage\",\"@id\":\"https:\\\/\\\/partedepesca.com.ar\\\/d\\\/el-desarrollo-maritimo-productivo-estara-en-la-agenda-de-las-jornadas-de-economia-azul\\\/#webpage\",\"url\":\"https:\\\/\\\/partedepesca.com.ar\\\/d\\\/el-desarrollo-maritimo-productivo-estara-en-la-agenda-de-las-jornadas-de-economia-azul\\\/\",\"name\":\"El desarrollo mar\\u00edtimo-productivo estar\\u00e1 en la agenda de las Jornadas de Econom\\u00eda Azul - Parte de pesca\",\"description\":\"Puerto Madryn ser\\u00e1 sede, del 9 al 11 de septiembre, de las Jornadas de Econom\\u00eda Azul 2026, un encuentro que reunir\\u00e1 a representantes del sector productivo, cient\\u00edfico, acad\\u00e9mico y p\\u00fablico para analizar nuevas oportunidades de desarrollo vinculadas al mar. Bajo el lema \\u201cEconom\\u00eda Azul 5.0, centrada en el talento humano\\u201d, la propuesta buscar\\u00e1 ampliar la\",\"inLanguage\":\"es-AR\",\"isPartOf\":{\"@id\":\"https:\\\/\\\/partedepesca.com.ar\\\/d\\\/#website\"},\"breadcrumb\":{\"@id\":\"https:\\\/\\\/partedepesca.com.ar\\\/d\\\/el-desarrollo-maritimo-productivo-estara-en-la-agenda-de-las-jornadas-de-economia-azul\\\/#breadcrumblist\"},\"author\":{\"@id\":\"https:\\\/\\\/partedepesca.com.ar\\\/d\\\/author\\\/redaccion\\\/#author\"},\"creator\":{\"@id\":\"https:\\\/\\\/partedepesca.com.ar\\\/d\\\/author\\\/redaccion\\\/#author\"},\"image\":{\"@type\":\"ImageObject\",\"url\":\"https:\\\/\\\/partedepesca.com.ar\\\/d\\\/wp-content\\\/uploads\\\/2026\\\/09\\\/EconomiaAzul-2024.jpeg\",\"@id\":\"https:\\\/\\\/partedepesca.com.ar\\\/d\\\/el-desarrollo-maritimo-productivo-estara-en-la-agenda-de-las-jornadas-de-economia-azul\\\/#mainImage\",\"width\":2560,\"height\":1706},\"primaryImageOfPage\":{\"@id\":\"https:\\\/\\\/partedepesca.com.ar\\\/d\\\/el-desarrollo-maritimo-productivo-estara-en-la-agenda-de-las-jornadas-de-economia-azul\\\/#mainImage\"},\"datePublished\":\"2026-09-03T14:36:32+00:00\",\"dateModified\":\"2026-09-03T14:56:33+00:00\"},{\"@type\":\"WebSite\",\"@id\":\"https:\\\/\\\/partedepesca.com.ar\\\/d\\\/#website\",\"url\":\"https:\\\/\\\/partedepesca.com.ar\\\/d\\\/\",\"name\":\"Parte de pesca\",\"description\":\"Novedades de la pesca sin filtro\",\"inLanguage\":\"es-AR\",\"publisher\":{\"@id\":\"https:\\\/\\\/partedepesca.com.ar\\\/d\\\/#organization\"}}]}\n\t\t<\/script>\n\t\t<!-- All in One SEO -->\n\n","aioseo_head_json":{"title":"El desarrollo mar\u00edtimo-productivo estar\u00e1 en la agenda de las Jornadas de Econom\u00eda Azul - Parte de pesca","description":"Puerto Madryn ser\u00e1 sede, del 9 al 11 de septiembre, de las Jornadas de Econom\u00eda Azul 2026, un encuentro que reunir\u00e1 a representantes del sector productivo, cient\u00edfico, acad\u00e9mico y p\u00fablico para analizar nuevas oportunidades de desarrollo vinculadas al mar. Bajo el lema \u201cEconom\u00eda Azul 5.0, centrada en el talento humano\u201d, la propuesta buscar\u00e1 ampliar la","canonical_url":"https:\/\/partedepesca.com.ar\/d\/el-desarrollo-maritimo-productivo-estara-en-la-agenda-de-las-jornadas-de-economia-azul\/","robots":"max-image-preview:large","keywords":"","webmasterTools":{"miscellaneous":""},"schema":{"@context":"https:\/\/schema.org","@graph":[{"@type":"BlogPosting","@id":"https:\/\/partedepesca.com.ar\/d\/el-desarrollo-maritimo-productivo-estara-en-la-agenda-de-las-jornadas-de-economia-azul\/#blogposting","name":"El desarrollo mar\u00edtimo-productivo estar\u00e1 en la agenda de las Jornadas de Econom\u00eda Azul - Parte de pesca","headline":"El desarrollo mar\u00edtimo-productivo estar\u00e1 en la agenda de las Jornadas de Econom\u00eda Azul","author":{"@id":"https:\/\/partedepesca.com.ar\/d\/author\/redaccion\/#author"},"publisher":{"@id":"https:\/\/partedepesca.com.ar\/d\/#organization"},"image":{"@type":"ImageObject","url":"https:\/\/partedepesca.com.ar\/d\/wp-content\/uploads\/2026\/09\/EconomiaAzul-2024.jpeg","width":2560,"height":1706},"datePublished":"2026-09-03T14:36:32+00:00","dateModified":"2026-09-03T14:56:33+00:00","inLanguage":"es-AR","mainEntityOfPage":{"@id":"https:\/\/partedepesca.com.ar\/d\/el-desarrollo-maritimo-productivo-estara-en-la-agenda-de-las-jornadas-de-economia-azul\/#webpage"},"isPartOf":{"@id":"https:\/\/partedepesca.com.ar\/d\/el-desarrollo-maritimo-productivo-estara-en-la-agenda-de-las-jornadas-de-economia-azul\/#webpage"},"articleSection":"Actualidad, FEATURED, CIMA Patagonia, featured, Jornadas de Econom\u00eda Azul, Puerto Madryn"},{"@type":"BreadcrumbList","@id":"https:\/\/partedepesca.com.ar\/d\/el-desarrollo-maritimo-productivo-estara-en-la-agenda-de-las-jornadas-de-economia-azul\/#breadcrumblist","itemListElement":[{"@type":"ListItem","@id":"https:\/\/partedepesca.com.ar\/d#listItem","position":1,"name":"Home","item":"https:\/\/partedepesca.com.ar\/d","nextItem":{"@type":"ListItem","@id":"https:\/\/partedepesca.com.ar\/d\/temas\/actualidad\/#listItem","name":"Actualidad"}},{"@type":"ListItem","@id":"https:\/\/partedepesca.com.ar\/d\/temas\/actualidad\/#listItem","position":2,"name":"Actualidad","item":"https:\/\/partedepesca.com.ar\/d\/temas\/actualidad\/","nextItem":{"@type":"ListItem","@id":"https:\/\/partedepesca.com.ar\/d\/el-desarrollo-maritimo-productivo-estara-en-la-agenda-de-las-jornadas-de-economia-azul\/#listItem","name":"El desarrollo mar\u00edtimo-productivo estar\u00e1 en la agenda de las Jornadas de Econom\u00eda Azul"},"previousItem":{"@type":"ListItem","@id":"https:\/\/partedepesca.com.ar\/d#listItem","name":"Home"}},{"@type":"ListItem","@id":"https:\/\/partedepesca.com.ar\/d\/el-desarrollo-maritimo-productivo-estara-en-la-agenda-de-las-jornadas-de-economia-azul\/#listItem","position":3,"name":"El desarrollo mar\u00edtimo-productivo estar\u00e1 en la agenda de las Jornadas de Econom\u00eda Azul","previousItem":{"@type":"ListItem","@id":"https:\/\/partedepesca.com.ar\/d\/temas\/actualidad\/#listItem","name":"Actualidad"}}]},{"@type":"Organization","@id":"https:\/\/partedepesca.com.ar\/d\/#organization","name":"Parte de pesca","description":"Novedades de la pesca sin filtro","url":"https:\/\/partedepesca.com.ar\/d\/","logo":{"@type":"ImageObject","url":"https:\/\/partedepesca.com.ar\/d\/wp-content\/uploads\/2023\/03\/logoparte.jpg","@id":"https:\/\/partedepesca.com.ar\/d\/el-desarrollo-maritimo-productivo-estara-en-la-agenda-de-las-jornadas-de-economia-azul\/#organizationLogo","width":654,"height":402},"image":{"@id":"https:\/\/partedepesca.com.ar\/d\/el-desarrollo-maritimo-productivo-estara-en-la-agenda-de-las-jornadas-de-economia-azul\/#organizationLogo"}},{"@type":"Person","@id":"https:\/\/partedepesca.com.ar\/d\/author\/redaccion\/#author","url":"https:\/\/partedepesca.com.ar\/d\/author\/redaccion\/","name":"redaccion","image":{"@type":"ImageObject","@id":"https:\/\/partedepesca.com.ar\/d\/el-desarrollo-maritimo-productivo-estara-en-la-agenda-de-las-jornadas-de-economia-azul\/#authorImage","url":"https:\/\/secure.gravatar.com\/avatar\/573f0a5081c0a61fd6ac39287b5e137712bd2c79944a96eca6e6fe1474d00d0a?s=96&d=mm&r=g","width":96,"height":96,"caption":"redaccion"}},{"@type":"WebPage","@id":"https:\/\/partedepesca.com.ar\/d\/el-desarrollo-maritimo-productivo-estara-en-la-agenda-de-las-jornadas-de-economia-azul\/#webpage","url":"https:\/\/partedepesca.com.ar\/d\/el-desarrollo-maritimo-productivo-estara-en-la-agenda-de-las-jornadas-de-economia-azul\/","name":"El desarrollo mar\u00edtimo-productivo estar\u00e1 en la agenda de las Jornadas de Econom\u00eda Azul - Parte de pesca","description":"Puerto Madryn ser\u00e1 sede, del 9 al 11 de septiembre, de las Jornadas de Econom\u00eda Azul 2026, un encuentro que reunir\u00e1 a representantes del sector productivo, cient\u00edfico, acad\u00e9mico y p\u00fablico para analizar nuevas oportunidades de desarrollo vinculadas al mar. Bajo el lema \u201cEconom\u00eda Azul 5.0, centrada en el talento humano\u201d, la propuesta buscar\u00e1 ampliar la","inLanguage":"es-AR","isPartOf":{"@id":"https:\/\/partedepesca.com.ar\/d\/#website"},"breadcrumb":{"@id":"https:\/\/partedepesca.com.ar\/d\/el-desarrollo-maritimo-productivo-estara-en-la-agenda-de-las-jornadas-de-economia-azul\/#breadcrumblist"},"author":{"@id":"https:\/\/partedepesca.com.ar\/d\/author\/redaccion\/#author"},"creator":{"@id":"https:\/\/partedepesca.com.ar\/d\/author\/redaccion\/#author"},"image":{"@type":"ImageObject","url":"https:\/\/partedepesca.com.ar\/d\/wp-content\/uploads\/2026\/09\/EconomiaAzul-2024.jpeg","@id":"https:\/\/partedepesca.com.ar\/d\/el-desarrollo-maritimo-productivo-estara-en-la-agenda-de-las-jornadas-de-economia-azul\/#mainImage","width":2560,"height":1706},"primaryImageOfPage":{"@id":"https:\/\/partedepesca.com.ar\/d\/el-desarrollo-maritimo-productivo-estara-en-la-agenda-de-las-jornadas-de-economia-azul\/#mainImage"},"datePublished":"2026-09-03T14:36:32+00:00","dateModified":"2026-09-03T14:56:33+00:00"},{"@type":"WebSite","@id":"https:\/\/partedepesca.com.ar\/d\/#website","url":"https:\/\/partedepesca.com.ar\/d\/","name":"Parte de pesca","description":"Novedades de la pesca sin filtro","inLanguage":"es-AR","publisher":{"@id":"https:\/\/partedepesca.com.ar\/d\/#organization"}}]},"og:locale":"es_ES","og:site_name":"Parte de pesca - Novedades de la pesca sin filtro","og:type":"article","og:title":"El desarrollo mar\u00edtimo-productivo estar\u00e1 en la agenda de las Jornadas de Econom\u00eda Azul - Parte de pesca","og:description":"Puerto Madryn ser\u00e1 sede, del 9 al 11 de septiembre, de las Jornadas de Econom\u00eda Azul 2026, un encuentro que reunir\u00e1 a representantes del sector productivo, cient\u00edfico, acad\u00e9mico y p\u00fablico para analizar nuevas oportunidades de desarrollo vinculadas al mar. Bajo el lema \u201cEconom\u00eda Azul 5.0, centrada en el talento humano\u201d, la propuesta buscar\u00e1 ampliar la","og:url":"https:\/\/partedepesca.com.ar\/d\/el-desarrollo-maritimo-productivo-estara-en-la-agenda-de-las-jornadas-de-economia-azul\/","og:image":"https:\/\/partedepesca.com.ar\/d\/wp-content\/uploads\/2026\/09\/EconomiaAzul-2024.jpeg","og:image:secure_url":"https:\/\/partedepesca.com.ar\/d\/wp-content\/uploads\/2026\/09\/EconomiaAzul-2024.jpeg","og:image:width":2560,"og:image:height":1706,"article:published_time":"2026-09-03T14:36:32+00:00","article:modified_time":"2026-09-03T14:56:33+00:00","twitter:card":"summary_large_image","twitter:title":"El desarrollo mar\u00edtimo-productivo estar\u00e1 en la agenda de las Jornadas de Econom\u00eda Azul - Parte de pesca","twitter:description":"Puerto Madryn ser\u00e1 sede, del 9 al 11 de septiembre, de las Jornadas de Econom\u00eda Azul 2026, un encuentro que reunir\u00e1 a representantes del sector productivo, cient\u00edfico, acad\u00e9mico y p\u00fablico para analizar nuevas oportunidades de desarrollo vinculadas al mar. Bajo el lema \u201cEconom\u00eda Azul 5.0, centrada en el talento humano\u201d, la propuesta buscar\u00e1 ampliar la","twitter:image":"https:\/\/partedepesca.com.ar\/d\/wp-content\/uploads\/2026\/09\/EconomiaAzul-2024.jpeg"},"aioseo_meta_data":{"post_id":"17100","title":null,"description":null,"keywords":null,"keyphrases":{"focus":{"keyphrase":"","score":0,"analysis":{"keyphraseInTitle":{"score":0,"maxScore":9,"error":1}}},"additional":[]},"primary_term":null,"canonical_url":null,"og_title":null,"og_description":null,"og_object_type":"default","og_image_type":"default","og_image_url":null,"og_image_width":null,"og_image_height":null,"og_image_custom_url":null,"og_image_custom_fields":null,"og_video":"","og_custom_url":null,"og_article_section":null,"og_article_tags":null,"twitter_use_og":false,"twitter_card":"default","twitter_image_type":"default","twitter_image_url":null,"twitter_image_custom_url":null,"twitter_image_custom_fields":null,"twitter_title":null,"twitter_description":null,"schema":{"blockGraphs":[],"customGraphs":[],"default":{"data":{"Article":[],"Course":[],"Dataset":[],"FAQPage":[],"Movie":[],"Person":[],"Product":[],"ProductReview":[],"Car":[],"Recipe":[],"Service":[],"SoftwareApplication":[],"WebPage":[]},"graphName":"BlogPosting","isEnabled":true},"graphs":[]},"schema_type":"default","schema_type_options":null,"pillar_content":false,"robots_default":true,"robots_noindex":false,"robots_noarchive":false,"robots_nosnippet":false,"robots_nofollow":false,"robots_noimageindex":false,"robots_noodp":false,"robots_notranslate":false,"robots_max_snippet":"-1","robots_max_videopreview":"-1","robots_max_imagepreview":"large","priority":null,"frequency":"default","local_seo":null,"breadcrumb_settings":null,"limit_modified_date":false,"ai":{"faqs":[],"keyPoints":[],"schemas":[],"titles":[],"descriptions":[],"socialPosts":{"email":{"subject":"","preview":"","content":""},"linkedin":[],"twitter":[],"facebook":[],"instagram":[]}},"created":"2026-09-03 01:14:52","updated":"2026-09-03 14:56:40","seo_analyzer_scan_date":null},"aioseo_breadcrumb":"<div class=\"aioseo-breadcrumbs\"><span class=\"aioseo-breadcrumb\">\n\t\t\t<a href=\"https:\/\/partedepesca.com.ar\/d\" title=\"Home\">Home<\/a>\n\t\t<\/span><span class=\"aioseo-breadcrumb-separator\">&raquo;<\/span><span class=\"aioseo-breadcrumb\">\n\t\t\t<a href=\"https:\/\/partedepesca.com.ar\/d\/temas\/actualidad\/\" title=\"Actualidad\">Actualidad<\/a>\n\t\t<\/span><span class=\"aioseo-breadcrumb-separator\">&raquo;<\/span><span class=\"aioseo-breadcrumb\">\n\t\t\tEl desarrollo mar\u00edtimo-productivo estar\u00e1 en la agenda de las Jornadas de Econom\u00eda Azul\n\t\t<\/span><\/div>","aioseo_breadcrumb_json":[{"label":"Home","link":"https:\/\/partedepesca.com.ar\/d"},{"label":"Actualidad","link":"https:\/\/partedepesca.com.ar\/d\/temas\/actualidad\/"},{"label":"El desarrollo mar\u00edtimo-productivo estar\u00e1 en la agenda de las Jornadas de Econom\u00eda Azul","link":"https:\/\/partedepesca.com.ar\/d\/el-desarrollo-maritimo-productivo-estara-en-la-agenda-de-las-jornadas-de-economia-azul\/"}],"amp_enabled":true,"_links":{"self":[{"href":"https:\/\/partedepesca.com.ar\/d\/wp-json\/wp\/v2\/posts\/17100","targetHints":{"allow":["GET"]}}],"collection":[{"href":"https:\/\/partedepesca.com.ar\/d\/wp-json\/wp\/v2\/posts"}],"about":[{"href":"https:\/\/partedepesca.com.ar\/d\/wp-json\/wp\/v2\/types\/post"}],"author":[{"embeddable":true,"href":"https:\/\/partedepesca.com.ar\/d\/wp-json\/wp\/v2\/users\/4"}],"replies":[{"embeddable":true,"href":"https:\/\/partedepesca.com.ar\/d\/wp-json\/wp\/v2\/comments?post=17100"}],"version-history":[{"count":1,"href":"https:\/\/partedepesca.com.ar\/d\/wp-json\/wp\/v2\/posts\/17100\/revisions"}],"predecessor-version":[{"id":17101,"href":"https:\/\/partedepesca.com.ar\/d\/wp-json\/wp\/v2\/posts\/17100\/revisions\/17101"}],"wp:featuredmedia":[{"embeddable":true,"href":"https:\/\/partedepesca.com.ar\/d\/wp-json\/wp\/v2\/media\/17109"}],"wp:attachment":[{"href":"https:\/\/partedepesca.com.ar\/d\/wp-json\/wp\/v2\/media?parent=17100"}],"wp:term":[{"taxonomy":"category","embeddable":true,"href":"https:\/\/partedepesca.com.ar\/d\/wp-json\/wp\/v2\/categories?post=17100"},{"taxonomy":"post_tag","embeddable":true,"href":"https:\/\/partedepesca.com.ar\/d\/wp-json\/wp\/v2\/tags?post=17100"}],"curies":[{"name":"wp","href":"https:\/\/api.w.org\/{rel}","templated":true}]}}