{"id":17090,"date":"2026-09-02T09:04:44","date_gmt":"2026-09-02T09:04:44","guid":{"rendered":"https:\/\/partedepesca.com.ar\/d\/?p=17090"},"modified":"2026-09-02T09:19:59","modified_gmt":"2026-09-02T09:19:59","slug":"durdos-se-nego-a-declarar-en-la-primera-jornada-del-juicio-por-violencia-de-genero","status":"publish","type":"post","link":"https:\/\/partedepesca.com.ar\/d\/durdos-se-nego-a-declarar-en-la-primera-jornada-del-juicio-por-violencia-de-genero\/","title":{"rendered":"SOMU: Durdos se neg\u00f3 a declarar en el inicio del juicio por violencia de g\u00e9nero"},"content":{"rendered":"\n<p class=\"wp-block-paragraph\">El Juzgado N\u00b0 2 en lo Penal, Contravencional y de Faltas de la Ciudad Aut\u00f3noma de Buenos Aires (CABA) inici\u00f3 esta semana al <strong>juicio oral y p\u00fablico<\/strong> (<em>con p\u00fablico restringido y sin acceso a la prensa<\/em>) contra <strong>Raul Omar Durdos<\/strong>, secretario general del Sindicato de Obreros Mar\u00edtimos Unidos.<\/p>\n\n\n\n<p class=\"wp-block-paragraph\">La exsecretaria de la Mujer del SOMU, <strong>Betina Santill\u00e1n<\/strong>, lo denunci\u00f3 por&nbsp;<strong>violencia de g\u00e9nero en contexto laboral, hostigamiento, maltrato, discriminaci\u00f3n y desobediencia<\/strong> a las medidas que le ordenaban cesar en ese accionar.<\/p>\n\n\n\n<p class=\"wp-block-paragraph\">Durdos se present\u00f3 tras haberse suspendido la anterior audiencia, en la que adujo estar en reposo por prescripci\u00f3n m\u00e9dica, y este martes se neg\u00f3 a ser indagado y prestar declaraci\u00f3n; tambi\u00e9n pidi\u00f3 salir de la sala de audiencia mientras se desarrollaba la misma.<\/p>\n\n\n\n<p class=\"has-vivid-cyan-blue-color has-text-color has-link-color wp-elements-1 wp-block-paragraph\"><strong>AUDIOS RECRIMINATORIOS<\/strong><\/p>\n\n\n\n<p class=\"wp-block-paragraph\">En la primera jornada del juicio oral, la querella fundament\u00f3 la acusaci\u00f3n y cit\u00f3 los diferentes elementos probatorios aportados durante el proceso investigativo. Entre los cuales se encuentran una serie de audios atribuidos a Ra\u00fal Durdos en los que le reprocha a la denunciante haberlo acusado.<\/p>\n\n\n\n<p class=\"wp-block-paragraph\">\u201cMe denunciaste porque no te di un coche, me denunciaste porque no te alquil\u00e9 un departamento&#8230; por eso a vos no te di m\u00e1s\u201d, indica&nbsp;un audio&nbsp;que Santill\u00e1n present\u00f3 como elemento probatorio durante el juicio.<\/p>\n\n\n\n<p class=\"wp-block-paragraph\">Con tono de recriminaci\u00f3n, en otro audio se escucha que supuestamente Durdos le recrimina: \u201cTe dije que no te fueras a Estados Unidos y te fuiste a Estados Unidos\u201d.<\/p>\n\n\n\n<p class=\"wp-block-paragraph\">Vale se\u00f1alar que el pedido de elevaci\u00f3n a juicio oral fue a instancias de la querella, dado que la fiscal\u00eda que intervino en el caso no propicio la elevaci\u00f3n por considerar que no hab\u00eda delito.<\/p>\n\n\n\n<p class=\"has-vivid-cyan-blue-color has-text-color has-link-color wp-elements-2 wp-block-paragraph\"><strong>EL ORIGEN DE LAS REPRESALIAS<\/strong><\/p>\n\n\n\n<p class=\"wp-block-paragraph\">La denunciante atribuye a que las represalias de parte de la conducci\u00f3n sindical de Durdos comenzaron en junio de 2022, luego de que Betina Santill\u00e1n vot\u00f3 a favor de la restituci\u00f3n del secretario adjunto,&nbsp;David Villalba, el cual hab\u00eda sido desplazado por una causa en la que fue absuelto.<\/p>\n\n\n\n<p class=\"wp-block-paragraph\">Fue en ese contexto que la denunciante, Betina Santill\u00e1n, dice que comenzaron las represalias como la quita de vi\u00e1ticos, el retiro de veh\u00edculos oficiales, la revocaci\u00f3n de licencias a su equipo y el aislamiento de la conducci\u00f3n.<\/p>\n\n\n\n<p class=\"has-vivid-cyan-blue-color has-text-color has-link-color wp-elements-3 wp-block-paragraph\"><strong>CUARTO INTERMEDIO<\/strong><\/p>\n\n\n\n<p class=\"wp-block-paragraph\">El juicio oral y p\u00fablico pas\u00f3 a un cuarto intermedio hasta el viernes donde se prev\u00e9 declaren tres testigos ofrecidos por la querella. Posteriormente, ser\u00e1 el turno de la defensa para presentar a declarar a sus testigos. Concluida esa etapa se ir\u00e1 a la exposici\u00f3n de alegatos de las partes y el tribunal dictar\u00e1 sentencia; todo esto podr\u00eda ocurrir durante el mes de septiembre, si no se presentan acciones que busquen la dilaci\u00f3n del mismo.<\/p>\n\n\n\n<p class=\"wp-block-paragraph\"><\/p>\n","protected":false},"excerpt":{"rendered":"<p>El Juzgado N\u00b0 2 en lo Penal, Contravencional y de Faltas de la Ciudad Aut\u00f3noma de Buenos Aires (CABA) inici\u00f3 esta semana al juicio oral y p\u00fablico (con p\u00fablico restringido y sin acceso a la prensa) contra Raul Omar Durdos, secretario general del Sindicato de Obreros Mar\u00edtimos Unidos. La exsecretaria de la Mujer del SOMU,<\/p>\n","protected":false},"author":4,"featured_media":17091,"comment_status":"open","ping_status":"open","sticky":false,"template":"","format":"standard","meta":{"om_disable_all_campaigns":false,"_monsterinsights_skip_tracking":false,"footnotes":""},"categories":[9,10],"tags":[3105,2880,91,3103,3102,3104,679,179,3069],"class_list":["post-17090","post","type-post","status-publish","format-standard","has-post-thumbnail","category-actualidad","category-featured","tag-desobediencia","tag-discriminacion","tag-featured","tag-hostigamiento","tag-juicio-oral","tag-maltrato","tag-raul-durdos-2","tag-somu","tag-violencia-de-genero"],"aioseo_notices":[],"aioseo_head":"\n\t\t<!-- All in One SEO 4.9.10 - aioseo.com -->\n\t<meta name=\"description\" content=\"El Juzgado N\u00b0 2 en lo Penal, Contravencional y de Faltas de la Ciudad Aut\u00f3noma de Buenos Aires (CABA) inici\u00f3 esta semana al juicio oral y p\u00fablico (con p\u00fablico restringido y sin acceso a la prensa) contra Raul Omar Durdos, secretario general del Sindicato de Obreros Mar\u00edtimos Unidos. La exsecretaria de la Mujer del SOMU,\" \/>\n\t<meta name=\"robots\" content=\"max-image-preview:large\" \/>\n\t<meta name=\"author\" content=\"redaccion\"\/>\n\t<link rel=\"canonical\" href=\"https:\/\/partedepesca.com.ar\/d\/durdos-se-nego-a-declarar-en-la-primera-jornada-del-juicio-por-violencia-de-genero\/\" \/>\n\t<meta name=\"generator\" content=\"All in One SEO (AIOSEO) 4.9.10\" \/>\n\t\t<meta property=\"og:locale\" content=\"es_ES\" \/>\n\t\t<meta property=\"og:site_name\" content=\"Parte de pesca - Novedades de la pesca sin filtro\" \/>\n\t\t<meta property=\"og:type\" content=\"article\" \/>\n\t\t<meta property=\"og:title\" content=\"SOMU: Durdos se neg\u00f3 a declarar en el inicio del juicio por violencia de g\u00e9nero - Parte de pesca\" \/>\n\t\t<meta property=\"og:description\" content=\"El Juzgado N\u00b0 2 en lo Penal, Contravencional y de Faltas de la Ciudad Aut\u00f3noma de Buenos Aires (CABA) inici\u00f3 esta semana al juicio oral y p\u00fablico (con p\u00fablico restringido y sin acceso a la prensa) contra Raul Omar Durdos, secretario general del Sindicato de Obreros Mar\u00edtimos Unidos. La exsecretaria de la Mujer del SOMU,\" \/>\n\t\t<meta property=\"og:url\" content=\"https:\/\/partedepesca.com.ar\/d\/durdos-se-nego-a-declarar-en-la-primera-jornada-del-juicio-por-violencia-de-genero\/\" \/>\n\t\t<meta property=\"og:image\" content=\"https:\/\/partedepesca.com.ar\/d\/wp-content\/uploads\/2026\/09\/SOMU-Raul-Omar-Durdos-SG-copia1.jpg\" \/>\n\t\t<meta property=\"og:image:secure_url\" content=\"https:\/\/partedepesca.com.ar\/d\/wp-content\/uploads\/2026\/09\/SOMU-Raul-Omar-Durdos-SG-copia1.jpg\" \/>\n\t\t<meta property=\"og:image:width\" content=\"1447\" \/>\n\t\t<meta property=\"og:image:height\" content=\"1087\" \/>\n\t\t<meta property=\"article:published_time\" content=\"2026-09-02T09:04:44+00:00\" \/>\n\t\t<meta property=\"article:modified_time\" content=\"2026-09-02T09:19:59+00:00\" \/>\n\t\t<meta name=\"twitter:card\" content=\"summary_large_image\" \/>\n\t\t<meta name=\"twitter:title\" content=\"SOMU: Durdos se neg\u00f3 a declarar en el inicio del juicio por violencia de g\u00e9nero - Parte de pesca\" \/>\n\t\t<meta name=\"twitter:description\" content=\"El Juzgado N\u00b0 2 en lo Penal, Contravencional y de Faltas de la Ciudad Aut\u00f3noma de Buenos Aires (CABA) inici\u00f3 esta semana al juicio oral y p\u00fablico (con p\u00fablico restringido y sin acceso a la prensa) contra Raul Omar Durdos, secretario general del Sindicato de Obreros Mar\u00edtimos Unidos. La exsecretaria de la Mujer del SOMU,\" \/>\n\t\t<meta name=\"twitter:image\" content=\"https:\/\/partedepesca.com.ar\/d\/wp-content\/uploads\/2026\/09\/SOMU-Raul-Omar-Durdos-SG-copia1.jpg\" \/>\n\t\t<script type=\"application\/ld+json\" class=\"aioseo-schema\">\n\t\t\t{\"@context\":\"https:\\\/\\\/schema.org\",\"@graph\":[{\"@type\":\"BlogPosting\",\"@id\":\"https:\\\/\\\/partedepesca.com.ar\\\/d\\\/durdos-se-nego-a-declarar-en-la-primera-jornada-del-juicio-por-violencia-de-genero\\\/#blogposting\",\"name\":\"SOMU: Durdos se neg\\u00f3 a declarar en el inicio del juicio por violencia de g\\u00e9nero - Parte de pesca\",\"headline\":\"SOMU: Durdos se neg\\u00f3 a declarar en el inicio del juicio por violencia de g\\u00e9nero\",\"author\":{\"@id\":\"https:\\\/\\\/partedepesca.com.ar\\\/d\\\/author\\\/redaccion\\\/#author\"},\"publisher\":{\"@id\":\"https:\\\/\\\/partedepesca.com.ar\\\/d\\\/#organization\"},\"image\":{\"@type\":\"ImageObject\",\"url\":\"https:\\\/\\\/partedepesca.com.ar\\\/d\\\/wp-content\\\/uploads\\\/2026\\\/09\\\/SOMU-Raul-Omar-Durdos-SG-copia1.jpg\",\"width\":1447,\"height\":1087},\"datePublished\":\"2026-09-02T09:04:44+00:00\",\"dateModified\":\"2026-09-02T09:19:59+00:00\",\"inLanguage\":\"es-AR\",\"mainEntityOfPage\":{\"@id\":\"https:\\\/\\\/partedepesca.com.ar\\\/d\\\/durdos-se-nego-a-declarar-en-la-primera-jornada-del-juicio-por-violencia-de-genero\\\/#webpage\"},\"isPartOf\":{\"@id\":\"https:\\\/\\\/partedepesca.com.ar\\\/d\\\/durdos-se-nego-a-declarar-en-la-primera-jornada-del-juicio-por-violencia-de-genero\\\/#webpage\"},\"articleSection\":\"Actualidad, FEATURED, desobediencia, discriminaci\\u00f3n, featured, hostigamiento, Juicio Oral, maltrato, Raul Durdos, somu, violencia de genero\"},{\"@type\":\"BreadcrumbList\",\"@id\":\"https:\\\/\\\/partedepesca.com.ar\\\/d\\\/durdos-se-nego-a-declarar-en-la-primera-jornada-del-juicio-por-violencia-de-genero\\\/#breadcrumblist\",\"itemListElement\":[{\"@type\":\"ListItem\",\"@id\":\"https:\\\/\\\/partedepesca.com.ar\\\/d#listItem\",\"position\":1,\"name\":\"Home\",\"item\":\"https:\\\/\\\/partedepesca.com.ar\\\/d\",\"nextItem\":{\"@type\":\"ListItem\",\"@id\":\"https:\\\/\\\/partedepesca.com.ar\\\/d\\\/temas\\\/actualidad\\\/#listItem\",\"name\":\"Actualidad\"}},{\"@type\":\"ListItem\",\"@id\":\"https:\\\/\\\/partedepesca.com.ar\\\/d\\\/temas\\\/actualidad\\\/#listItem\",\"position\":2,\"name\":\"Actualidad\",\"item\":\"https:\\\/\\\/partedepesca.com.ar\\\/d\\\/temas\\\/actualidad\\\/\",\"nextItem\":{\"@type\":\"ListItem\",\"@id\":\"https:\\\/\\\/partedepesca.com.ar\\\/d\\\/durdos-se-nego-a-declarar-en-la-primera-jornada-del-juicio-por-violencia-de-genero\\\/#listItem\",\"name\":\"SOMU: Durdos se neg\\u00f3 a declarar en el inicio del juicio por violencia de g\\u00e9nero\"},\"previousItem\":{\"@type\":\"ListItem\",\"@id\":\"https:\\\/\\\/partedepesca.com.ar\\\/d#listItem\",\"name\":\"Home\"}},{\"@type\":\"ListItem\",\"@id\":\"https:\\\/\\\/partedepesca.com.ar\\\/d\\\/durdos-se-nego-a-declarar-en-la-primera-jornada-del-juicio-por-violencia-de-genero\\\/#listItem\",\"position\":3,\"name\":\"SOMU: Durdos se neg\\u00f3 a declarar en el inicio del juicio por violencia de g\\u00e9nero\",\"previousItem\":{\"@type\":\"ListItem\",\"@id\":\"https:\\\/\\\/partedepesca.com.ar\\\/d\\\/temas\\\/actualidad\\\/#listItem\",\"name\":\"Actualidad\"}}]},{\"@type\":\"Organization\",\"@id\":\"https:\\\/\\\/partedepesca.com.ar\\\/d\\\/#organization\",\"name\":\"Parte de pesca\",\"description\":\"Novedades de la pesca sin filtro\",\"url\":\"https:\\\/\\\/partedepesca.com.ar\\\/d\\\/\",\"logo\":{\"@type\":\"ImageObject\",\"url\":\"https:\\\/\\\/partedepesca.com.ar\\\/d\\\/wp-content\\\/uploads\\\/2023\\\/03\\\/logoparte.jpg\",\"@id\":\"https:\\\/\\\/partedepesca.com.ar\\\/d\\\/durdos-se-nego-a-declarar-en-la-primera-jornada-del-juicio-por-violencia-de-genero\\\/#organizationLogo\",\"width\":654,\"height\":402},\"image\":{\"@id\":\"https:\\\/\\\/partedepesca.com.ar\\\/d\\\/durdos-se-nego-a-declarar-en-la-primera-jornada-del-juicio-por-violencia-de-genero\\\/#organizationLogo\"}},{\"@type\":\"Person\",\"@id\":\"https:\\\/\\\/partedepesca.com.ar\\\/d\\\/author\\\/redaccion\\\/#author\",\"url\":\"https:\\\/\\\/partedepesca.com.ar\\\/d\\\/author\\\/redaccion\\\/\",\"name\":\"redaccion\",\"image\":{\"@type\":\"ImageObject\",\"@id\":\"https:\\\/\\\/partedepesca.com.ar\\\/d\\\/durdos-se-nego-a-declarar-en-la-primera-jornada-del-juicio-por-violencia-de-genero\\\/#authorImage\",\"url\":\"https:\\\/\\\/secure.gravatar.com\\\/avatar\\\/573f0a5081c0a61fd6ac39287b5e137712bd2c79944a96eca6e6fe1474d00d0a?s=96&d=mm&r=g\",\"width\":96,\"height\":96,\"caption\":\"redaccion\"}},{\"@type\":\"WebPage\",\"@id\":\"https:\\\/\\\/partedepesca.com.ar\\\/d\\\/durdos-se-nego-a-declarar-en-la-primera-jornada-del-juicio-por-violencia-de-genero\\\/#webpage\",\"url\":\"https:\\\/\\\/partedepesca.com.ar\\\/d\\\/durdos-se-nego-a-declarar-en-la-primera-jornada-del-juicio-por-violencia-de-genero\\\/\",\"name\":\"SOMU: Durdos se neg\\u00f3 a declarar en el inicio del juicio por violencia de g\\u00e9nero - Parte de pesca\",\"description\":\"El Juzgado N\\u00b0 2 en lo Penal, Contravencional y de Faltas de la Ciudad Aut\\u00f3noma de Buenos Aires (CABA) inici\\u00f3 esta semana al juicio oral y p\\u00fablico (con p\\u00fablico restringido y sin acceso a la prensa) contra Raul Omar Durdos, secretario general del Sindicato de Obreros Mar\\u00edtimos Unidos. La exsecretaria de la Mujer del SOMU,\",\"inLanguage\":\"es-AR\",\"isPartOf\":{\"@id\":\"https:\\\/\\\/partedepesca.com.ar\\\/d\\\/#website\"},\"breadcrumb\":{\"@id\":\"https:\\\/\\\/partedepesca.com.ar\\\/d\\\/durdos-se-nego-a-declarar-en-la-primera-jornada-del-juicio-por-violencia-de-genero\\\/#breadcrumblist\"},\"author\":{\"@id\":\"https:\\\/\\\/partedepesca.com.ar\\\/d\\\/author\\\/redaccion\\\/#author\"},\"creator\":{\"@id\":\"https:\\\/\\\/partedepesca.com.ar\\\/d\\\/author\\\/redaccion\\\/#author\"},\"image\":{\"@type\":\"ImageObject\",\"url\":\"https:\\\/\\\/partedepesca.com.ar\\\/d\\\/wp-content\\\/uploads\\\/2026\\\/09\\\/SOMU-Raul-Omar-Durdos-SG-copia1.jpg\",\"@id\":\"https:\\\/\\\/partedepesca.com.ar\\\/d\\\/durdos-se-nego-a-declarar-en-la-primera-jornada-del-juicio-por-violencia-de-genero\\\/#mainImage\",\"width\":1447,\"height\":1087},\"primaryImageOfPage\":{\"@id\":\"https:\\\/\\\/partedepesca.com.ar\\\/d\\\/durdos-se-nego-a-declarar-en-la-primera-jornada-del-juicio-por-violencia-de-genero\\\/#mainImage\"},\"datePublished\":\"2026-09-02T09:04:44+00:00\",\"dateModified\":\"2026-09-02T09:19:59+00:00\"},{\"@type\":\"WebSite\",\"@id\":\"https:\\\/\\\/partedepesca.com.ar\\\/d\\\/#website\",\"url\":\"https:\\\/\\\/partedepesca.com.ar\\\/d\\\/\",\"name\":\"Parte de pesca\",\"description\":\"Novedades de la pesca sin filtro\",\"inLanguage\":\"es-AR\",\"publisher\":{\"@id\":\"https:\\\/\\\/partedepesca.com.ar\\\/d\\\/#organization\"}}]}\n\t\t<\/script>\n\t\t<!-- All in One SEO -->\n\n","aioseo_head_json":{"title":"SOMU: Durdos se neg\u00f3 a declarar en el inicio del juicio por violencia de g\u00e9nero - Parte de pesca","description":"El Juzgado N\u00b0 2 en lo Penal, Contravencional y de Faltas de la Ciudad Aut\u00f3noma de Buenos Aires (CABA) inici\u00f3 esta semana al juicio oral y p\u00fablico (con p\u00fablico restringido y sin acceso a la prensa) contra Raul Omar Durdos, secretario general del Sindicato de Obreros Mar\u00edtimos Unidos. La exsecretaria de la Mujer del SOMU,","canonical_url":"https:\/\/partedepesca.com.ar\/d\/durdos-se-nego-a-declarar-en-la-primera-jornada-del-juicio-por-violencia-de-genero\/","robots":"max-image-preview:large","keywords":"","webmasterTools":{"miscellaneous":""},"schema":{"@context":"https:\/\/schema.org","@graph":[{"@type":"BlogPosting","@id":"https:\/\/partedepesca.com.ar\/d\/durdos-se-nego-a-declarar-en-la-primera-jornada-del-juicio-por-violencia-de-genero\/#blogposting","name":"SOMU: Durdos se neg\u00f3 a declarar en el inicio del juicio por violencia de g\u00e9nero - Parte de pesca","headline":"SOMU: Durdos se neg\u00f3 a declarar en el inicio del juicio por violencia de g\u00e9nero","author":{"@id":"https:\/\/partedepesca.com.ar\/d\/author\/redaccion\/#author"},"publisher":{"@id":"https:\/\/partedepesca.com.ar\/d\/#organization"},"image":{"@type":"ImageObject","url":"https:\/\/partedepesca.com.ar\/d\/wp-content\/uploads\/2026\/09\/SOMU-Raul-Omar-Durdos-SG-copia1.jpg","width":1447,"height":1087},"datePublished":"2026-09-02T09:04:44+00:00","dateModified":"2026-09-02T09:19:59+00:00","inLanguage":"es-AR","mainEntityOfPage":{"@id":"https:\/\/partedepesca.com.ar\/d\/durdos-se-nego-a-declarar-en-la-primera-jornada-del-juicio-por-violencia-de-genero\/#webpage"},"isPartOf":{"@id":"https:\/\/partedepesca.com.ar\/d\/durdos-se-nego-a-declarar-en-la-primera-jornada-del-juicio-por-violencia-de-genero\/#webpage"},"articleSection":"Actualidad, FEATURED, desobediencia, discriminaci\u00f3n, featured, hostigamiento, Juicio Oral, maltrato, Raul Durdos, somu, violencia de genero"},{"@type":"BreadcrumbList","@id":"https:\/\/partedepesca.com.ar\/d\/durdos-se-nego-a-declarar-en-la-primera-jornada-del-juicio-por-violencia-de-genero\/#breadcrumblist","itemListElement":[{"@type":"ListItem","@id":"https:\/\/partedepesca.com.ar\/d#listItem","position":1,"name":"Home","item":"https:\/\/partedepesca.com.ar\/d","nextItem":{"@type":"ListItem","@id":"https:\/\/partedepesca.com.ar\/d\/temas\/actualidad\/#listItem","name":"Actualidad"}},{"@type":"ListItem","@id":"https:\/\/partedepesca.com.ar\/d\/temas\/actualidad\/#listItem","position":2,"name":"Actualidad","item":"https:\/\/partedepesca.com.ar\/d\/temas\/actualidad\/","nextItem":{"@type":"ListItem","@id":"https:\/\/partedepesca.com.ar\/d\/durdos-se-nego-a-declarar-en-la-primera-jornada-del-juicio-por-violencia-de-genero\/#listItem","name":"SOMU: Durdos se neg\u00f3 a declarar en el inicio del juicio por violencia de g\u00e9nero"},"previousItem":{"@type":"ListItem","@id":"https:\/\/partedepesca.com.ar\/d#listItem","name":"Home"}},{"@type":"ListItem","@id":"https:\/\/partedepesca.com.ar\/d\/durdos-se-nego-a-declarar-en-la-primera-jornada-del-juicio-por-violencia-de-genero\/#listItem","position":3,"name":"SOMU: Durdos se neg\u00f3 a declarar en el inicio del juicio por violencia de g\u00e9nero","previousItem":{"@type":"ListItem","@id":"https:\/\/partedepesca.com.ar\/d\/temas\/actualidad\/#listItem","name":"Actualidad"}}]},{"@type":"Organization","@id":"https:\/\/partedepesca.com.ar\/d\/#organization","name":"Parte de pesca","description":"Novedades de la pesca sin filtro","url":"https:\/\/partedepesca.com.ar\/d\/","logo":{"@type":"ImageObject","url":"https:\/\/partedepesca.com.ar\/d\/wp-content\/uploads\/2023\/03\/logoparte.jpg","@id":"https:\/\/partedepesca.com.ar\/d\/durdos-se-nego-a-declarar-en-la-primera-jornada-del-juicio-por-violencia-de-genero\/#organizationLogo","width":654,"height":402},"image":{"@id":"https:\/\/partedepesca.com.ar\/d\/durdos-se-nego-a-declarar-en-la-primera-jornada-del-juicio-por-violencia-de-genero\/#organizationLogo"}},{"@type":"Person","@id":"https:\/\/partedepesca.com.ar\/d\/author\/redaccion\/#author","url":"https:\/\/partedepesca.com.ar\/d\/author\/redaccion\/","name":"redaccion","image":{"@type":"ImageObject","@id":"https:\/\/partedepesca.com.ar\/d\/durdos-se-nego-a-declarar-en-la-primera-jornada-del-juicio-por-violencia-de-genero\/#authorImage","url":"https:\/\/secure.gravatar.com\/avatar\/573f0a5081c0a61fd6ac39287b5e137712bd2c79944a96eca6e6fe1474d00d0a?s=96&d=mm&r=g","width":96,"height":96,"caption":"redaccion"}},{"@type":"WebPage","@id":"https:\/\/partedepesca.com.ar\/d\/durdos-se-nego-a-declarar-en-la-primera-jornada-del-juicio-por-violencia-de-genero\/#webpage","url":"https:\/\/partedepesca.com.ar\/d\/durdos-se-nego-a-declarar-en-la-primera-jornada-del-juicio-por-violencia-de-genero\/","name":"SOMU: Durdos se neg\u00f3 a declarar en el inicio del juicio por violencia de g\u00e9nero - Parte de pesca","description":"El Juzgado N\u00b0 2 en lo Penal, Contravencional y de Faltas de la Ciudad Aut\u00f3noma de Buenos Aires (CABA) inici\u00f3 esta semana al juicio oral y p\u00fablico (con p\u00fablico restringido y sin acceso a la prensa) contra Raul Omar Durdos, secretario general del Sindicato de Obreros Mar\u00edtimos Unidos. La exsecretaria de la Mujer del SOMU,","inLanguage":"es-AR","isPartOf":{"@id":"https:\/\/partedepesca.com.ar\/d\/#website"},"breadcrumb":{"@id":"https:\/\/partedepesca.com.ar\/d\/durdos-se-nego-a-declarar-en-la-primera-jornada-del-juicio-por-violencia-de-genero\/#breadcrumblist"},"author":{"@id":"https:\/\/partedepesca.com.ar\/d\/author\/redaccion\/#author"},"creator":{"@id":"https:\/\/partedepesca.com.ar\/d\/author\/redaccion\/#author"},"image":{"@type":"ImageObject","url":"https:\/\/partedepesca.com.ar\/d\/wp-content\/uploads\/2026\/09\/SOMU-Raul-Omar-Durdos-SG-copia1.jpg","@id":"https:\/\/partedepesca.com.ar\/d\/durdos-se-nego-a-declarar-en-la-primera-jornada-del-juicio-por-violencia-de-genero\/#mainImage","width":1447,"height":1087},"primaryImageOfPage":{"@id":"https:\/\/partedepesca.com.ar\/d\/durdos-se-nego-a-declarar-en-la-primera-jornada-del-juicio-por-violencia-de-genero\/#mainImage"},"datePublished":"2026-09-02T09:04:44+00:00","dateModified":"2026-09-02T09:19:59+00:00"},{"@type":"WebSite","@id":"https:\/\/partedepesca.com.ar\/d\/#website","url":"https:\/\/partedepesca.com.ar\/d\/","name":"Parte de pesca","description":"Novedades de la pesca sin filtro","inLanguage":"es-AR","publisher":{"@id":"https:\/\/partedepesca.com.ar\/d\/#organization"}}]},"og:locale":"es_ES","og:site_name":"Parte de pesca - Novedades de la pesca sin filtro","og:type":"article","og:title":"SOMU: Durdos se neg\u00f3 a declarar en el inicio del juicio por violencia de g\u00e9nero - Parte de pesca","og:description":"El Juzgado N\u00b0 2 en lo Penal, Contravencional y de Faltas de la Ciudad Aut\u00f3noma de Buenos Aires (CABA) inici\u00f3 esta semana al juicio oral y p\u00fablico (con p\u00fablico restringido y sin acceso a la prensa) contra Raul Omar Durdos, secretario general del Sindicato de Obreros Mar\u00edtimos Unidos. La exsecretaria de la Mujer del SOMU,","og:url":"https:\/\/partedepesca.com.ar\/d\/durdos-se-nego-a-declarar-en-la-primera-jornada-del-juicio-por-violencia-de-genero\/","og:image":"https:\/\/partedepesca.com.ar\/d\/wp-content\/uploads\/2026\/09\/SOMU-Raul-Omar-Durdos-SG-copia1.jpg","og:image:secure_url":"https:\/\/partedepesca.com.ar\/d\/wp-content\/uploads\/2026\/09\/SOMU-Raul-Omar-Durdos-SG-copia1.jpg","og:image:width":1447,"og:image:height":1087,"article:published_time":"2026-09-02T09:04:44+00:00","article:modified_time":"2026-09-02T09:19:59+00:00","twitter:card":"summary_large_image","twitter:title":"SOMU: Durdos se neg\u00f3 a declarar en el inicio del juicio por violencia de g\u00e9nero - Parte de pesca","twitter:description":"El Juzgado N\u00b0 2 en lo Penal, Contravencional y de Faltas de la Ciudad Aut\u00f3noma de Buenos Aires (CABA) inici\u00f3 esta semana al juicio oral y p\u00fablico (con p\u00fablico restringido y sin acceso a la prensa) contra Raul Omar Durdos, secretario general del Sindicato de Obreros Mar\u00edtimos Unidos. La exsecretaria de la Mujer del SOMU,","twitter:image":"https:\/\/partedepesca.com.ar\/d\/wp-content\/uploads\/2026\/09\/SOMU-Raul-Omar-Durdos-SG-copia1.jpg"},"aioseo_meta_data":{"post_id":"17090","title":null,"description":null,"keywords":null,"keyphrases":{"focus":{"keyphrase":"","score":0,"analysis":{"keyphraseInTitle":{"score":0,"maxScore":9,"error":1}}},"additional":[]},"primary_term":null,"canonical_url":null,"og_title":null,"og_description":null,"og_object_type":"default","og_image_type":"default","og_image_url":null,"og_image_width":null,"og_image_height":null,"og_image_custom_url":null,"og_image_custom_fields":null,"og_video":"","og_custom_url":null,"og_article_section":null,"og_article_tags":null,"twitter_use_og":false,"twitter_card":"default","twitter_image_type":"default","twitter_image_url":null,"twitter_image_custom_url":null,"twitter_image_custom_fields":null,"twitter_title":null,"twitter_description":null,"schema":{"blockGraphs":[],"customGraphs":[],"default":{"data":{"Article":[],"Course":[],"Dataset":[],"FAQPage":[],"Movie":[],"Person":[],"Product":[],"ProductReview":[],"Car":[],"Recipe":[],"Service":[],"SoftwareApplication":[],"WebPage":[]},"graphName":"BlogPosting","isEnabled":true},"graphs":[]},"schema_type":"default","schema_type_options":null,"pillar_content":false,"robots_default":true,"robots_noindex":false,"robots_noarchive":false,"robots_nosnippet":false,"robots_nofollow":false,"robots_noimageindex":false,"robots_noodp":false,"robots_notranslate":false,"robots_max_snippet":"-1","robots_max_videopreview":"-1","robots_max_imagepreview":"large","priority":null,"frequency":"default","local_seo":null,"breadcrumb_settings":null,"limit_modified_date":false,"ai":{"faqs":[],"keyPoints":[],"schemas":[],"titles":[],"descriptions":[],"socialPosts":{"email":{"subject":"","preview":"","content":""},"linkedin":[],"twitter":[],"facebook":[],"instagram":[]}},"created":"2026-09-02 08:27:39","updated":"2026-09-02 09:21:13","seo_analyzer_scan_date":null},"aioseo_breadcrumb":"<div class=\"aioseo-breadcrumbs\"><span class=\"aioseo-breadcrumb\">\n\t\t\t<a href=\"https:\/\/partedepesca.com.ar\/d\" title=\"Home\">Home<\/a>\n\t\t<\/span><span class=\"aioseo-breadcrumb-separator\">&raquo;<\/span><span class=\"aioseo-breadcrumb\">\n\t\t\t<a href=\"https:\/\/partedepesca.com.ar\/d\/temas\/actualidad\/\" title=\"Actualidad\">Actualidad<\/a>\n\t\t<\/span><span class=\"aioseo-breadcrumb-separator\">&raquo;<\/span><span class=\"aioseo-breadcrumb\">\n\t\t\tSOMU: Durdos se neg\u00f3 a declarar en el inicio del juicio por violencia de g\u00e9nero\n\t\t<\/span><\/div>","aioseo_breadcrumb_json":[{"label":"Home","link":"https:\/\/partedepesca.com.ar\/d"},{"label":"Actualidad","link":"https:\/\/partedepesca.com.ar\/d\/temas\/actualidad\/"},{"label":"SOMU: Durdos se neg\u00f3 a declarar en el inicio del juicio por violencia de g\u00e9nero","link":"https:\/\/partedepesca.com.ar\/d\/durdos-se-nego-a-declarar-en-la-primera-jornada-del-juicio-por-violencia-de-genero\/"}],"amp_enabled":true,"_links":{"self":[{"href":"https:\/\/partedepesca.com.ar\/d\/wp-json\/wp\/v2\/posts\/17090","targetHints":{"allow":["GET"]}}],"collection":[{"href":"https:\/\/partedepesca.com.ar\/d\/wp-json\/wp\/v2\/posts"}],"about":[{"href":"https:\/\/partedepesca.com.ar\/d\/wp-json\/wp\/v2\/types\/post"}],"author":[{"embeddable":true,"href":"https:\/\/partedepesca.com.ar\/d\/wp-json\/wp\/v2\/users\/4"}],"replies":[{"embeddable":true,"href":"https:\/\/partedepesca.com.ar\/d\/wp-json\/wp\/v2\/comments?post=17090"}],"version-history":[{"count":5,"href":"https:\/\/partedepesca.com.ar\/d\/wp-json\/wp\/v2\/posts\/17090\/revisions"}],"predecessor-version":[{"id":17096,"href":"https:\/\/partedepesca.com.ar\/d\/wp-json\/wp\/v2\/posts\/17090\/revisions\/17096"}],"wp:featuredmedia":[{"embeddable":true,"href":"https:\/\/partedepesca.com.ar\/d\/wp-json\/wp\/v2\/media\/17091"}],"wp:attachment":[{"href":"https:\/\/partedepesca.com.ar\/d\/wp-json\/wp\/v2\/media?parent=17090"}],"wp:term":[{"taxonomy":"category","embeddable":true,"href":"https:\/\/partedepesca.com.ar\/d\/wp-json\/wp\/v2\/categories?post=17090"},{"taxonomy":"post_tag","embeddable":true,"href":"https:\/\/partedepesca.com.ar\/d\/wp-json\/wp\/v2\/tags?post=17090"}],"curies":[{"name":"wp","href":"https:\/\/api.w.org\/{rel}","templated":true}]}}