{"id":17077,"date":"2026-09-01T00:12:00","date_gmt":"2026-09-01T00:12:00","guid":{"rendered":"https:\/\/partedepesca.com.ar\/d\/?p=17077"},"modified":"2026-09-01T01:15:48","modified_gmt":"2026-09-01T01:15:48","slug":"mar-del-plata-incorpora-almacenamiento-para-200-contenedores-reefers","status":"publish","type":"post","link":"https:\/\/partedepesca.com.ar\/d\/mar-del-plata-incorpora-almacenamiento-para-200-contenedores-reefers\/","title":{"rendered":"Mar del Plata incorpora almacenamiento para 200 contenedores reefers"},"content":{"rendered":"\n<p class=\"wp-block-paragraph\">Un nuevo centro log\u00edstico integral denominado <strong>\u201cPunto Cero\u201d <\/strong>fue inaugurado este lunes en un sector de la antigua y emblem\u00e1tica Manzana de los Circos, ubicado frente al <strong>Puerto de Mar del Plata<\/strong>, con el objetivo de ampliar la capacidad operativa y de transporte y fortalecer la actividad productiva de la regi\u00f3n focalizada en la <strong>pesca, papas fritas y kiwi<\/strong>.<\/p>\n\n\n\n<p class=\"wp-block-paragraph\">El proyecto fue impulsado por el Consorcio Portuario Regional Mar del Plata y demand\u00f3 casi dos a\u00f1os de trabajos para recuperar y refuncionalizar un \u00e1rea considerada estrat\u00e9gica dentro de la jurisdicci\u00f3n portuaria.<\/p>\n\n\n\n<p class=\"wp-block-paragraph\">De la inauguraci\u00f3n participaron el intendente <strong>Agust\u00edn Neme<\/strong>, el senador <strong>Guillermo Montenegro<\/strong>, el presidente del Consorcio Portuario, <strong>Marcos Guti\u00e9rrez<\/strong>, el ministro de Desarrollo Agrario bonaerense <strong>Javier Rodr\u00edguez<\/strong>, la senadora <strong>Fernanda Raverta<\/strong> y empresarios, entre otros.<\/p>\n\n\n\n<p class=\"wp-block-paragraph\">La actividad cont\u00f3 adem\u00e1s con una importante presencia de empresarios vinculados al Puerto, entre ellos<strong>&nbsp;Antonio Solimeno,<\/strong>&nbsp;quien se convirti\u00f3 en el primer cliente de Punto Cero, y tambi\u00e9n&nbsp;<strong>Domingo Contessi,<\/strong>&nbsp;cuyo astillero funciona enfrente, consign\u00f3 el diario La Capital.<\/p>\n\n\n\n<figure class=\"wp-block-image size-large\"><a href=\"https:\/\/partedepesca.com.ar\/d\/wp-content\/uploads\/2026\/09\/montenegro-y-solimeno.jpeg\"><img fetchpriority=\"high\" decoding=\"async\" width=\"1024\" height=\"576\" src=\"https:\/\/partedepesca.com.ar\/d\/wp-content\/uploads\/2026\/09\/montenegro-y-solimeno-1024x576.jpeg\" alt=\"\" class=\"wp-image-17079\" srcset=\"https:\/\/partedepesca.com.ar\/d\/wp-content\/uploads\/2026\/09\/montenegro-y-solimeno-1024x576.jpeg 1024w, https:\/\/partedepesca.com.ar\/d\/wp-content\/uploads\/2026\/09\/montenegro-y-solimeno-300x169.jpeg 300w, https:\/\/partedepesca.com.ar\/d\/wp-content\/uploads\/2026\/09\/montenegro-y-solimeno-1536x864.jpeg 1536w, https:\/\/partedepesca.com.ar\/d\/wp-content\/uploads\/2026\/09\/montenegro-y-solimeno-149x84.jpeg 149w, https:\/\/partedepesca.com.ar\/d\/wp-content\/uploads\/2026\/09\/montenegro-y-solimeno-450x253.jpeg 450w, https:\/\/partedepesca.com.ar\/d\/wp-content\/uploads\/2026\/09\/montenegro-y-solimeno-1200x675.jpeg 1200w, https:\/\/partedepesca.com.ar\/d\/wp-content\/uploads\/2026\/09\/montenegro-y-solimeno.jpeg 1600w\" sizes=\"(max-width: 1024px) 100vw, 1024px\" \/><\/a><\/figure>\n\n\n\n<p class=\"wp-block-paragraph\">La nueva infraestructura permitir\u00e1 incrementar la capacidad log\u00edstica y operativa de la zona y brindar servicios vinculados al \u00faltimo eslab\u00f3n de la cadena de valor del comercio exterior regional.<\/p>\n\n\n\n<p class=\"wp-block-paragraph\">Durante el acto de inauguraci\u00f3n, el director de Punto Cero, <strong>Juan Mart\u00edn Fern\u00e1ndez<\/strong>, destac\u00f3 que la iniciativa representa \u201cun punto de partida para un proceso de transformaci\u00f3n de la infraestructura portuaria\u201d.<\/p>\n\n\n\n<p class=\"wp-block-paragraph\">Fern\u00e1ndez explic\u00f3 que el proyecto surgi\u00f3 con la intenci\u00f3n de que estuviera alineado con un plan estrat\u00e9gico para el Puerto y se\u00f1al\u00f3 que finalmente el Consorcio Portuario otorg\u00f3 un predio de 10.000 metros cuadrados para concretar la iniciativa.<\/p>\n\n\n\n<p class=\"wp-block-paragraph\">\u201cSab\u00edamos que era un \u00e9xito antes de arrancar\u201d, afirm\u00f3 el empresario, quien record\u00f3 que durante el desarrollo de las obras incluso recibi\u00f3 comentarios de vecinos que se preguntaban qu\u00e9 se construir\u00eda en el lugar.<\/p>\n\n\n\n<figure class=\"wp-block-image size-full\"><a href=\"https:\/\/partedepesca.com.ar\/d\/wp-content\/uploads\/2026\/09\/punto-cero-mdq-copia.jpg\"><img decoding=\"async\" width=\"992\" height=\"558\" src=\"https:\/\/partedepesca.com.ar\/d\/wp-content\/uploads\/2026\/09\/punto-cero-mdq-copia.jpg\" alt=\"\" class=\"wp-image-17080\" srcset=\"https:\/\/partedepesca.com.ar\/d\/wp-content\/uploads\/2026\/09\/punto-cero-mdq-copia.jpg 992w, https:\/\/partedepesca.com.ar\/d\/wp-content\/uploads\/2026\/09\/punto-cero-mdq-copia-149x84.jpg 149w, https:\/\/partedepesca.com.ar\/d\/wp-content\/uploads\/2026\/09\/punto-cero-mdq-copia-450x253.jpg 450w, https:\/\/partedepesca.com.ar\/d\/wp-content\/uploads\/2026\/09\/punto-cero-mdq-copia-300x169.jpg 300w\" sizes=\"(max-width: 992px) 100vw, 992px\" \/><\/a><\/figure>\n\n\n\n<p class=\"wp-block-paragraph\">Punto Cero cuenta con <strong>capacidad para almacenar hasta 200 contenedores de 40 pies<\/strong> y, seg\u00fan sus impulsores, tambi\u00e9n representa una importante fuente de generaci\u00f3n de puestos de trabajo.<\/p>\n\n\n\n<p class=\"wp-block-paragraph\">El ministro Rodr\u00edguez destac\u00f3 la puesta en marcha del centro log\u00edstico y remarc\u00f3 la importancia de \u201capostar a la producci\u00f3n y al trabajo\u201d. El funcionario sostuvo que la inversi\u00f3n permitir\u00e1 mejorar la log\u00edstica y la <strong>infraestructura vinculada a la capacidad frigor\u00edfica<\/strong>, con impacto no s\u00f3lo en Mar del Plata sino tambi\u00e9n en las localidades de la regi\u00f3n. \u201cDesde la provincia entendemos que los puertos tienen que ser un factor de desarrollo regional\u201d, afirm\u00f3.<\/p>\n\n\n\n<p class=\"wp-block-paragraph\"><\/p>\n","protected":false},"excerpt":{"rendered":"<p>Un nuevo centro log\u00edstico integral denominado \u201cPunto Cero\u201d fue inaugurado este lunes en un sector de la antigua y emblem\u00e1tica Manzana de los Circos, ubicado frente al Puerto de Mar del Plata, con el objetivo de ampliar la capacidad operativa y de transporte y fortalecer la actividad productiva de la regi\u00f3n focalizada en la pesca,<\/p>\n","protected":false},"author":4,"featured_media":17078,"comment_status":"open","ping_status":"open","sticky":false,"template":"","format":"standard","meta":{"om_disable_all_campaigns":false,"_monsterinsights_skip_tracking":false,"footnotes":""},"categories":[9,10],"tags":[3100,91,663,1983,3099],"class_list":["post-17077","post","type-post","status-publish","format-standard","has-post-thumbnail","category-actualidad","category-featured","tag-contenedores-reefers","tag-featured","tag-mar-del-plata","tag-puerto-mar-del-plata","tag-punto-cero"],"aioseo_notices":[],"aioseo_head":"\n\t\t<!-- All in One SEO 4.9.10 - aioseo.com -->\n\t<meta name=\"description\" content=\"Un nuevo centro log\u00edstico integral denominado \u201cPunto Cero\u201d fue inaugurado este lunes en un sector de la antigua y emblem\u00e1tica Manzana de los Circos, ubicado frente al Puerto de Mar del Plata, con el objetivo de ampliar la capacidad operativa y de transporte y fortalecer la actividad productiva de la regi\u00f3n focalizada en la pesca,\" \/>\n\t<meta name=\"robots\" content=\"max-image-preview:large\" \/>\n\t<meta name=\"author\" content=\"redaccion\"\/>\n\t<link rel=\"canonical\" href=\"https:\/\/partedepesca.com.ar\/d\/mar-del-plata-incorpora-almacenamiento-para-200-contenedores-reefers\/\" \/>\n\t<meta name=\"generator\" content=\"All in One SEO (AIOSEO) 4.9.10\" \/>\n\t\t<meta property=\"og:locale\" content=\"es_ES\" \/>\n\t\t<meta property=\"og:site_name\" content=\"Parte de pesca - Novedades de la pesca sin filtro\" \/>\n\t\t<meta property=\"og:type\" content=\"article\" \/>\n\t\t<meta property=\"og:title\" content=\"Mar del Plata incorpora almacenamiento para 200 contenedores reefers - Parte de pesca\" \/>\n\t\t<meta property=\"og:description\" content=\"Un nuevo centro log\u00edstico integral denominado \u201cPunto Cero\u201d fue inaugurado este lunes en un sector de la antigua y emblem\u00e1tica Manzana de los Circos, ubicado frente al Puerto de Mar del Plata, con el objetivo de ampliar la capacidad operativa y de transporte y fortalecer la actividad productiva de la regi\u00f3n focalizada en la pesca,\" \/>\n\t\t<meta property=\"og:url\" content=\"https:\/\/partedepesca.com.ar\/d\/mar-del-plata-incorpora-almacenamiento-para-200-contenedores-reefers\/\" \/>\n\t\t<meta property=\"og:image\" content=\"https:\/\/partedepesca.com.ar\/d\/wp-content\/uploads\/2026\/09\/punto-cero-mar-del-plata-puerto.jpeg\" \/>\n\t\t<meta property=\"og:image:secure_url\" content=\"https:\/\/partedepesca.com.ar\/d\/wp-content\/uploads\/2026\/09\/punto-cero-mar-del-plata-puerto.jpeg\" \/>\n\t\t<meta property=\"og:image:width\" content=\"1600\" \/>\n\t\t<meta property=\"og:image:height\" content=\"1069\" \/>\n\t\t<meta property=\"article:published_time\" content=\"2026-09-01T00:12:00+00:00\" \/>\n\t\t<meta property=\"article:modified_time\" content=\"2026-09-01T01:15:48+00:00\" \/>\n\t\t<meta name=\"twitter:card\" content=\"summary_large_image\" \/>\n\t\t<meta name=\"twitter:title\" content=\"Mar del Plata incorpora almacenamiento para 200 contenedores reefers - Parte de pesca\" \/>\n\t\t<meta name=\"twitter:description\" content=\"Un nuevo centro log\u00edstico integral denominado \u201cPunto Cero\u201d fue inaugurado este lunes en un sector de la antigua y emblem\u00e1tica Manzana de los Circos, ubicado frente al Puerto de Mar del Plata, con el objetivo de ampliar la capacidad operativa y de transporte y fortalecer la actividad productiva de la regi\u00f3n focalizada en la pesca,\" \/>\n\t\t<meta name=\"twitter:image\" content=\"https:\/\/partedepesca.com.ar\/d\/wp-content\/uploads\/2026\/09\/punto-cero-mar-del-plata-puerto.jpeg\" \/>\n\t\t<script type=\"application\/ld+json\" class=\"aioseo-schema\">\n\t\t\t{\"@context\":\"https:\\\/\\\/schema.org\",\"@graph\":[{\"@type\":\"BlogPosting\",\"@id\":\"https:\\\/\\\/partedepesca.com.ar\\\/d\\\/mar-del-plata-incorpora-almacenamiento-para-200-contenedores-reefers\\\/#blogposting\",\"name\":\"Mar del Plata incorpora almacenamiento para 200 contenedores reefers - Parte de pesca\",\"headline\":\"Mar del Plata incorpora almacenamiento para 200 contenedores reefers\",\"author\":{\"@id\":\"https:\\\/\\\/partedepesca.com.ar\\\/d\\\/author\\\/redaccion\\\/#author\"},\"publisher\":{\"@id\":\"https:\\\/\\\/partedepesca.com.ar\\\/d\\\/#organization\"},\"image\":{\"@type\":\"ImageObject\",\"url\":\"https:\\\/\\\/partedepesca.com.ar\\\/d\\\/wp-content\\\/uploads\\\/2026\\\/09\\\/punto-cero-mar-del-plata-puerto.jpeg\",\"width\":1600,\"height\":1069},\"datePublished\":\"2026-09-01T00:12:00+00:00\",\"dateModified\":\"2026-09-01T01:15:48+00:00\",\"inLanguage\":\"es-AR\",\"mainEntityOfPage\":{\"@id\":\"https:\\\/\\\/partedepesca.com.ar\\\/d\\\/mar-del-plata-incorpora-almacenamiento-para-200-contenedores-reefers\\\/#webpage\"},\"isPartOf\":{\"@id\":\"https:\\\/\\\/partedepesca.com.ar\\\/d\\\/mar-del-plata-incorpora-almacenamiento-para-200-contenedores-reefers\\\/#webpage\"},\"articleSection\":\"Actualidad, FEATURED, contenedores reefers, featured, mar del plata, puerto mar del plata, Punto Cero\"},{\"@type\":\"BreadcrumbList\",\"@id\":\"https:\\\/\\\/partedepesca.com.ar\\\/d\\\/mar-del-plata-incorpora-almacenamiento-para-200-contenedores-reefers\\\/#breadcrumblist\",\"itemListElement\":[{\"@type\":\"ListItem\",\"@id\":\"https:\\\/\\\/partedepesca.com.ar\\\/d#listItem\",\"position\":1,\"name\":\"Home\",\"item\":\"https:\\\/\\\/partedepesca.com.ar\\\/d\",\"nextItem\":{\"@type\":\"ListItem\",\"@id\":\"https:\\\/\\\/partedepesca.com.ar\\\/d\\\/temas\\\/actualidad\\\/#listItem\",\"name\":\"Actualidad\"}},{\"@type\":\"ListItem\",\"@id\":\"https:\\\/\\\/partedepesca.com.ar\\\/d\\\/temas\\\/actualidad\\\/#listItem\",\"position\":2,\"name\":\"Actualidad\",\"item\":\"https:\\\/\\\/partedepesca.com.ar\\\/d\\\/temas\\\/actualidad\\\/\",\"nextItem\":{\"@type\":\"ListItem\",\"@id\":\"https:\\\/\\\/partedepesca.com.ar\\\/d\\\/mar-del-plata-incorpora-almacenamiento-para-200-contenedores-reefers\\\/#listItem\",\"name\":\"Mar del Plata incorpora almacenamiento para 200 contenedores reefers\"},\"previousItem\":{\"@type\":\"ListItem\",\"@id\":\"https:\\\/\\\/partedepesca.com.ar\\\/d#listItem\",\"name\":\"Home\"}},{\"@type\":\"ListItem\",\"@id\":\"https:\\\/\\\/partedepesca.com.ar\\\/d\\\/mar-del-plata-incorpora-almacenamiento-para-200-contenedores-reefers\\\/#listItem\",\"position\":3,\"name\":\"Mar del Plata incorpora almacenamiento para 200 contenedores reefers\",\"previousItem\":{\"@type\":\"ListItem\",\"@id\":\"https:\\\/\\\/partedepesca.com.ar\\\/d\\\/temas\\\/actualidad\\\/#listItem\",\"name\":\"Actualidad\"}}]},{\"@type\":\"Organization\",\"@id\":\"https:\\\/\\\/partedepesca.com.ar\\\/d\\\/#organization\",\"name\":\"Parte de pesca\",\"description\":\"Novedades de la pesca sin filtro\",\"url\":\"https:\\\/\\\/partedepesca.com.ar\\\/d\\\/\",\"logo\":{\"@type\":\"ImageObject\",\"url\":\"https:\\\/\\\/partedepesca.com.ar\\\/d\\\/wp-content\\\/uploads\\\/2023\\\/03\\\/logoparte.jpg\",\"@id\":\"https:\\\/\\\/partedepesca.com.ar\\\/d\\\/mar-del-plata-incorpora-almacenamiento-para-200-contenedores-reefers\\\/#organizationLogo\",\"width\":654,\"height\":402},\"image\":{\"@id\":\"https:\\\/\\\/partedepesca.com.ar\\\/d\\\/mar-del-plata-incorpora-almacenamiento-para-200-contenedores-reefers\\\/#organizationLogo\"}},{\"@type\":\"Person\",\"@id\":\"https:\\\/\\\/partedepesca.com.ar\\\/d\\\/author\\\/redaccion\\\/#author\",\"url\":\"https:\\\/\\\/partedepesca.com.ar\\\/d\\\/author\\\/redaccion\\\/\",\"name\":\"redaccion\",\"image\":{\"@type\":\"ImageObject\",\"@id\":\"https:\\\/\\\/partedepesca.com.ar\\\/d\\\/mar-del-plata-incorpora-almacenamiento-para-200-contenedores-reefers\\\/#authorImage\",\"url\":\"https:\\\/\\\/secure.gravatar.com\\\/avatar\\\/573f0a5081c0a61fd6ac39287b5e137712bd2c79944a96eca6e6fe1474d00d0a?s=96&d=mm&r=g\",\"width\":96,\"height\":96,\"caption\":\"redaccion\"}},{\"@type\":\"WebPage\",\"@id\":\"https:\\\/\\\/partedepesca.com.ar\\\/d\\\/mar-del-plata-incorpora-almacenamiento-para-200-contenedores-reefers\\\/#webpage\",\"url\":\"https:\\\/\\\/partedepesca.com.ar\\\/d\\\/mar-del-plata-incorpora-almacenamiento-para-200-contenedores-reefers\\\/\",\"name\":\"Mar del Plata incorpora almacenamiento para 200 contenedores reefers - Parte de pesca\",\"description\":\"Un nuevo centro log\\u00edstico integral denominado \\u201cPunto Cero\\u201d fue inaugurado este lunes en un sector de la antigua y emblem\\u00e1tica Manzana de los Circos, ubicado frente al Puerto de Mar del Plata, con el objetivo de ampliar la capacidad operativa y de transporte y fortalecer la actividad productiva de la regi\\u00f3n focalizada en la pesca,\",\"inLanguage\":\"es-AR\",\"isPartOf\":{\"@id\":\"https:\\\/\\\/partedepesca.com.ar\\\/d\\\/#website\"},\"breadcrumb\":{\"@id\":\"https:\\\/\\\/partedepesca.com.ar\\\/d\\\/mar-del-plata-incorpora-almacenamiento-para-200-contenedores-reefers\\\/#breadcrumblist\"},\"author\":{\"@id\":\"https:\\\/\\\/partedepesca.com.ar\\\/d\\\/author\\\/redaccion\\\/#author\"},\"creator\":{\"@id\":\"https:\\\/\\\/partedepesca.com.ar\\\/d\\\/author\\\/redaccion\\\/#author\"},\"image\":{\"@type\":\"ImageObject\",\"url\":\"https:\\\/\\\/partedepesca.com.ar\\\/d\\\/wp-content\\\/uploads\\\/2026\\\/09\\\/punto-cero-mar-del-plata-puerto.jpeg\",\"@id\":\"https:\\\/\\\/partedepesca.com.ar\\\/d\\\/mar-del-plata-incorpora-almacenamiento-para-200-contenedores-reefers\\\/#mainImage\",\"width\":1600,\"height\":1069},\"primaryImageOfPage\":{\"@id\":\"https:\\\/\\\/partedepesca.com.ar\\\/d\\\/mar-del-plata-incorpora-almacenamiento-para-200-contenedores-reefers\\\/#mainImage\"},\"datePublished\":\"2026-09-01T00:12:00+00:00\",\"dateModified\":\"2026-09-01T01:15:48+00:00\"},{\"@type\":\"WebSite\",\"@id\":\"https:\\\/\\\/partedepesca.com.ar\\\/d\\\/#website\",\"url\":\"https:\\\/\\\/partedepesca.com.ar\\\/d\\\/\",\"name\":\"Parte de pesca\",\"description\":\"Novedades de la pesca sin filtro\",\"inLanguage\":\"es-AR\",\"publisher\":{\"@id\":\"https:\\\/\\\/partedepesca.com.ar\\\/d\\\/#organization\"}}]}\n\t\t<\/script>\n\t\t<!-- All in One SEO -->\n\n","aioseo_head_json":{"title":"Mar del Plata incorpora almacenamiento para 200 contenedores reefers - Parte de pesca","description":"Un nuevo centro log\u00edstico integral denominado \u201cPunto Cero\u201d fue inaugurado este lunes en un sector de la antigua y emblem\u00e1tica Manzana de los Circos, ubicado frente al Puerto de Mar del Plata, con el objetivo de ampliar la capacidad operativa y de transporte y fortalecer la actividad productiva de la regi\u00f3n focalizada en la pesca,","canonical_url":"https:\/\/partedepesca.com.ar\/d\/mar-del-plata-incorpora-almacenamiento-para-200-contenedores-reefers\/","robots":"max-image-preview:large","keywords":"","webmasterTools":{"miscellaneous":""},"schema":{"@context":"https:\/\/schema.org","@graph":[{"@type":"BlogPosting","@id":"https:\/\/partedepesca.com.ar\/d\/mar-del-plata-incorpora-almacenamiento-para-200-contenedores-reefers\/#blogposting","name":"Mar del Plata incorpora almacenamiento para 200 contenedores reefers - Parte de pesca","headline":"Mar del Plata incorpora almacenamiento para 200 contenedores reefers","author":{"@id":"https:\/\/partedepesca.com.ar\/d\/author\/redaccion\/#author"},"publisher":{"@id":"https:\/\/partedepesca.com.ar\/d\/#organization"},"image":{"@type":"ImageObject","url":"https:\/\/partedepesca.com.ar\/d\/wp-content\/uploads\/2026\/09\/punto-cero-mar-del-plata-puerto.jpeg","width":1600,"height":1069},"datePublished":"2026-09-01T00:12:00+00:00","dateModified":"2026-09-01T01:15:48+00:00","inLanguage":"es-AR","mainEntityOfPage":{"@id":"https:\/\/partedepesca.com.ar\/d\/mar-del-plata-incorpora-almacenamiento-para-200-contenedores-reefers\/#webpage"},"isPartOf":{"@id":"https:\/\/partedepesca.com.ar\/d\/mar-del-plata-incorpora-almacenamiento-para-200-contenedores-reefers\/#webpage"},"articleSection":"Actualidad, FEATURED, contenedores reefers, featured, mar del plata, puerto mar del plata, Punto Cero"},{"@type":"BreadcrumbList","@id":"https:\/\/partedepesca.com.ar\/d\/mar-del-plata-incorpora-almacenamiento-para-200-contenedores-reefers\/#breadcrumblist","itemListElement":[{"@type":"ListItem","@id":"https:\/\/partedepesca.com.ar\/d#listItem","position":1,"name":"Home","item":"https:\/\/partedepesca.com.ar\/d","nextItem":{"@type":"ListItem","@id":"https:\/\/partedepesca.com.ar\/d\/temas\/actualidad\/#listItem","name":"Actualidad"}},{"@type":"ListItem","@id":"https:\/\/partedepesca.com.ar\/d\/temas\/actualidad\/#listItem","position":2,"name":"Actualidad","item":"https:\/\/partedepesca.com.ar\/d\/temas\/actualidad\/","nextItem":{"@type":"ListItem","@id":"https:\/\/partedepesca.com.ar\/d\/mar-del-plata-incorpora-almacenamiento-para-200-contenedores-reefers\/#listItem","name":"Mar del Plata incorpora almacenamiento para 200 contenedores reefers"},"previousItem":{"@type":"ListItem","@id":"https:\/\/partedepesca.com.ar\/d#listItem","name":"Home"}},{"@type":"ListItem","@id":"https:\/\/partedepesca.com.ar\/d\/mar-del-plata-incorpora-almacenamiento-para-200-contenedores-reefers\/#listItem","position":3,"name":"Mar del Plata incorpora almacenamiento para 200 contenedores reefers","previousItem":{"@type":"ListItem","@id":"https:\/\/partedepesca.com.ar\/d\/temas\/actualidad\/#listItem","name":"Actualidad"}}]},{"@type":"Organization","@id":"https:\/\/partedepesca.com.ar\/d\/#organization","name":"Parte de pesca","description":"Novedades de la pesca sin filtro","url":"https:\/\/partedepesca.com.ar\/d\/","logo":{"@type":"ImageObject","url":"https:\/\/partedepesca.com.ar\/d\/wp-content\/uploads\/2023\/03\/logoparte.jpg","@id":"https:\/\/partedepesca.com.ar\/d\/mar-del-plata-incorpora-almacenamiento-para-200-contenedores-reefers\/#organizationLogo","width":654,"height":402},"image":{"@id":"https:\/\/partedepesca.com.ar\/d\/mar-del-plata-incorpora-almacenamiento-para-200-contenedores-reefers\/#organizationLogo"}},{"@type":"Person","@id":"https:\/\/partedepesca.com.ar\/d\/author\/redaccion\/#author","url":"https:\/\/partedepesca.com.ar\/d\/author\/redaccion\/","name":"redaccion","image":{"@type":"ImageObject","@id":"https:\/\/partedepesca.com.ar\/d\/mar-del-plata-incorpora-almacenamiento-para-200-contenedores-reefers\/#authorImage","url":"https:\/\/secure.gravatar.com\/avatar\/573f0a5081c0a61fd6ac39287b5e137712bd2c79944a96eca6e6fe1474d00d0a?s=96&d=mm&r=g","width":96,"height":96,"caption":"redaccion"}},{"@type":"WebPage","@id":"https:\/\/partedepesca.com.ar\/d\/mar-del-plata-incorpora-almacenamiento-para-200-contenedores-reefers\/#webpage","url":"https:\/\/partedepesca.com.ar\/d\/mar-del-plata-incorpora-almacenamiento-para-200-contenedores-reefers\/","name":"Mar del Plata incorpora almacenamiento para 200 contenedores reefers - Parte de pesca","description":"Un nuevo centro log\u00edstico integral denominado \u201cPunto Cero\u201d fue inaugurado este lunes en un sector de la antigua y emblem\u00e1tica Manzana de los Circos, ubicado frente al Puerto de Mar del Plata, con el objetivo de ampliar la capacidad operativa y de transporte y fortalecer la actividad productiva de la regi\u00f3n focalizada en la pesca,","inLanguage":"es-AR","isPartOf":{"@id":"https:\/\/partedepesca.com.ar\/d\/#website"},"breadcrumb":{"@id":"https:\/\/partedepesca.com.ar\/d\/mar-del-plata-incorpora-almacenamiento-para-200-contenedores-reefers\/#breadcrumblist"},"author":{"@id":"https:\/\/partedepesca.com.ar\/d\/author\/redaccion\/#author"},"creator":{"@id":"https:\/\/partedepesca.com.ar\/d\/author\/redaccion\/#author"},"image":{"@type":"ImageObject","url":"https:\/\/partedepesca.com.ar\/d\/wp-content\/uploads\/2026\/09\/punto-cero-mar-del-plata-puerto.jpeg","@id":"https:\/\/partedepesca.com.ar\/d\/mar-del-plata-incorpora-almacenamiento-para-200-contenedores-reefers\/#mainImage","width":1600,"height":1069},"primaryImageOfPage":{"@id":"https:\/\/partedepesca.com.ar\/d\/mar-del-plata-incorpora-almacenamiento-para-200-contenedores-reefers\/#mainImage"},"datePublished":"2026-09-01T00:12:00+00:00","dateModified":"2026-09-01T01:15:48+00:00"},{"@type":"WebSite","@id":"https:\/\/partedepesca.com.ar\/d\/#website","url":"https:\/\/partedepesca.com.ar\/d\/","name":"Parte de pesca","description":"Novedades de la pesca sin filtro","inLanguage":"es-AR","publisher":{"@id":"https:\/\/partedepesca.com.ar\/d\/#organization"}}]},"og:locale":"es_ES","og:site_name":"Parte de pesca - Novedades de la pesca sin filtro","og:type":"article","og:title":"Mar del Plata incorpora almacenamiento para 200 contenedores reefers - Parte de pesca","og:description":"Un nuevo centro log\u00edstico integral denominado \u201cPunto Cero\u201d fue inaugurado este lunes en un sector de la antigua y emblem\u00e1tica Manzana de los Circos, ubicado frente al Puerto de Mar del Plata, con el objetivo de ampliar la capacidad operativa y de transporte y fortalecer la actividad productiva de la regi\u00f3n focalizada en la pesca,","og:url":"https:\/\/partedepesca.com.ar\/d\/mar-del-plata-incorpora-almacenamiento-para-200-contenedores-reefers\/","og:image":"https:\/\/partedepesca.com.ar\/d\/wp-content\/uploads\/2026\/09\/punto-cero-mar-del-plata-puerto.jpeg","og:image:secure_url":"https:\/\/partedepesca.com.ar\/d\/wp-content\/uploads\/2026\/09\/punto-cero-mar-del-plata-puerto.jpeg","og:image:width":1600,"og:image:height":1069,"article:published_time":"2026-09-01T00:12:00+00:00","article:modified_time":"2026-09-01T01:15:48+00:00","twitter:card":"summary_large_image","twitter:title":"Mar del Plata incorpora almacenamiento para 200 contenedores reefers - Parte de pesca","twitter:description":"Un nuevo centro log\u00edstico integral denominado \u201cPunto Cero\u201d fue inaugurado este lunes en un sector de la antigua y emblem\u00e1tica Manzana de los Circos, ubicado frente al Puerto de Mar del Plata, con el objetivo de ampliar la capacidad operativa y de transporte y fortalecer la actividad productiva de la regi\u00f3n focalizada en la pesca,","twitter:image":"https:\/\/partedepesca.com.ar\/d\/wp-content\/uploads\/2026\/09\/punto-cero-mar-del-plata-puerto.jpeg"},"aioseo_meta_data":{"post_id":"17077","title":null,"description":null,"keywords":null,"keyphrases":{"focus":{"keyphrase":"","score":0,"analysis":{"keyphraseInTitle":{"score":0,"maxScore":9,"error":1}}},"additional":[]},"primary_term":null,"canonical_url":null,"og_title":null,"og_description":null,"og_object_type":"default","og_image_type":"default","og_image_url":null,"og_image_width":null,"og_image_height":null,"og_image_custom_url":null,"og_image_custom_fields":null,"og_video":"","og_custom_url":null,"og_article_section":null,"og_article_tags":null,"twitter_use_og":false,"twitter_card":"default","twitter_image_type":"default","twitter_image_url":null,"twitter_image_custom_url":null,"twitter_image_custom_fields":null,"twitter_title":null,"twitter_description":null,"schema":{"blockGraphs":[],"customGraphs":[],"default":{"data":{"Article":[],"Course":[],"Dataset":[],"FAQPage":[],"Movie":[],"Person":[],"Product":[],"ProductReview":[],"Car":[],"Recipe":[],"Service":[],"SoftwareApplication":[],"WebPage":[]},"graphName":"BlogPosting","isEnabled":true},"graphs":[]},"schema_type":"default","schema_type_options":null,"pillar_content":false,"robots_default":true,"robots_noindex":false,"robots_noarchive":false,"robots_nosnippet":false,"robots_nofollow":false,"robots_noimageindex":false,"robots_noodp":false,"robots_notranslate":false,"robots_max_snippet":"-1","robots_max_videopreview":"-1","robots_max_imagepreview":"large","priority":null,"frequency":"default","local_seo":null,"breadcrumb_settings":null,"limit_modified_date":false,"ai":{"faqs":[],"keyPoints":[],"schemas":[],"titles":[],"descriptions":[],"socialPosts":{"email":{"subject":"","preview":"","content":""},"linkedin":[],"twitter":[],"facebook":[],"instagram":[]}},"created":"2026-09-01 01:11:22","updated":"2026-09-01 01:18:10","seo_analyzer_scan_date":null},"aioseo_breadcrumb":"<div class=\"aioseo-breadcrumbs\"><span class=\"aioseo-breadcrumb\">\n\t\t\t<a href=\"https:\/\/partedepesca.com.ar\/d\" title=\"Home\">Home<\/a>\n\t\t<\/span><span class=\"aioseo-breadcrumb-separator\">&raquo;<\/span><span class=\"aioseo-breadcrumb\">\n\t\t\t<a href=\"https:\/\/partedepesca.com.ar\/d\/temas\/actualidad\/\" title=\"Actualidad\">Actualidad<\/a>\n\t\t<\/span><span class=\"aioseo-breadcrumb-separator\">&raquo;<\/span><span class=\"aioseo-breadcrumb\">\n\t\t\tMar del Plata incorpora almacenamiento para 200 contenedores reefers\n\t\t<\/span><\/div>","aioseo_breadcrumb_json":[{"label":"Home","link":"https:\/\/partedepesca.com.ar\/d"},{"label":"Actualidad","link":"https:\/\/partedepesca.com.ar\/d\/temas\/actualidad\/"},{"label":"Mar del Plata incorpora almacenamiento para 200 contenedores reefers","link":"https:\/\/partedepesca.com.ar\/d\/mar-del-plata-incorpora-almacenamiento-para-200-contenedores-reefers\/"}],"amp_enabled":true,"_links":{"self":[{"href":"https:\/\/partedepesca.com.ar\/d\/wp-json\/wp\/v2\/posts\/17077","targetHints":{"allow":["GET"]}}],"collection":[{"href":"https:\/\/partedepesca.com.ar\/d\/wp-json\/wp\/v2\/posts"}],"about":[{"href":"https:\/\/partedepesca.com.ar\/d\/wp-json\/wp\/v2\/types\/post"}],"author":[{"embeddable":true,"href":"https:\/\/partedepesca.com.ar\/d\/wp-json\/wp\/v2\/users\/4"}],"replies":[{"embeddable":true,"href":"https:\/\/partedepesca.com.ar\/d\/wp-json\/wp\/v2\/comments?post=17077"}],"version-history":[{"count":3,"href":"https:\/\/partedepesca.com.ar\/d\/wp-json\/wp\/v2\/posts\/17077\/revisions"}],"predecessor-version":[{"id":17084,"href":"https:\/\/partedepesca.com.ar\/d\/wp-json\/wp\/v2\/posts\/17077\/revisions\/17084"}],"wp:featuredmedia":[{"embeddable":true,"href":"https:\/\/partedepesca.com.ar\/d\/wp-json\/wp\/v2\/media\/17078"}],"wp:attachment":[{"href":"https:\/\/partedepesca.com.ar\/d\/wp-json\/wp\/v2\/media?parent=17077"}],"wp:term":[{"taxonomy":"category","embeddable":true,"href":"https:\/\/partedepesca.com.ar\/d\/wp-json\/wp\/v2\/categories?post=17077"},{"taxonomy":"post_tag","embeddable":true,"href":"https:\/\/partedepesca.com.ar\/d\/wp-json\/wp\/v2\/tags?post=17077"}],"curies":[{"name":"wp","href":"https:\/\/api.w.org\/{rel}","templated":true}]}}