{"id":17074,"date":"2026-09-01T00:25:00","date_gmt":"2026-09-01T00:25:00","guid":{"rendered":"https:\/\/partedepesca.com.ar\/d\/?p=17074"},"modified":"2026-09-01T00:47:41","modified_gmt":"2026-09-01T00:47:41","slug":"anunciaron-inicio-de-obras-para-poner-en-marcha-la-zona-franca-de-trelew","status":"publish","type":"post","link":"https:\/\/partedepesca.com.ar\/d\/anunciaron-inicio-de-obras-para-poner-en-marcha-la-zona-franca-de-trelew\/","title":{"rendered":"Anunciaron inicio de obras para poner en marcha la Zona Franca de Trelew"},"content":{"rendered":"\n<p class=\"wp-block-paragraph\">El Gobierno de Chubut firm\u00f3 ayer siete convenios con municipios y representantes de c\u00e1maras empresariales para la coadministraci\u00f3n de parques industriales ubicados en las ciudades de Comodoro Rivadavia, Trelew, Puerto Madryn y Trevelin.<\/p>\n\n\n\n<p class=\"wp-block-paragraph\">Durante el acto, el gobernador Ignacio Torres anuci\u00f3 que, tras un arduo trabajo t\u00e9cnico y legal, \u201choy se est\u00e1 construyendo el cerco perimetral, la portada y la balanza de lo que va a ser la Subzona Franca m\u00e1s grande de la Argentina\u201d, subrayando en ese sentido que \u201cva a estar en Chubut, va a estar en Trelew y va a ser un modelo y un caso de \u00e9xito para replicar\u201d.<\/p>\n\n\n\n<p class=\"wp-block-paragraph\">Manifest\u00f3 que \u201ccuando Juan Pav\u00f3n (Ministro de Producci\u00f3n) asumi\u00f3 ten\u00edamos un objetivo que era dif\u00edcil: avanzar en el ordenamiento de una Subzona Franca que era in\u00e9dita en Argentina\u201d, y celebr\u00f3 que \u201cya se est\u00e1 ejecutando esa obra, que es fundamental m\u00e1s all\u00e1 de la desidia de much\u00edsimos a\u00f1os, donde el tratamiento de efluentes y las famosas bombas del Parque Industrial de Trelew eran cosas que se pon\u00edan bajo la alfombra\u201d.<\/p>\n\n\n\n<p class=\"wp-block-paragraph\">Torres indic\u00f3 que la actual administraci\u00f3n provincial \u201ctom\u00f3 la decisi\u00f3n de hacerse cargo para que ese Parque Industrial tenga los servicios que necesita, tambi\u00e9n de manera complementaria a la Subzona Franca, que hoy es el cimiento para ponerle valor a nuestros servicios\u201d.<\/p>\n\n\n\n<p class=\"wp-block-paragraph\"><strong>ORDENAR LOS PARQUES INDUSTRIALES<\/strong><\/p>\n\n\n\n<p class=\"wp-block-paragraph\">El titular del Ejecutivo se refiri\u00f3 adem\u00e1s a los convenios suscriptos este lunes con municipios y c\u00e1maras empresariales. \u201cMuch\u00edsimas veces tuvimos el reclamo de intendentes en cuanto al ordenamiento de parques industriales y las especulaciones inmobiliarias, situaciones complejas donde era necesario ponerle un punto final definitivamente e incorporar tambi\u00e9n al sector privado\u201d.<\/p>\n\n\n\n<p class=\"wp-block-paragraph\">\u201cEsa demanda hoy es una realidad con este acuerdo y definitivamente vamos a ordenar los parques industriales de la provincia del Chubut\u201d, remarc\u00f3 el gobernador, y anticip\u00f3 que \u201ctambi\u00e9n vamos a tener una Subzona Franca que esta semana ya va a estar incorporando la primera empresa con m\u00e1s de cien puestos de trabajo\u201d.<\/p>\n\n\n\n<p class=\"wp-block-paragraph\"><strong>POLOS PRODUCTIVOS<\/strong><\/p>\n\n\n\n<p class=\"wp-block-paragraph\">Torres asegur\u00f3 en ese marco que \u201cprogresivamente, aquellos que por ignorancia y otros por mala fe dudaban, van a ver el impacto real en una zona que necesita generaci\u00f3n de empleo\u201d.<\/p>\n\n\n\n<p class=\"wp-block-paragraph\">Dijo que la puesta en marcha de este nuevo esquema de gesti\u00f3n permitir\u00e1 articular acciones para mejorar la infraestructura, los servicios y el funcionamiento de los polos productivos; acompa\u00f1ar a las empresas radicadas; impulsar nuevas inversiones y promover la generaci\u00f3n de m\u00e1s puestos de trabajo.<\/p>\n\n\n\n<p class=\"wp-block-paragraph\">Adem\u00e1s del gobernador Ignacio Torres, participaron de las firmas los intendentes de Trelew, Gerardo Merino, y de Puerto Madryn, Gustavo Sastre; el ministro de Producci\u00f3n, Juan Pav\u00f3n; y el presidente de la Federaci\u00f3n Empresarial Chubutense (FECh), Carlos Lorenzo, en representaci\u00f3n de las c\u00e1maras de Comodoro Rivadavia y Trevelin.<\/p>\n\n\n\n<p class=\"wp-block-paragraph\">Tambi\u00e9n formaron parte Agust\u00edn de la Fuente, de la C\u00e1mara Argentina Patag\u00f3nica de Industrias Pesqueras; Santiago Arnoldi, de la C\u00e1mara de Industria, Comercio, Producci\u00f3n y Turismo de Puerto Madryn; Guillermo L\u00f3pez, de la C\u00e1mara Industrial y de Comercio Exterior de Puerto Madryn; Amneris Nicola, de la Asociaci\u00f3n Civil Parque Industrial Liviano Puerto Madryn; Andr\u00e9s Koss, de la C\u00e1mara de Industria y Comercio del Este del Chubut; y Juan Castillo, de la C\u00e1mara de Empresarios del Parque Industrial de Trelew.<\/p>\n","protected":false},"excerpt":{"rendered":"<p>El Gobierno de Chubut firm\u00f3 ayer siete convenios con municipios y representantes de c\u00e1maras empresariales para la coadministraci\u00f3n de parques industriales ubicados en las ciudades de Comodoro Rivadavia, Trelew, Puerto Madryn y Trevelin. Durante el acto, el gobernador Ignacio Torres anuci\u00f3 que, tras un arduo trabajo t\u00e9cnico y legal, \u201choy se est\u00e1 construyendo el cerco<\/p>\n","protected":false},"author":4,"featured_media":17075,"comment_status":"open","ping_status":"open","sticky":false,"template":"","format":"standard","meta":{"om_disable_all_campaigns":false,"_monsterinsights_skip_tracking":false,"footnotes":""},"categories":[9,10],"tags":[91,2129],"class_list":["post-17074","post","type-post","status-publish","format-standard","has-post-thumbnail","category-actualidad","category-featured","tag-featured","tag-zona-franca-trelew"],"aioseo_notices":[],"aioseo_head":"\n\t\t<!-- All in One SEO 4.9.10 - aioseo.com -->\n\t<meta name=\"description\" content=\"El Gobierno de Chubut firm\u00f3 ayer siete convenios con municipios y representantes de c\u00e1maras empresariales para la coadministraci\u00f3n de parques industriales ubicados en las ciudades de Comodoro Rivadavia, Trelew, Puerto Madryn y Trevelin. Durante el acto, el gobernador Ignacio Torres anuci\u00f3 que, tras un arduo trabajo t\u00e9cnico y legal, \u201choy se est\u00e1 construyendo el cerco\" \/>\n\t<meta name=\"robots\" content=\"max-image-preview:large\" \/>\n\t<meta name=\"author\" content=\"redaccion\"\/>\n\t<link rel=\"canonical\" href=\"https:\/\/partedepesca.com.ar\/d\/anunciaron-inicio-de-obras-para-poner-en-marcha-la-zona-franca-de-trelew\/\" \/>\n\t<meta name=\"generator\" content=\"All in One SEO (AIOSEO) 4.9.10\" \/>\n\t\t<meta property=\"og:locale\" content=\"es_ES\" \/>\n\t\t<meta property=\"og:site_name\" content=\"Parte de pesca - Novedades de la pesca sin filtro\" \/>\n\t\t<meta property=\"og:type\" content=\"article\" \/>\n\t\t<meta property=\"og:title\" content=\"Anunciaron inicio de obras para poner en marcha la Zona Franca de Trelew - Parte de pesca\" \/>\n\t\t<meta property=\"og:description\" content=\"El Gobierno de Chubut firm\u00f3 ayer siete convenios con municipios y representantes de c\u00e1maras empresariales para la coadministraci\u00f3n de parques industriales ubicados en las ciudades de Comodoro Rivadavia, Trelew, Puerto Madryn y Trevelin. Durante el acto, el gobernador Ignacio Torres anuci\u00f3 que, tras un arduo trabajo t\u00e9cnico y legal, \u201choy se est\u00e1 construyendo el cerco\" \/>\n\t\t<meta property=\"og:url\" content=\"https:\/\/partedepesca.com.ar\/d\/anunciaron-inicio-de-obras-para-poner-en-marcha-la-zona-franca-de-trelew\/\" \/>\n\t\t<meta property=\"og:image\" content=\"https:\/\/partedepesca.com.ar\/d\/wp-content\/uploads\/2026\/09\/IMG-20260831-WA0049-scaled.jpg\" \/>\n\t\t<meta property=\"og:image:secure_url\" content=\"https:\/\/partedepesca.com.ar\/d\/wp-content\/uploads\/2026\/09\/IMG-20260831-WA0049-scaled.jpg\" \/>\n\t\t<meta property=\"og:image:width\" content=\"2560\" \/>\n\t\t<meta property=\"og:image:height\" content=\"1424\" \/>\n\t\t<meta property=\"article:published_time\" content=\"2026-09-01T00:25:00+00:00\" \/>\n\t\t<meta property=\"article:modified_time\" content=\"2026-09-01T00:47:41+00:00\" \/>\n\t\t<meta name=\"twitter:card\" content=\"summary_large_image\" \/>\n\t\t<meta name=\"twitter:title\" content=\"Anunciaron inicio de obras para poner en marcha la Zona Franca de Trelew - Parte de pesca\" \/>\n\t\t<meta name=\"twitter:description\" content=\"El Gobierno de Chubut firm\u00f3 ayer siete convenios con municipios y representantes de c\u00e1maras empresariales para la coadministraci\u00f3n de parques industriales ubicados en las ciudades de Comodoro Rivadavia, Trelew, Puerto Madryn y Trevelin. Durante el acto, el gobernador Ignacio Torres anuci\u00f3 que, tras un arduo trabajo t\u00e9cnico y legal, \u201choy se est\u00e1 construyendo el cerco\" \/>\n\t\t<meta name=\"twitter:image\" content=\"https:\/\/partedepesca.com.ar\/d\/wp-content\/uploads\/2026\/09\/IMG-20260831-WA0049-scaled.jpg\" \/>\n\t\t<script type=\"application\/ld+json\" class=\"aioseo-schema\">\n\t\t\t{\"@context\":\"https:\\\/\\\/schema.org\",\"@graph\":[{\"@type\":\"BlogPosting\",\"@id\":\"https:\\\/\\\/partedepesca.com.ar\\\/d\\\/anunciaron-inicio-de-obras-para-poner-en-marcha-la-zona-franca-de-trelew\\\/#blogposting\",\"name\":\"Anunciaron inicio de obras para poner en marcha la Zona Franca de Trelew - Parte de pesca\",\"headline\":\"Anunciaron inicio de obras para poner en marcha la Zona Franca de Trelew\",\"author\":{\"@id\":\"https:\\\/\\\/partedepesca.com.ar\\\/d\\\/author\\\/redaccion\\\/#author\"},\"publisher\":{\"@id\":\"https:\\\/\\\/partedepesca.com.ar\\\/d\\\/#organization\"},\"image\":{\"@type\":\"ImageObject\",\"url\":\"https:\\\/\\\/partedepesca.com.ar\\\/d\\\/wp-content\\\/uploads\\\/2026\\\/09\\\/IMG-20260831-WA0049-scaled.jpg\",\"width\":2560,\"height\":1424},\"datePublished\":\"2026-09-01T00:25:00+00:00\",\"dateModified\":\"2026-09-01T00:47:41+00:00\",\"inLanguage\":\"es-AR\",\"mainEntityOfPage\":{\"@id\":\"https:\\\/\\\/partedepesca.com.ar\\\/d\\\/anunciaron-inicio-de-obras-para-poner-en-marcha-la-zona-franca-de-trelew\\\/#webpage\"},\"isPartOf\":{\"@id\":\"https:\\\/\\\/partedepesca.com.ar\\\/d\\\/anunciaron-inicio-de-obras-para-poner-en-marcha-la-zona-franca-de-trelew\\\/#webpage\"},\"articleSection\":\"Actualidad, FEATURED, featured, Zona Franca Trelew\"},{\"@type\":\"BreadcrumbList\",\"@id\":\"https:\\\/\\\/partedepesca.com.ar\\\/d\\\/anunciaron-inicio-de-obras-para-poner-en-marcha-la-zona-franca-de-trelew\\\/#breadcrumblist\",\"itemListElement\":[{\"@type\":\"ListItem\",\"@id\":\"https:\\\/\\\/partedepesca.com.ar\\\/d#listItem\",\"position\":1,\"name\":\"Home\",\"item\":\"https:\\\/\\\/partedepesca.com.ar\\\/d\",\"nextItem\":{\"@type\":\"ListItem\",\"@id\":\"https:\\\/\\\/partedepesca.com.ar\\\/d\\\/temas\\\/actualidad\\\/#listItem\",\"name\":\"Actualidad\"}},{\"@type\":\"ListItem\",\"@id\":\"https:\\\/\\\/partedepesca.com.ar\\\/d\\\/temas\\\/actualidad\\\/#listItem\",\"position\":2,\"name\":\"Actualidad\",\"item\":\"https:\\\/\\\/partedepesca.com.ar\\\/d\\\/temas\\\/actualidad\\\/\",\"nextItem\":{\"@type\":\"ListItem\",\"@id\":\"https:\\\/\\\/partedepesca.com.ar\\\/d\\\/anunciaron-inicio-de-obras-para-poner-en-marcha-la-zona-franca-de-trelew\\\/#listItem\",\"name\":\"Anunciaron inicio de obras para poner en marcha la Zona Franca de Trelew\"},\"previousItem\":{\"@type\":\"ListItem\",\"@id\":\"https:\\\/\\\/partedepesca.com.ar\\\/d#listItem\",\"name\":\"Home\"}},{\"@type\":\"ListItem\",\"@id\":\"https:\\\/\\\/partedepesca.com.ar\\\/d\\\/anunciaron-inicio-de-obras-para-poner-en-marcha-la-zona-franca-de-trelew\\\/#listItem\",\"position\":3,\"name\":\"Anunciaron inicio de obras para poner en marcha la Zona Franca de Trelew\",\"previousItem\":{\"@type\":\"ListItem\",\"@id\":\"https:\\\/\\\/partedepesca.com.ar\\\/d\\\/temas\\\/actualidad\\\/#listItem\",\"name\":\"Actualidad\"}}]},{\"@type\":\"Organization\",\"@id\":\"https:\\\/\\\/partedepesca.com.ar\\\/d\\\/#organization\",\"name\":\"Parte de pesca\",\"description\":\"Novedades de la pesca sin filtro\",\"url\":\"https:\\\/\\\/partedepesca.com.ar\\\/d\\\/\",\"logo\":{\"@type\":\"ImageObject\",\"url\":\"https:\\\/\\\/partedepesca.com.ar\\\/d\\\/wp-content\\\/uploads\\\/2023\\\/03\\\/logoparte.jpg\",\"@id\":\"https:\\\/\\\/partedepesca.com.ar\\\/d\\\/anunciaron-inicio-de-obras-para-poner-en-marcha-la-zona-franca-de-trelew\\\/#organizationLogo\",\"width\":654,\"height\":402},\"image\":{\"@id\":\"https:\\\/\\\/partedepesca.com.ar\\\/d\\\/anunciaron-inicio-de-obras-para-poner-en-marcha-la-zona-franca-de-trelew\\\/#organizationLogo\"}},{\"@type\":\"Person\",\"@id\":\"https:\\\/\\\/partedepesca.com.ar\\\/d\\\/author\\\/redaccion\\\/#author\",\"url\":\"https:\\\/\\\/partedepesca.com.ar\\\/d\\\/author\\\/redaccion\\\/\",\"name\":\"redaccion\",\"image\":{\"@type\":\"ImageObject\",\"@id\":\"https:\\\/\\\/partedepesca.com.ar\\\/d\\\/anunciaron-inicio-de-obras-para-poner-en-marcha-la-zona-franca-de-trelew\\\/#authorImage\",\"url\":\"https:\\\/\\\/secure.gravatar.com\\\/avatar\\\/573f0a5081c0a61fd6ac39287b5e137712bd2c79944a96eca6e6fe1474d00d0a?s=96&d=mm&r=g\",\"width\":96,\"height\":96,\"caption\":\"redaccion\"}},{\"@type\":\"WebPage\",\"@id\":\"https:\\\/\\\/partedepesca.com.ar\\\/d\\\/anunciaron-inicio-de-obras-para-poner-en-marcha-la-zona-franca-de-trelew\\\/#webpage\",\"url\":\"https:\\\/\\\/partedepesca.com.ar\\\/d\\\/anunciaron-inicio-de-obras-para-poner-en-marcha-la-zona-franca-de-trelew\\\/\",\"name\":\"Anunciaron inicio de obras para poner en marcha la Zona Franca de Trelew - Parte de pesca\",\"description\":\"El Gobierno de Chubut firm\\u00f3 ayer siete convenios con municipios y representantes de c\\u00e1maras empresariales para la coadministraci\\u00f3n de parques industriales ubicados en las ciudades de Comodoro Rivadavia, Trelew, Puerto Madryn y Trevelin. Durante el acto, el gobernador Ignacio Torres anuci\\u00f3 que, tras un arduo trabajo t\\u00e9cnico y legal, \\u201choy se est\\u00e1 construyendo el cerco\",\"inLanguage\":\"es-AR\",\"isPartOf\":{\"@id\":\"https:\\\/\\\/partedepesca.com.ar\\\/d\\\/#website\"},\"breadcrumb\":{\"@id\":\"https:\\\/\\\/partedepesca.com.ar\\\/d\\\/anunciaron-inicio-de-obras-para-poner-en-marcha-la-zona-franca-de-trelew\\\/#breadcrumblist\"},\"author\":{\"@id\":\"https:\\\/\\\/partedepesca.com.ar\\\/d\\\/author\\\/redaccion\\\/#author\"},\"creator\":{\"@id\":\"https:\\\/\\\/partedepesca.com.ar\\\/d\\\/author\\\/redaccion\\\/#author\"},\"image\":{\"@type\":\"ImageObject\",\"url\":\"https:\\\/\\\/partedepesca.com.ar\\\/d\\\/wp-content\\\/uploads\\\/2026\\\/09\\\/IMG-20260831-WA0049-scaled.jpg\",\"@id\":\"https:\\\/\\\/partedepesca.com.ar\\\/d\\\/anunciaron-inicio-de-obras-para-poner-en-marcha-la-zona-franca-de-trelew\\\/#mainImage\",\"width\":2560,\"height\":1424},\"primaryImageOfPage\":{\"@id\":\"https:\\\/\\\/partedepesca.com.ar\\\/d\\\/anunciaron-inicio-de-obras-para-poner-en-marcha-la-zona-franca-de-trelew\\\/#mainImage\"},\"datePublished\":\"2026-09-01T00:25:00+00:00\",\"dateModified\":\"2026-09-01T00:47:41+00:00\"},{\"@type\":\"WebSite\",\"@id\":\"https:\\\/\\\/partedepesca.com.ar\\\/d\\\/#website\",\"url\":\"https:\\\/\\\/partedepesca.com.ar\\\/d\\\/\",\"name\":\"Parte de pesca\",\"description\":\"Novedades de la pesca sin filtro\",\"inLanguage\":\"es-AR\",\"publisher\":{\"@id\":\"https:\\\/\\\/partedepesca.com.ar\\\/d\\\/#organization\"}}]}\n\t\t<\/script>\n\t\t<!-- All in One SEO -->\n\n","aioseo_head_json":{"title":"Anunciaron inicio de obras para poner en marcha la Zona Franca de Trelew - Parte de pesca","description":"El Gobierno de Chubut firm\u00f3 ayer siete convenios con municipios y representantes de c\u00e1maras empresariales para la coadministraci\u00f3n de parques industriales ubicados en las ciudades de Comodoro Rivadavia, Trelew, Puerto Madryn y Trevelin. Durante el acto, el gobernador Ignacio Torres anuci\u00f3 que, tras un arduo trabajo t\u00e9cnico y legal, \u201choy se est\u00e1 construyendo el cerco","canonical_url":"https:\/\/partedepesca.com.ar\/d\/anunciaron-inicio-de-obras-para-poner-en-marcha-la-zona-franca-de-trelew\/","robots":"max-image-preview:large","keywords":"","webmasterTools":{"miscellaneous":""},"schema":{"@context":"https:\/\/schema.org","@graph":[{"@type":"BlogPosting","@id":"https:\/\/partedepesca.com.ar\/d\/anunciaron-inicio-de-obras-para-poner-en-marcha-la-zona-franca-de-trelew\/#blogposting","name":"Anunciaron inicio de obras para poner en marcha la Zona Franca de Trelew - Parte de pesca","headline":"Anunciaron inicio de obras para poner en marcha la Zona Franca de Trelew","author":{"@id":"https:\/\/partedepesca.com.ar\/d\/author\/redaccion\/#author"},"publisher":{"@id":"https:\/\/partedepesca.com.ar\/d\/#organization"},"image":{"@type":"ImageObject","url":"https:\/\/partedepesca.com.ar\/d\/wp-content\/uploads\/2026\/09\/IMG-20260831-WA0049-scaled.jpg","width":2560,"height":1424},"datePublished":"2026-09-01T00:25:00+00:00","dateModified":"2026-09-01T00:47:41+00:00","inLanguage":"es-AR","mainEntityOfPage":{"@id":"https:\/\/partedepesca.com.ar\/d\/anunciaron-inicio-de-obras-para-poner-en-marcha-la-zona-franca-de-trelew\/#webpage"},"isPartOf":{"@id":"https:\/\/partedepesca.com.ar\/d\/anunciaron-inicio-de-obras-para-poner-en-marcha-la-zona-franca-de-trelew\/#webpage"},"articleSection":"Actualidad, FEATURED, featured, Zona Franca Trelew"},{"@type":"BreadcrumbList","@id":"https:\/\/partedepesca.com.ar\/d\/anunciaron-inicio-de-obras-para-poner-en-marcha-la-zona-franca-de-trelew\/#breadcrumblist","itemListElement":[{"@type":"ListItem","@id":"https:\/\/partedepesca.com.ar\/d#listItem","position":1,"name":"Home","item":"https:\/\/partedepesca.com.ar\/d","nextItem":{"@type":"ListItem","@id":"https:\/\/partedepesca.com.ar\/d\/temas\/actualidad\/#listItem","name":"Actualidad"}},{"@type":"ListItem","@id":"https:\/\/partedepesca.com.ar\/d\/temas\/actualidad\/#listItem","position":2,"name":"Actualidad","item":"https:\/\/partedepesca.com.ar\/d\/temas\/actualidad\/","nextItem":{"@type":"ListItem","@id":"https:\/\/partedepesca.com.ar\/d\/anunciaron-inicio-de-obras-para-poner-en-marcha-la-zona-franca-de-trelew\/#listItem","name":"Anunciaron inicio de obras para poner en marcha la Zona Franca de Trelew"},"previousItem":{"@type":"ListItem","@id":"https:\/\/partedepesca.com.ar\/d#listItem","name":"Home"}},{"@type":"ListItem","@id":"https:\/\/partedepesca.com.ar\/d\/anunciaron-inicio-de-obras-para-poner-en-marcha-la-zona-franca-de-trelew\/#listItem","position":3,"name":"Anunciaron inicio de obras para poner en marcha la Zona Franca de Trelew","previousItem":{"@type":"ListItem","@id":"https:\/\/partedepesca.com.ar\/d\/temas\/actualidad\/#listItem","name":"Actualidad"}}]},{"@type":"Organization","@id":"https:\/\/partedepesca.com.ar\/d\/#organization","name":"Parte de pesca","description":"Novedades de la pesca sin filtro","url":"https:\/\/partedepesca.com.ar\/d\/","logo":{"@type":"ImageObject","url":"https:\/\/partedepesca.com.ar\/d\/wp-content\/uploads\/2023\/03\/logoparte.jpg","@id":"https:\/\/partedepesca.com.ar\/d\/anunciaron-inicio-de-obras-para-poner-en-marcha-la-zona-franca-de-trelew\/#organizationLogo","width":654,"height":402},"image":{"@id":"https:\/\/partedepesca.com.ar\/d\/anunciaron-inicio-de-obras-para-poner-en-marcha-la-zona-franca-de-trelew\/#organizationLogo"}},{"@type":"Person","@id":"https:\/\/partedepesca.com.ar\/d\/author\/redaccion\/#author","url":"https:\/\/partedepesca.com.ar\/d\/author\/redaccion\/","name":"redaccion","image":{"@type":"ImageObject","@id":"https:\/\/partedepesca.com.ar\/d\/anunciaron-inicio-de-obras-para-poner-en-marcha-la-zona-franca-de-trelew\/#authorImage","url":"https:\/\/secure.gravatar.com\/avatar\/573f0a5081c0a61fd6ac39287b5e137712bd2c79944a96eca6e6fe1474d00d0a?s=96&d=mm&r=g","width":96,"height":96,"caption":"redaccion"}},{"@type":"WebPage","@id":"https:\/\/partedepesca.com.ar\/d\/anunciaron-inicio-de-obras-para-poner-en-marcha-la-zona-franca-de-trelew\/#webpage","url":"https:\/\/partedepesca.com.ar\/d\/anunciaron-inicio-de-obras-para-poner-en-marcha-la-zona-franca-de-trelew\/","name":"Anunciaron inicio de obras para poner en marcha la Zona Franca de Trelew - Parte de pesca","description":"El Gobierno de Chubut firm\u00f3 ayer siete convenios con municipios y representantes de c\u00e1maras empresariales para la coadministraci\u00f3n de parques industriales ubicados en las ciudades de Comodoro Rivadavia, Trelew, Puerto Madryn y Trevelin. Durante el acto, el gobernador Ignacio Torres anuci\u00f3 que, tras un arduo trabajo t\u00e9cnico y legal, \u201choy se est\u00e1 construyendo el cerco","inLanguage":"es-AR","isPartOf":{"@id":"https:\/\/partedepesca.com.ar\/d\/#website"},"breadcrumb":{"@id":"https:\/\/partedepesca.com.ar\/d\/anunciaron-inicio-de-obras-para-poner-en-marcha-la-zona-franca-de-trelew\/#breadcrumblist"},"author":{"@id":"https:\/\/partedepesca.com.ar\/d\/author\/redaccion\/#author"},"creator":{"@id":"https:\/\/partedepesca.com.ar\/d\/author\/redaccion\/#author"},"image":{"@type":"ImageObject","url":"https:\/\/partedepesca.com.ar\/d\/wp-content\/uploads\/2026\/09\/IMG-20260831-WA0049-scaled.jpg","@id":"https:\/\/partedepesca.com.ar\/d\/anunciaron-inicio-de-obras-para-poner-en-marcha-la-zona-franca-de-trelew\/#mainImage","width":2560,"height":1424},"primaryImageOfPage":{"@id":"https:\/\/partedepesca.com.ar\/d\/anunciaron-inicio-de-obras-para-poner-en-marcha-la-zona-franca-de-trelew\/#mainImage"},"datePublished":"2026-09-01T00:25:00+00:00","dateModified":"2026-09-01T00:47:41+00:00"},{"@type":"WebSite","@id":"https:\/\/partedepesca.com.ar\/d\/#website","url":"https:\/\/partedepesca.com.ar\/d\/","name":"Parte de pesca","description":"Novedades de la pesca sin filtro","inLanguage":"es-AR","publisher":{"@id":"https:\/\/partedepesca.com.ar\/d\/#organization"}}]},"og:locale":"es_ES","og:site_name":"Parte de pesca - Novedades de la pesca sin filtro","og:type":"article","og:title":"Anunciaron inicio de obras para poner en marcha la Zona Franca de Trelew - Parte de pesca","og:description":"El Gobierno de Chubut firm\u00f3 ayer siete convenios con municipios y representantes de c\u00e1maras empresariales para la coadministraci\u00f3n de parques industriales ubicados en las ciudades de Comodoro Rivadavia, Trelew, Puerto Madryn y Trevelin. Durante el acto, el gobernador Ignacio Torres anuci\u00f3 que, tras un arduo trabajo t\u00e9cnico y legal, \u201choy se est\u00e1 construyendo el cerco","og:url":"https:\/\/partedepesca.com.ar\/d\/anunciaron-inicio-de-obras-para-poner-en-marcha-la-zona-franca-de-trelew\/","og:image":"https:\/\/partedepesca.com.ar\/d\/wp-content\/uploads\/2026\/09\/IMG-20260831-WA0049-scaled.jpg","og:image:secure_url":"https:\/\/partedepesca.com.ar\/d\/wp-content\/uploads\/2026\/09\/IMG-20260831-WA0049-scaled.jpg","og:image:width":2560,"og:image:height":1424,"article:published_time":"2026-09-01T00:25:00+00:00","article:modified_time":"2026-09-01T00:47:41+00:00","twitter:card":"summary_large_image","twitter:title":"Anunciaron inicio de obras para poner en marcha la Zona Franca de Trelew - Parte de pesca","twitter:description":"El Gobierno de Chubut firm\u00f3 ayer siete convenios con municipios y representantes de c\u00e1maras empresariales para la coadministraci\u00f3n de parques industriales ubicados en las ciudades de Comodoro Rivadavia, Trelew, Puerto Madryn y Trevelin. Durante el acto, el gobernador Ignacio Torres anuci\u00f3 que, tras un arduo trabajo t\u00e9cnico y legal, \u201choy se est\u00e1 construyendo el cerco","twitter:image":"https:\/\/partedepesca.com.ar\/d\/wp-content\/uploads\/2026\/09\/IMG-20260831-WA0049-scaled.jpg"},"aioseo_meta_data":{"post_id":"17074","title":null,"description":null,"keywords":null,"keyphrases":{"focus":{"keyphrase":"","score":0,"analysis":{"keyphraseInTitle":{"score":0,"maxScore":9,"error":1}}},"additional":[]},"primary_term":null,"canonical_url":null,"og_title":null,"og_description":null,"og_object_type":"default","og_image_type":"default","og_image_url":null,"og_image_width":null,"og_image_height":null,"og_image_custom_url":null,"og_image_custom_fields":null,"og_video":"","og_custom_url":null,"og_article_section":null,"og_article_tags":null,"twitter_use_og":false,"twitter_card":"default","twitter_image_type":"default","twitter_image_url":null,"twitter_image_custom_url":null,"twitter_image_custom_fields":null,"twitter_title":null,"twitter_description":null,"schema":{"blockGraphs":[],"customGraphs":[],"default":{"data":{"Article":[],"Course":[],"Dataset":[],"FAQPage":[],"Movie":[],"Person":[],"Product":[],"ProductReview":[],"Car":[],"Recipe":[],"Service":[],"SoftwareApplication":[],"WebPage":[]},"graphName":"BlogPosting","isEnabled":true},"graphs":[]},"schema_type":"default","schema_type_options":null,"pillar_content":false,"robots_default":true,"robots_noindex":false,"robots_noarchive":false,"robots_nosnippet":false,"robots_nofollow":false,"robots_noimageindex":false,"robots_noodp":false,"robots_notranslate":false,"robots_max_snippet":"-1","robots_max_videopreview":"-1","robots_max_imagepreview":"large","priority":null,"frequency":"default","local_seo":null,"breadcrumb_settings":null,"limit_modified_date":false,"ai":{"faqs":[],"keyPoints":[],"schemas":[],"titles":[],"descriptions":[],"socialPosts":{"email":{"subject":"","preview":"","content":""},"linkedin":[],"twitter":[],"facebook":[],"instagram":[]}},"created":"2026-09-01 00:47:41","updated":"2026-09-01 00:47:54","seo_analyzer_scan_date":null},"aioseo_breadcrumb":"<div class=\"aioseo-breadcrumbs\"><span class=\"aioseo-breadcrumb\">\n\t\t\t<a href=\"https:\/\/partedepesca.com.ar\/d\" title=\"Home\">Home<\/a>\n\t\t<\/span><span class=\"aioseo-breadcrumb-separator\">&raquo;<\/span><span class=\"aioseo-breadcrumb\">\n\t\t\t<a href=\"https:\/\/partedepesca.com.ar\/d\/temas\/actualidad\/\" title=\"Actualidad\">Actualidad<\/a>\n\t\t<\/span><span class=\"aioseo-breadcrumb-separator\">&raquo;<\/span><span class=\"aioseo-breadcrumb\">\n\t\t\tAnunciaron inicio de obras para poner en marcha la Zona Franca de Trelew\n\t\t<\/span><\/div>","aioseo_breadcrumb_json":[{"label":"Home","link":"https:\/\/partedepesca.com.ar\/d"},{"label":"Actualidad","link":"https:\/\/partedepesca.com.ar\/d\/temas\/actualidad\/"},{"label":"Anunciaron inicio de obras para poner en marcha la Zona Franca de Trelew","link":"https:\/\/partedepesca.com.ar\/d\/anunciaron-inicio-de-obras-para-poner-en-marcha-la-zona-franca-de-trelew\/"}],"amp_enabled":true,"_links":{"self":[{"href":"https:\/\/partedepesca.com.ar\/d\/wp-json\/wp\/v2\/posts\/17074","targetHints":{"allow":["GET"]}}],"collection":[{"href":"https:\/\/partedepesca.com.ar\/d\/wp-json\/wp\/v2\/posts"}],"about":[{"href":"https:\/\/partedepesca.com.ar\/d\/wp-json\/wp\/v2\/types\/post"}],"author":[{"embeddable":true,"href":"https:\/\/partedepesca.com.ar\/d\/wp-json\/wp\/v2\/users\/4"}],"replies":[{"embeddable":true,"href":"https:\/\/partedepesca.com.ar\/d\/wp-json\/wp\/v2\/comments?post=17074"}],"version-history":[{"count":1,"href":"https:\/\/partedepesca.com.ar\/d\/wp-json\/wp\/v2\/posts\/17074\/revisions"}],"predecessor-version":[{"id":17076,"href":"https:\/\/partedepesca.com.ar\/d\/wp-json\/wp\/v2\/posts\/17074\/revisions\/17076"}],"wp:featuredmedia":[{"embeddable":true,"href":"https:\/\/partedepesca.com.ar\/d\/wp-json\/wp\/v2\/media\/17075"}],"wp:attachment":[{"href":"https:\/\/partedepesca.com.ar\/d\/wp-json\/wp\/v2\/media?parent=17074"}],"wp:term":[{"taxonomy":"category","embeddable":true,"href":"https:\/\/partedepesca.com.ar\/d\/wp-json\/wp\/v2\/categories?post=17074"},{"taxonomy":"post_tag","embeddable":true,"href":"https:\/\/partedepesca.com.ar\/d\/wp-json\/wp\/v2\/tags?post=17074"}],"curies":[{"name":"wp","href":"https:\/\/api.w.org\/{rel}","templated":true}]}}