{"id":17071,"date":"2026-09-01T00:31:31","date_gmt":"2026-09-01T00:31:31","guid":{"rendered":"https:\/\/partedepesca.com.ar\/d\/?p=17071"},"modified":"2026-09-01T00:31:35","modified_gmt":"2026-09-01T00:31:35","slug":"sturzenegger-defendio-la-drastica-desregulacion-del-regimen-de-la-navegacion","status":"publish","type":"post","link":"https:\/\/partedepesca.com.ar\/d\/sturzenegger-defendio-la-drastica-desregulacion-del-regimen-de-la-navegacion\/","title":{"rendered":"Sturzenegger defendi\u00f3 la \u201cdr\u00e1stica desregulaci\u00f3n del R\u00e9gimen de la Navegaci\u00f3n\u201d"},"content":{"rendered":"\n<p class=\"wp-block-paragraph\">El Ministro de Desregulaci\u00f3n y Transformaci\u00f3n del Estado, Federico Sturzenegger, aprovech\u00f3 la entrada en vigencia de la Disposici\u00f3n 1053\/2026 de la Prefectura Naval Argentina que introdujo cambios en los procedimientos administrativos vinculados al Registro Nacional de Buques para reivindicar la pol\u00edtica desregulatoria del gobierno del presidente Javier Milei. \u201cEl Decreto 37\/25 impuls\u00f3 una dr\u00e1stica desregulaci\u00f3n del REGINAVE. El viernes publicamos la Ordenanza 1053\/26 de Prefectura Naval donde continuamos el proceso\u201d, expres\u00f3 el funcionario en su red X.<\/p>\n\n\n\n<p class=\"wp-block-paragraph\">A principios de agosto, el Gobierno debi\u00f3 dar marcha atr\u00e1s en el intento de desregular el servicio de practicaje y suspender el decreto. Luego de tres d\u00edas sin actividad en todos los puertos del pa\u00eds, el Ejecutivo resolvi\u00f3 suspender el decreto de Sturzenegger. Los pr\u00e1cticos hab\u00edan denunciado al Gobierno por ignorar un informe de Prefectura que advert\u00eda sobre los riesgos de navegar en sin los baqueanos en el ingreso y salida de buques de los puertos y canales de navegaci\u00f3n.<\/p>\n\n\n\n<p class=\"wp-block-paragraph\">Si bien esta nueva medida, publicada en el Bolet\u00edn Oficial el viernes, cambia la normativa y reemplaza reglas vigentes desde 2002 y actualiza los requisitos y formularios para la matriculaci\u00f3n e inscripci\u00f3n de embarcaciones de menor porte, artefactos navales y motores. Sturzenegger dej\u00f3 claro que sigue firme con su idea de continuar profundizando cambios en materia de navegaci\u00f3n<\/p>\n\n\n\n<p class=\"wp-block-paragraph\">La medida forma parte del proceso de desregulaci\u00f3n iniciado con el Decreto 37\/2025, que modific\u00f3 el R\u00e9gimen de la Navegaci\u00f3n Mar\u00edtima, Fluvial y Lacustre (REGINAVE). En este sentido, Sturzenegger sostuvo que \u201cel Estado deja de pedir papeles de m\u00e1s\u201d, y destac\u00f3 que la reforma busca que las regulaciones no sean obst\u00e1culos para quienes desarrollan actividades vinculadas con la navegaci\u00f3n.<\/p>\n\n\n\n<p class=\"has-vivid-cyan-blue-color has-text-color has-link-color wp-elements-1 wp-block-paragraph\"><strong>TRASPI\u00c9 Y PAUSA<\/strong><\/p>\n\n\n\n<p class=\"wp-block-paragraph\">El Gobierno prepara una reforma profunda del r\u00e9gimen de navegaci\u00f3n y de la marina mercante, con apertura del cabotaje a buques extranjeros, cambios en las dotaciones y modificaciones a la Ley de Navegaci\u00f3n. El proyecto todav\u00eda no fue enviado al Congreso, pero el propio Ministro de Desregulaci\u00f3n y Transformaci\u00f3n del Estado se encarg\u00f3 de difundirlo. El reciente conflicto por el practicaje y el retroceso oficial en algunos cap\u00edtulos de la ley de tierras pueden complicar ahora el camino legislativo de una iniciativa que promete abrir otra batalla con sindicatos y sectores empresarios.<\/p>\n\n\n\n<p class=\"has-vivid-cyan-blue-color has-text-color has-link-color wp-elements-2 wp-block-paragraph\"><strong>EL ALERTA<\/strong><\/p>\n\n\n\n<p class=\"wp-block-paragraph\">Los sindicatos y gremios de vinculados a la actividad han expresado su rechazo al proyecto de ley que busca modificar el r\u00e9gimen de cabotaje y permitir el ingreso sin restricciones de buques de bandera extranjera. La organizaciones cuestionan que la iniciativa fue elaborada sin consultar a los trabajadores, y alertan que representa un grave retroceso para la industria naval. Sostienen que la propuesta pone en riesgo la soberan\u00eda log\u00edstica y favorece intereses econ\u00f3micos concentrados, al tiempo que anticipan que se movilizar\u00e1n al Congreso cuando la iniciativa sea elevada por el Ejecutivo.<\/p>\n\n\n\n<p class=\"wp-block-paragraph\"><\/p>\n","protected":false},"excerpt":{"rendered":"<p>El Ministro de Desregulaci\u00f3n y Transformaci\u00f3n del Estado, Federico Sturzenegger, aprovech\u00f3 la entrada en vigencia de la Disposici\u00f3n 1053\/2026 de la Prefectura Naval Argentina que introdujo cambios en los procedimientos administrativos vinculados al Registro Nacional de Buques para reivindicar la pol\u00edtica desregulatoria del gobierno del presidente Javier Milei. \u201cEl Decreto 37\/25 impuls\u00f3 una dr\u00e1stica desregulaci\u00f3n<\/p>\n","protected":false},"author":4,"featured_media":17072,"comment_status":"open","ping_status":"open","sticky":false,"template":"","format":"standard","meta":{"om_disable_all_campaigns":false,"_monsterinsights_skip_tracking":false,"footnotes":""},"categories":[9,10],"tags":[2750,91,631,2067,3037,286,1831],"class_list":["post-17071","post","type-post","status-publish","format-standard","has-post-thumbnail","category-actualidad","category-featured","tag-desregulacion-2","tag-featured","tag-federico-sturzenegger","tag-marina-mercante","tag-maritima","tag-prefectura-naval-argentina","tag-reginave"],"aioseo_notices":[],"aioseo_head":"\n\t\t<!-- All in One SEO 4.9.10 - aioseo.com -->\n\t<meta name=\"description\" content=\"El Ministro de Desregulaci\u00f3n y Transformaci\u00f3n del Estado, Federico Sturzenegger, aprovech\u00f3 la entrada en vigencia de la Disposici\u00f3n 1053\/2026 de la Prefectura Naval Argentina que introdujo cambios en los procedimientos administrativos vinculados al Registro Nacional de Buques para reivindicar la pol\u00edtica desregulatoria del gobierno del presidente Javier Milei. \u201cEl Decreto 37\/25 impuls\u00f3 una dr\u00e1stica desregulaci\u00f3n\" \/>\n\t<meta name=\"robots\" content=\"max-image-preview:large\" \/>\n\t<meta name=\"author\" content=\"redaccion\"\/>\n\t<link rel=\"canonical\" href=\"https:\/\/partedepesca.com.ar\/d\/sturzenegger-defendio-la-drastica-desregulacion-del-regimen-de-la-navegacion\/\" \/>\n\t<meta name=\"generator\" content=\"All in One SEO (AIOSEO) 4.9.10\" \/>\n\t\t<meta property=\"og:locale\" content=\"es_ES\" \/>\n\t\t<meta property=\"og:site_name\" content=\"Parte de pesca - Novedades de la pesca sin filtro\" \/>\n\t\t<meta property=\"og:type\" content=\"article\" \/>\n\t\t<meta property=\"og:title\" content=\"Sturzenegger defendi\u00f3 la \u201cdr\u00e1stica desregulaci\u00f3n del R\u00e9gimen de la Navegaci\u00f3n\u201d - Parte de pesca\" \/>\n\t\t<meta property=\"og:description\" content=\"El Ministro de Desregulaci\u00f3n y Transformaci\u00f3n del Estado, Federico Sturzenegger, aprovech\u00f3 la entrada en vigencia de la Disposici\u00f3n 1053\/2026 de la Prefectura Naval Argentina que introdujo cambios en los procedimientos administrativos vinculados al Registro Nacional de Buques para reivindicar la pol\u00edtica desregulatoria del gobierno del presidente Javier Milei. \u201cEl Decreto 37\/25 impuls\u00f3 una dr\u00e1stica desregulaci\u00f3n\" \/>\n\t\t<meta property=\"og:url\" content=\"https:\/\/partedepesca.com.ar\/d\/sturzenegger-defendio-la-drastica-desregulacion-del-regimen-de-la-navegacion\/\" \/>\n\t\t<meta property=\"og:image\" content=\"https:\/\/partedepesca.com.ar\/d\/wp-content\/uploads\/2026\/09\/bita-de-amarre-puerto-bahia-blanca.jpg\" \/>\n\t\t<meta property=\"og:image:secure_url\" content=\"https:\/\/partedepesca.com.ar\/d\/wp-content\/uploads\/2026\/09\/bita-de-amarre-puerto-bahia-blanca.jpg\" \/>\n\t\t<meta property=\"og:image:width\" content=\"1600\" \/>\n\t\t<meta property=\"og:image:height\" content=\"1066\" \/>\n\t\t<meta property=\"article:published_time\" content=\"2026-09-01T00:31:31+00:00\" \/>\n\t\t<meta property=\"article:modified_time\" content=\"2026-09-01T00:31:35+00:00\" \/>\n\t\t<meta name=\"twitter:card\" content=\"summary_large_image\" \/>\n\t\t<meta name=\"twitter:title\" content=\"Sturzenegger defendi\u00f3 la \u201cdr\u00e1stica desregulaci\u00f3n del R\u00e9gimen de la Navegaci\u00f3n\u201d - Parte de pesca\" \/>\n\t\t<meta name=\"twitter:description\" content=\"El Ministro de Desregulaci\u00f3n y Transformaci\u00f3n del Estado, Federico Sturzenegger, aprovech\u00f3 la entrada en vigencia de la Disposici\u00f3n 1053\/2026 de la Prefectura Naval Argentina que introdujo cambios en los procedimientos administrativos vinculados al Registro Nacional de Buques para reivindicar la pol\u00edtica desregulatoria del gobierno del presidente Javier Milei. \u201cEl Decreto 37\/25 impuls\u00f3 una dr\u00e1stica desregulaci\u00f3n\" \/>\n\t\t<meta name=\"twitter:image\" content=\"https:\/\/partedepesca.com.ar\/d\/wp-content\/uploads\/2026\/09\/bita-de-amarre-puerto-bahia-blanca.jpg\" \/>\n\t\t<script type=\"application\/ld+json\" class=\"aioseo-schema\">\n\t\t\t{\"@context\":\"https:\\\/\\\/schema.org\",\"@graph\":[{\"@type\":\"BlogPosting\",\"@id\":\"https:\\\/\\\/partedepesca.com.ar\\\/d\\\/sturzenegger-defendio-la-drastica-desregulacion-del-regimen-de-la-navegacion\\\/#blogposting\",\"name\":\"Sturzenegger defendi\\u00f3 la \\u201cdr\\u00e1stica desregulaci\\u00f3n del R\\u00e9gimen de la Navegaci\\u00f3n\\u201d - Parte de pesca\",\"headline\":\"Sturzenegger defendi\\u00f3 la \\u201cdr\\u00e1stica desregulaci\\u00f3n del R\\u00e9gimen de la Navegaci\\u00f3n\\u201d\",\"author\":{\"@id\":\"https:\\\/\\\/partedepesca.com.ar\\\/d\\\/author\\\/redaccion\\\/#author\"},\"publisher\":{\"@id\":\"https:\\\/\\\/partedepesca.com.ar\\\/d\\\/#organization\"},\"image\":{\"@type\":\"ImageObject\",\"url\":\"https:\\\/\\\/partedepesca.com.ar\\\/d\\\/wp-content\\\/uploads\\\/2026\\\/09\\\/bita-de-amarre-puerto-bahia-blanca.jpg\",\"width\":1600,\"height\":1066},\"datePublished\":\"2026-09-01T00:31:31+00:00\",\"dateModified\":\"2026-09-01T00:31:35+00:00\",\"inLanguage\":\"es-AR\",\"mainEntityOfPage\":{\"@id\":\"https:\\\/\\\/partedepesca.com.ar\\\/d\\\/sturzenegger-defendio-la-drastica-desregulacion-del-regimen-de-la-navegacion\\\/#webpage\"},\"isPartOf\":{\"@id\":\"https:\\\/\\\/partedepesca.com.ar\\\/d\\\/sturzenegger-defendio-la-drastica-desregulacion-del-regimen-de-la-navegacion\\\/#webpage\"},\"articleSection\":\"Actualidad, FEATURED, desregulacion, featured, Federico Sturzenegger, marina mercante, mar\\u00edtima, Prefectura Naval Argentina, REGINAVE\"},{\"@type\":\"BreadcrumbList\",\"@id\":\"https:\\\/\\\/partedepesca.com.ar\\\/d\\\/sturzenegger-defendio-la-drastica-desregulacion-del-regimen-de-la-navegacion\\\/#breadcrumblist\",\"itemListElement\":[{\"@type\":\"ListItem\",\"@id\":\"https:\\\/\\\/partedepesca.com.ar\\\/d#listItem\",\"position\":1,\"name\":\"Home\",\"item\":\"https:\\\/\\\/partedepesca.com.ar\\\/d\",\"nextItem\":{\"@type\":\"ListItem\",\"@id\":\"https:\\\/\\\/partedepesca.com.ar\\\/d\\\/temas\\\/actualidad\\\/#listItem\",\"name\":\"Actualidad\"}},{\"@type\":\"ListItem\",\"@id\":\"https:\\\/\\\/partedepesca.com.ar\\\/d\\\/temas\\\/actualidad\\\/#listItem\",\"position\":2,\"name\":\"Actualidad\",\"item\":\"https:\\\/\\\/partedepesca.com.ar\\\/d\\\/temas\\\/actualidad\\\/\",\"nextItem\":{\"@type\":\"ListItem\",\"@id\":\"https:\\\/\\\/partedepesca.com.ar\\\/d\\\/sturzenegger-defendio-la-drastica-desregulacion-del-regimen-de-la-navegacion\\\/#listItem\",\"name\":\"Sturzenegger defendi\\u00f3 la \\u201cdr\\u00e1stica desregulaci\\u00f3n del R\\u00e9gimen de la Navegaci\\u00f3n\\u201d\"},\"previousItem\":{\"@type\":\"ListItem\",\"@id\":\"https:\\\/\\\/partedepesca.com.ar\\\/d#listItem\",\"name\":\"Home\"}},{\"@type\":\"ListItem\",\"@id\":\"https:\\\/\\\/partedepesca.com.ar\\\/d\\\/sturzenegger-defendio-la-drastica-desregulacion-del-regimen-de-la-navegacion\\\/#listItem\",\"position\":3,\"name\":\"Sturzenegger defendi\\u00f3 la \\u201cdr\\u00e1stica desregulaci\\u00f3n del R\\u00e9gimen de la Navegaci\\u00f3n\\u201d\",\"previousItem\":{\"@type\":\"ListItem\",\"@id\":\"https:\\\/\\\/partedepesca.com.ar\\\/d\\\/temas\\\/actualidad\\\/#listItem\",\"name\":\"Actualidad\"}}]},{\"@type\":\"Organization\",\"@id\":\"https:\\\/\\\/partedepesca.com.ar\\\/d\\\/#organization\",\"name\":\"Parte de pesca\",\"description\":\"Novedades de la pesca sin filtro\",\"url\":\"https:\\\/\\\/partedepesca.com.ar\\\/d\\\/\",\"logo\":{\"@type\":\"ImageObject\",\"url\":\"https:\\\/\\\/partedepesca.com.ar\\\/d\\\/wp-content\\\/uploads\\\/2023\\\/03\\\/logoparte.jpg\",\"@id\":\"https:\\\/\\\/partedepesca.com.ar\\\/d\\\/sturzenegger-defendio-la-drastica-desregulacion-del-regimen-de-la-navegacion\\\/#organizationLogo\",\"width\":654,\"height\":402},\"image\":{\"@id\":\"https:\\\/\\\/partedepesca.com.ar\\\/d\\\/sturzenegger-defendio-la-drastica-desregulacion-del-regimen-de-la-navegacion\\\/#organizationLogo\"}},{\"@type\":\"Person\",\"@id\":\"https:\\\/\\\/partedepesca.com.ar\\\/d\\\/author\\\/redaccion\\\/#author\",\"url\":\"https:\\\/\\\/partedepesca.com.ar\\\/d\\\/author\\\/redaccion\\\/\",\"name\":\"redaccion\",\"image\":{\"@type\":\"ImageObject\",\"@id\":\"https:\\\/\\\/partedepesca.com.ar\\\/d\\\/sturzenegger-defendio-la-drastica-desregulacion-del-regimen-de-la-navegacion\\\/#authorImage\",\"url\":\"https:\\\/\\\/secure.gravatar.com\\\/avatar\\\/573f0a5081c0a61fd6ac39287b5e137712bd2c79944a96eca6e6fe1474d00d0a?s=96&d=mm&r=g\",\"width\":96,\"height\":96,\"caption\":\"redaccion\"}},{\"@type\":\"WebPage\",\"@id\":\"https:\\\/\\\/partedepesca.com.ar\\\/d\\\/sturzenegger-defendio-la-drastica-desregulacion-del-regimen-de-la-navegacion\\\/#webpage\",\"url\":\"https:\\\/\\\/partedepesca.com.ar\\\/d\\\/sturzenegger-defendio-la-drastica-desregulacion-del-regimen-de-la-navegacion\\\/\",\"name\":\"Sturzenegger defendi\\u00f3 la \\u201cdr\\u00e1stica desregulaci\\u00f3n del R\\u00e9gimen de la Navegaci\\u00f3n\\u201d - Parte de pesca\",\"description\":\"El Ministro de Desregulaci\\u00f3n y Transformaci\\u00f3n del Estado, Federico Sturzenegger, aprovech\\u00f3 la entrada en vigencia de la Disposici\\u00f3n 1053\\\/2026 de la Prefectura Naval Argentina que introdujo cambios en los procedimientos administrativos vinculados al Registro Nacional de Buques para reivindicar la pol\\u00edtica desregulatoria del gobierno del presidente Javier Milei. \\u201cEl Decreto 37\\\/25 impuls\\u00f3 una dr\\u00e1stica desregulaci\\u00f3n\",\"inLanguage\":\"es-AR\",\"isPartOf\":{\"@id\":\"https:\\\/\\\/partedepesca.com.ar\\\/d\\\/#website\"},\"breadcrumb\":{\"@id\":\"https:\\\/\\\/partedepesca.com.ar\\\/d\\\/sturzenegger-defendio-la-drastica-desregulacion-del-regimen-de-la-navegacion\\\/#breadcrumblist\"},\"author\":{\"@id\":\"https:\\\/\\\/partedepesca.com.ar\\\/d\\\/author\\\/redaccion\\\/#author\"},\"creator\":{\"@id\":\"https:\\\/\\\/partedepesca.com.ar\\\/d\\\/author\\\/redaccion\\\/#author\"},\"image\":{\"@type\":\"ImageObject\",\"url\":\"https:\\\/\\\/partedepesca.com.ar\\\/d\\\/wp-content\\\/uploads\\\/2026\\\/09\\\/bita-de-amarre-puerto-bahia-blanca.jpg\",\"@id\":\"https:\\\/\\\/partedepesca.com.ar\\\/d\\\/sturzenegger-defendio-la-drastica-desregulacion-del-regimen-de-la-navegacion\\\/#mainImage\",\"width\":1600,\"height\":1066},\"primaryImageOfPage\":{\"@id\":\"https:\\\/\\\/partedepesca.com.ar\\\/d\\\/sturzenegger-defendio-la-drastica-desregulacion-del-regimen-de-la-navegacion\\\/#mainImage\"},\"datePublished\":\"2026-09-01T00:31:31+00:00\",\"dateModified\":\"2026-09-01T00:31:35+00:00\"},{\"@type\":\"WebSite\",\"@id\":\"https:\\\/\\\/partedepesca.com.ar\\\/d\\\/#website\",\"url\":\"https:\\\/\\\/partedepesca.com.ar\\\/d\\\/\",\"name\":\"Parte de pesca\",\"description\":\"Novedades de la pesca sin filtro\",\"inLanguage\":\"es-AR\",\"publisher\":{\"@id\":\"https:\\\/\\\/partedepesca.com.ar\\\/d\\\/#organization\"}}]}\n\t\t<\/script>\n\t\t<!-- All in One SEO -->\n\n","aioseo_head_json":{"title":"Sturzenegger defendi\u00f3 la \u201cdr\u00e1stica desregulaci\u00f3n del R\u00e9gimen de la Navegaci\u00f3n\u201d - Parte de pesca","description":"El Ministro de Desregulaci\u00f3n y Transformaci\u00f3n del Estado, Federico Sturzenegger, aprovech\u00f3 la entrada en vigencia de la Disposici\u00f3n 1053\/2026 de la Prefectura Naval Argentina que introdujo cambios en los procedimientos administrativos vinculados al Registro Nacional de Buques para reivindicar la pol\u00edtica desregulatoria del gobierno del presidente Javier Milei. \u201cEl Decreto 37\/25 impuls\u00f3 una dr\u00e1stica desregulaci\u00f3n","canonical_url":"https:\/\/partedepesca.com.ar\/d\/sturzenegger-defendio-la-drastica-desregulacion-del-regimen-de-la-navegacion\/","robots":"max-image-preview:large","keywords":"","webmasterTools":{"miscellaneous":""},"schema":{"@context":"https:\/\/schema.org","@graph":[{"@type":"BlogPosting","@id":"https:\/\/partedepesca.com.ar\/d\/sturzenegger-defendio-la-drastica-desregulacion-del-regimen-de-la-navegacion\/#blogposting","name":"Sturzenegger defendi\u00f3 la \u201cdr\u00e1stica desregulaci\u00f3n del R\u00e9gimen de la Navegaci\u00f3n\u201d - Parte de pesca","headline":"Sturzenegger defendi\u00f3 la \u201cdr\u00e1stica desregulaci\u00f3n del R\u00e9gimen de la Navegaci\u00f3n\u201d","author":{"@id":"https:\/\/partedepesca.com.ar\/d\/author\/redaccion\/#author"},"publisher":{"@id":"https:\/\/partedepesca.com.ar\/d\/#organization"},"image":{"@type":"ImageObject","url":"https:\/\/partedepesca.com.ar\/d\/wp-content\/uploads\/2026\/09\/bita-de-amarre-puerto-bahia-blanca.jpg","width":1600,"height":1066},"datePublished":"2026-09-01T00:31:31+00:00","dateModified":"2026-09-01T00:31:35+00:00","inLanguage":"es-AR","mainEntityOfPage":{"@id":"https:\/\/partedepesca.com.ar\/d\/sturzenegger-defendio-la-drastica-desregulacion-del-regimen-de-la-navegacion\/#webpage"},"isPartOf":{"@id":"https:\/\/partedepesca.com.ar\/d\/sturzenegger-defendio-la-drastica-desregulacion-del-regimen-de-la-navegacion\/#webpage"},"articleSection":"Actualidad, FEATURED, desregulacion, featured, Federico Sturzenegger, marina mercante, mar\u00edtima, Prefectura Naval Argentina, REGINAVE"},{"@type":"BreadcrumbList","@id":"https:\/\/partedepesca.com.ar\/d\/sturzenegger-defendio-la-drastica-desregulacion-del-regimen-de-la-navegacion\/#breadcrumblist","itemListElement":[{"@type":"ListItem","@id":"https:\/\/partedepesca.com.ar\/d#listItem","position":1,"name":"Home","item":"https:\/\/partedepesca.com.ar\/d","nextItem":{"@type":"ListItem","@id":"https:\/\/partedepesca.com.ar\/d\/temas\/actualidad\/#listItem","name":"Actualidad"}},{"@type":"ListItem","@id":"https:\/\/partedepesca.com.ar\/d\/temas\/actualidad\/#listItem","position":2,"name":"Actualidad","item":"https:\/\/partedepesca.com.ar\/d\/temas\/actualidad\/","nextItem":{"@type":"ListItem","@id":"https:\/\/partedepesca.com.ar\/d\/sturzenegger-defendio-la-drastica-desregulacion-del-regimen-de-la-navegacion\/#listItem","name":"Sturzenegger defendi\u00f3 la \u201cdr\u00e1stica desregulaci\u00f3n del R\u00e9gimen de la Navegaci\u00f3n\u201d"},"previousItem":{"@type":"ListItem","@id":"https:\/\/partedepesca.com.ar\/d#listItem","name":"Home"}},{"@type":"ListItem","@id":"https:\/\/partedepesca.com.ar\/d\/sturzenegger-defendio-la-drastica-desregulacion-del-regimen-de-la-navegacion\/#listItem","position":3,"name":"Sturzenegger defendi\u00f3 la \u201cdr\u00e1stica desregulaci\u00f3n del R\u00e9gimen de la Navegaci\u00f3n\u201d","previousItem":{"@type":"ListItem","@id":"https:\/\/partedepesca.com.ar\/d\/temas\/actualidad\/#listItem","name":"Actualidad"}}]},{"@type":"Organization","@id":"https:\/\/partedepesca.com.ar\/d\/#organization","name":"Parte de pesca","description":"Novedades de la pesca sin filtro","url":"https:\/\/partedepesca.com.ar\/d\/","logo":{"@type":"ImageObject","url":"https:\/\/partedepesca.com.ar\/d\/wp-content\/uploads\/2023\/03\/logoparte.jpg","@id":"https:\/\/partedepesca.com.ar\/d\/sturzenegger-defendio-la-drastica-desregulacion-del-regimen-de-la-navegacion\/#organizationLogo","width":654,"height":402},"image":{"@id":"https:\/\/partedepesca.com.ar\/d\/sturzenegger-defendio-la-drastica-desregulacion-del-regimen-de-la-navegacion\/#organizationLogo"}},{"@type":"Person","@id":"https:\/\/partedepesca.com.ar\/d\/author\/redaccion\/#author","url":"https:\/\/partedepesca.com.ar\/d\/author\/redaccion\/","name":"redaccion","image":{"@type":"ImageObject","@id":"https:\/\/partedepesca.com.ar\/d\/sturzenegger-defendio-la-drastica-desregulacion-del-regimen-de-la-navegacion\/#authorImage","url":"https:\/\/secure.gravatar.com\/avatar\/573f0a5081c0a61fd6ac39287b5e137712bd2c79944a96eca6e6fe1474d00d0a?s=96&d=mm&r=g","width":96,"height":96,"caption":"redaccion"}},{"@type":"WebPage","@id":"https:\/\/partedepesca.com.ar\/d\/sturzenegger-defendio-la-drastica-desregulacion-del-regimen-de-la-navegacion\/#webpage","url":"https:\/\/partedepesca.com.ar\/d\/sturzenegger-defendio-la-drastica-desregulacion-del-regimen-de-la-navegacion\/","name":"Sturzenegger defendi\u00f3 la \u201cdr\u00e1stica desregulaci\u00f3n del R\u00e9gimen de la Navegaci\u00f3n\u201d - Parte de pesca","description":"El Ministro de Desregulaci\u00f3n y Transformaci\u00f3n del Estado, Federico Sturzenegger, aprovech\u00f3 la entrada en vigencia de la Disposici\u00f3n 1053\/2026 de la Prefectura Naval Argentina que introdujo cambios en los procedimientos administrativos vinculados al Registro Nacional de Buques para reivindicar la pol\u00edtica desregulatoria del gobierno del presidente Javier Milei. \u201cEl Decreto 37\/25 impuls\u00f3 una dr\u00e1stica desregulaci\u00f3n","inLanguage":"es-AR","isPartOf":{"@id":"https:\/\/partedepesca.com.ar\/d\/#website"},"breadcrumb":{"@id":"https:\/\/partedepesca.com.ar\/d\/sturzenegger-defendio-la-drastica-desregulacion-del-regimen-de-la-navegacion\/#breadcrumblist"},"author":{"@id":"https:\/\/partedepesca.com.ar\/d\/author\/redaccion\/#author"},"creator":{"@id":"https:\/\/partedepesca.com.ar\/d\/author\/redaccion\/#author"},"image":{"@type":"ImageObject","url":"https:\/\/partedepesca.com.ar\/d\/wp-content\/uploads\/2026\/09\/bita-de-amarre-puerto-bahia-blanca.jpg","@id":"https:\/\/partedepesca.com.ar\/d\/sturzenegger-defendio-la-drastica-desregulacion-del-regimen-de-la-navegacion\/#mainImage","width":1600,"height":1066},"primaryImageOfPage":{"@id":"https:\/\/partedepesca.com.ar\/d\/sturzenegger-defendio-la-drastica-desregulacion-del-regimen-de-la-navegacion\/#mainImage"},"datePublished":"2026-09-01T00:31:31+00:00","dateModified":"2026-09-01T00:31:35+00:00"},{"@type":"WebSite","@id":"https:\/\/partedepesca.com.ar\/d\/#website","url":"https:\/\/partedepesca.com.ar\/d\/","name":"Parte de pesca","description":"Novedades de la pesca sin filtro","inLanguage":"es-AR","publisher":{"@id":"https:\/\/partedepesca.com.ar\/d\/#organization"}}]},"og:locale":"es_ES","og:site_name":"Parte de pesca - Novedades de la pesca sin filtro","og:type":"article","og:title":"Sturzenegger defendi\u00f3 la \u201cdr\u00e1stica desregulaci\u00f3n del R\u00e9gimen de la Navegaci\u00f3n\u201d - Parte de pesca","og:description":"El Ministro de Desregulaci\u00f3n y Transformaci\u00f3n del Estado, Federico Sturzenegger, aprovech\u00f3 la entrada en vigencia de la Disposici\u00f3n 1053\/2026 de la Prefectura Naval Argentina que introdujo cambios en los procedimientos administrativos vinculados al Registro Nacional de Buques para reivindicar la pol\u00edtica desregulatoria del gobierno del presidente Javier Milei. \u201cEl Decreto 37\/25 impuls\u00f3 una dr\u00e1stica desregulaci\u00f3n","og:url":"https:\/\/partedepesca.com.ar\/d\/sturzenegger-defendio-la-drastica-desregulacion-del-regimen-de-la-navegacion\/","og:image":"https:\/\/partedepesca.com.ar\/d\/wp-content\/uploads\/2026\/09\/bita-de-amarre-puerto-bahia-blanca.jpg","og:image:secure_url":"https:\/\/partedepesca.com.ar\/d\/wp-content\/uploads\/2026\/09\/bita-de-amarre-puerto-bahia-blanca.jpg","og:image:width":1600,"og:image:height":1066,"article:published_time":"2026-09-01T00:31:31+00:00","article:modified_time":"2026-09-01T00:31:35+00:00","twitter:card":"summary_large_image","twitter:title":"Sturzenegger defendi\u00f3 la \u201cdr\u00e1stica desregulaci\u00f3n del R\u00e9gimen de la Navegaci\u00f3n\u201d - Parte de pesca","twitter:description":"El Ministro de Desregulaci\u00f3n y Transformaci\u00f3n del Estado, Federico Sturzenegger, aprovech\u00f3 la entrada en vigencia de la Disposici\u00f3n 1053\/2026 de la Prefectura Naval Argentina que introdujo cambios en los procedimientos administrativos vinculados al Registro Nacional de Buques para reivindicar la pol\u00edtica desregulatoria del gobierno del presidente Javier Milei. \u201cEl Decreto 37\/25 impuls\u00f3 una dr\u00e1stica desregulaci\u00f3n","twitter:image":"https:\/\/partedepesca.com.ar\/d\/wp-content\/uploads\/2026\/09\/bita-de-amarre-puerto-bahia-blanca.jpg"},"aioseo_meta_data":{"post_id":"17071","title":null,"description":null,"keywords":null,"keyphrases":{"focus":{"keyphrase":"","score":0,"analysis":{"keyphraseInTitle":{"score":0,"maxScore":9,"error":1}}},"additional":[]},"primary_term":null,"canonical_url":null,"og_title":null,"og_description":null,"og_object_type":"default","og_image_type":"default","og_image_url":null,"og_image_width":null,"og_image_height":null,"og_image_custom_url":null,"og_image_custom_fields":null,"og_video":"","og_custom_url":null,"og_article_section":null,"og_article_tags":null,"twitter_use_og":false,"twitter_card":"default","twitter_image_type":"default","twitter_image_url":null,"twitter_image_custom_url":null,"twitter_image_custom_fields":null,"twitter_title":null,"twitter_description":null,"schema":{"blockGraphs":[],"customGraphs":[],"default":{"data":{"Article":[],"Course":[],"Dataset":[],"FAQPage":[],"Movie":[],"Person":[],"Product":[],"ProductReview":[],"Car":[],"Recipe":[],"Service":[],"SoftwareApplication":[],"WebPage":[]},"graphName":"BlogPosting","isEnabled":true},"graphs":[]},"schema_type":"default","schema_type_options":null,"pillar_content":false,"robots_default":true,"robots_noindex":false,"robots_noarchive":false,"robots_nosnippet":false,"robots_nofollow":false,"robots_noimageindex":false,"robots_noodp":false,"robots_notranslate":false,"robots_max_snippet":"-1","robots_max_videopreview":"-1","robots_max_imagepreview":"large","priority":null,"frequency":"default","local_seo":null,"breadcrumb_settings":null,"limit_modified_date":false,"ai":{"faqs":[],"keyPoints":[],"schemas":[],"titles":[],"descriptions":[],"socialPosts":{"email":{"subject":"","preview":"","content":""},"linkedin":[],"twitter":[],"facebook":[],"instagram":[]}},"created":"2026-09-01 00:31:09","updated":"2026-09-01 00:32:55","seo_analyzer_scan_date":null},"aioseo_breadcrumb":"<div class=\"aioseo-breadcrumbs\"><span class=\"aioseo-breadcrumb\">\n\t\t\t<a href=\"https:\/\/partedepesca.com.ar\/d\" title=\"Home\">Home<\/a>\n\t\t<\/span><span class=\"aioseo-breadcrumb-separator\">&raquo;<\/span><span class=\"aioseo-breadcrumb\">\n\t\t\t<a href=\"https:\/\/partedepesca.com.ar\/d\/temas\/actualidad\/\" title=\"Actualidad\">Actualidad<\/a>\n\t\t<\/span><span class=\"aioseo-breadcrumb-separator\">&raquo;<\/span><span class=\"aioseo-breadcrumb\">\n\t\t\tSturzenegger defendi\u00f3 la \u201cdr\u00e1stica desregulaci\u00f3n del R\u00e9gimen de la Navegaci\u00f3n\u201d\n\t\t<\/span><\/div>","aioseo_breadcrumb_json":[{"label":"Home","link":"https:\/\/partedepesca.com.ar\/d"},{"label":"Actualidad","link":"https:\/\/partedepesca.com.ar\/d\/temas\/actualidad\/"},{"label":"Sturzenegger defendi\u00f3 la \u201cdr\u00e1stica desregulaci\u00f3n del R\u00e9gimen de la Navegaci\u00f3n\u201d","link":"https:\/\/partedepesca.com.ar\/d\/sturzenegger-defendio-la-drastica-desregulacion-del-regimen-de-la-navegacion\/"}],"amp_enabled":true,"_links":{"self":[{"href":"https:\/\/partedepesca.com.ar\/d\/wp-json\/wp\/v2\/posts\/17071","targetHints":{"allow":["GET"]}}],"collection":[{"href":"https:\/\/partedepesca.com.ar\/d\/wp-json\/wp\/v2\/posts"}],"about":[{"href":"https:\/\/partedepesca.com.ar\/d\/wp-json\/wp\/v2\/types\/post"}],"author":[{"embeddable":true,"href":"https:\/\/partedepesca.com.ar\/d\/wp-json\/wp\/v2\/users\/4"}],"replies":[{"embeddable":true,"href":"https:\/\/partedepesca.com.ar\/d\/wp-json\/wp\/v2\/comments?post=17071"}],"version-history":[{"count":1,"href":"https:\/\/partedepesca.com.ar\/d\/wp-json\/wp\/v2\/posts\/17071\/revisions"}],"predecessor-version":[{"id":17073,"href":"https:\/\/partedepesca.com.ar\/d\/wp-json\/wp\/v2\/posts\/17071\/revisions\/17073"}],"wp:featuredmedia":[{"embeddable":true,"href":"https:\/\/partedepesca.com.ar\/d\/wp-json\/wp\/v2\/media\/17072"}],"wp:attachment":[{"href":"https:\/\/partedepesca.com.ar\/d\/wp-json\/wp\/v2\/media?parent=17071"}],"wp:term":[{"taxonomy":"category","embeddable":true,"href":"https:\/\/partedepesca.com.ar\/d\/wp-json\/wp\/v2\/categories?post=17071"},{"taxonomy":"post_tag","embeddable":true,"href":"https:\/\/partedepesca.com.ar\/d\/wp-json\/wp\/v2\/tags?post=17071"}],"curies":[{"name":"wp","href":"https:\/\/api.w.org\/{rel}","templated":true}]}}