{"id":15564,"date":"2026-05-01T11:01:00","date_gmt":"2026-05-01T11:01:00","guid":{"rendered":"https:\/\/partedepesca.com.ar\/d\/?p=15564"},"modified":"2026-05-01T13:45:52","modified_gmt":"2026-05-01T13:45:52","slug":"le-reclaman-a-milei-medidas-urgentes-por-la-crisis-en-la-pesca-costera","status":"publish","type":"post","link":"https:\/\/partedepesca.com.ar\/d\/le-reclaman-a-milei-medidas-urgentes-por-la-crisis-en-la-pesca-costera\/","title":{"rendered":"Le reclaman a Milei medidas urgentes por la crisis en la pesca costera"},"content":{"rendered":"\n<p>El presidente de la Asociaci\u00f3n de Embarcaciones de Pesca Costera y Fresquera (AEPCyF), <strong>Sebasti\u00e1n Luis Agliano<\/strong>, envi\u00f3 una carta al presidente de la Naci\u00f3n, <strong>Javier Milei<\/strong>, en la que describe una situaci\u00f3n cr\u00edtica que atraviesa la flota costera, especialmente la tradicional actividad de los \u201cbarquitos amarillos\u201d del puerto de Mar del Plata.<\/p>\n\n\n\n<p>En la misiva, Agliano -hijo de pescadores y representante de una hist\u00f3rica comunidad vinculada al mar-  expone que la actividad enfrenta un escenario econ\u00f3mico \u201cinviable\u201d, donde los costos operativos superan ampliamente los ingresos. Seg\u00fan se\u00f1ala, el principal problema es el precio del combustible, insumo clave para la actividad pesquera, que actualmente se ubica en niveles que no guardan relaci\u00f3n con el valor de venta del pescado.<\/p>\n\n\n\n<p>\u201cEl resultado es que trabajar, literalmente, nos empobrece\u201d, advierte el dirigente, al explicar que en algunos casos el valor de un kilo de corvina no alcanza para cubrir el costo de un litro de gasoil. Esta ecuaci\u00f3n, sostiene, est\u00e1 provocando que muchas embarcaciones directamente no puedan salir a pescar, dejando a tripulaciones enteras sin trabajo y a familias sin ingresos.<\/p>\n\n\n\n<p>La problem\u00e1tica, sin embargo, no se limita a los costos. Agliano tambi\u00e9n se\u00f1ala trabas administrativas y regulatorias que afectan la operatoria del sector. Entre ellas menciona la falta de actualizaci\u00f3n de normas sobre dotaciones m\u00ednimas, exigencias que no se ajustan a la realidad de la flota costera y dificultades para cumplir con requisitos ante la escasez de personal. A esto se suma, seg\u00fan indica, una creciente burocracia que multiplica tr\u00e1mites sin ofrecer soluciones concretas, generando un \u201climbo legal y operativo\u201d.<\/p>\n\n\n\n<p class=\"has-vivid-cyan-blue-color has-text-color has-link-color wp-elements-712469da742f731d9e86cd90767cd556\"><strong>\u201cLA RUEDA DEJA DE GIRAR\u201d<\/strong><\/p>\n\n\n\n<p>El impacto de la crisis no s\u00f3lo alcanza a los pescadores. Seg\u00fan el titular de la AEPCyF, cada embarcaci\u00f3n sostiene una cadena productiva m\u00e1s amplia que incluye plantas de procesamiento, fileteros, transportistas y comercios vinculados al puerto. \u201cCuando un barco deja de salir, esa rueda econ\u00f3mica deja de girar\u201d, resume.<\/p>\n\n\n\n<p>En su planteo, Agliano tambi\u00e9n pone el foco en el componente social y cultural de la actividad. Describe a la pesca costera como una forma de vida arraigada en generaciones de familias \u2014muchas de ellas descendientes de inmigrantes italianos\u2014 que encontraron en el mar un sustento digno. En ese sentido, advierte que lo que est\u00e1 en juego no es s\u00f3lo un sector econ\u00f3mico, sino tambi\u00e9n una identidad hist\u00f3rica ligada al desarrollo de Mar del Plata.<\/p>\n\n\n\n<p class=\"has-vivid-cyan-blue-color has-text-color has-link-color wp-elements-b07b65d49951e5f23a6e89224b91a75f\"><strong>PROPUESTAS<\/strong><\/p>\n\n\n\n<p>El dirigente remarca que la entidad ya agot\u00f3 las v\u00edas institucionales habituales, incluyendo la presentaci\u00f3n de notas y pedidos de audiencia ante organismos competentes, sin obtener respuestas concretas. Por ello, solicita una intervenci\u00f3n directa del Poder Ejecutivo.<\/p>\n\n\n\n<p>Entre los principales pedidos al Gobierno nacional, la asociaci\u00f3n reclama:<\/p>\n\n\n\n<ul class=\"wp-block-list\">\n<li>La revisi\u00f3n de las normativas vigentes con criterios t\u00e9cnicos acordes a la realidad del sector.<\/li>\n\n\n\n<li>Medidas concretas para reducir el impacto del costo del combustible y la carga fiscal.<\/li>\n\n\n\n<li>La apertura de una instancia de di\u00e1logo directo con autoridades nacionales para presentar propuestas.<\/li>\n<\/ul>\n\n\n\n<p class=\"has-vivid-cyan-blue-color has-text-color has-link-color wp-elements-0ef98f046387ca8f04cc451ab566fc0a\"><strong>PEDIDO DE AUDIENCIA A MILEI<\/strong><\/p>\n\n\n\n<p>Agliano enfatiza que el sector no busca beneficios extraordinarios, sino \u201ccondiciones m\u00ednimas\u201d que permitan sostener la actividad, el empleo y el abastecimiento de pescado fresco.<\/p>\n\n\n\n<p>Finalmente, el dirigente solicita una audiencia con el Presidente de la Naci\u00f3n para exponer personalmente la situaci\u00f3n y plantear alternativas. \u201cNo tenemos detr\u00e1s grandes grupos empresarios, sino familias que dependen de esta actividad\u201d, concluye.<\/p>\n\n\n\n<p>La advertencia llega en un contexto de creciente preocupaci\u00f3n en el sector pesquero, donde distintos actores alertan sobre la posibilidad de una paralizaci\u00f3n progresiva de la flota costera si no se adoptan medidas en el corto plazo.<\/p>\n","protected":false},"excerpt":{"rendered":"<p>El presidente de la Asociaci\u00f3n de Embarcaciones de Pesca Costera y Fresquera (AEPCyF), Sebasti\u00e1n Luis Agliano, envi\u00f3 una carta al presidente de la Naci\u00f3n, Javier Milei, en la que describe una situaci\u00f3n cr\u00edtica que atraviesa la flota costera, especialmente la tradicional actividad de los \u201cbarquitos amarillos\u201d del puerto de Mar del Plata. En la misiva,<\/p>\n","protected":false},"author":4,"featured_media":15565,"comment_status":"open","ping_status":"open","sticky":false,"template":"","format":"standard","meta":{"om_disable_all_campaigns":false,"_monsterinsights_skip_tracking":false,"_monsterinsights_sitenote_active":false,"_monsterinsights_sitenote_note":"","_monsterinsights_sitenote_category":0,"footnotes":""},"categories":[9,10],"tags":[655,2195,91,531,663,2796,1142],"class_list":{"0":"post-15564","1":"post","2":"type-post","3":"status-publish","4":"format-standard","5":"has-post-thumbnail","7":"category-actualidad","8":"category-featured","9":"tag-aepcyf","10":"tag-crisis","11":"tag-featured","12":"tag-javier-milei","13":"tag-mar-del-plata","14":"tag-pesca-costera","15":"tag-sebastian-agliano"},"aioseo_notices":[],"amp_enabled":true,"_links":{"self":[{"href":"https:\/\/partedepesca.com.ar\/d\/wp-json\/wp\/v2\/posts\/15564","targetHints":{"allow":["GET"]}}],"collection":[{"href":"https:\/\/partedepesca.com.ar\/d\/wp-json\/wp\/v2\/posts"}],"about":[{"href":"https:\/\/partedepesca.com.ar\/d\/wp-json\/wp\/v2\/types\/post"}],"author":[{"embeddable":true,"href":"https:\/\/partedepesca.com.ar\/d\/wp-json\/wp\/v2\/users\/4"}],"replies":[{"embeddable":true,"href":"https:\/\/partedepesca.com.ar\/d\/wp-json\/wp\/v2\/comments?post=15564"}],"version-history":[{"count":2,"href":"https:\/\/partedepesca.com.ar\/d\/wp-json\/wp\/v2\/posts\/15564\/revisions"}],"predecessor-version":[{"id":15570,"href":"https:\/\/partedepesca.com.ar\/d\/wp-json\/wp\/v2\/posts\/15564\/revisions\/15570"}],"wp:featuredmedia":[{"embeddable":true,"href":"https:\/\/partedepesca.com.ar\/d\/wp-json\/wp\/v2\/media\/15565"}],"wp:attachment":[{"href":"https:\/\/partedepesca.com.ar\/d\/wp-json\/wp\/v2\/media?parent=15564"}],"wp:term":[{"taxonomy":"category","embeddable":true,"href":"https:\/\/partedepesca.com.ar\/d\/wp-json\/wp\/v2\/categories?post=15564"},{"taxonomy":"post_tag","embeddable":true,"href":"https:\/\/partedepesca.com.ar\/d\/wp-json\/wp\/v2\/tags?post=15564"}],"curies":[{"name":"wp","href":"https:\/\/api.w.org\/{rel}","templated":true}]}}