{"id":15536,"date":"2026-04-30T05:04:45","date_gmt":"2026-04-30T05:04:45","guid":{"rendered":"https:\/\/partedepesca.com.ar\/d\/?p=15536"},"modified":"2026-04-30T05:04:45","modified_gmt":"2026-04-30T05:04:45","slug":"durdos-firmara-a-la-baja-pero-despues-del-1-de-mayo","status":"publish","type":"post","link":"https:\/\/partedepesca.com.ar\/d\/durdos-firmara-a-la-baja-pero-despues-del-1-de-mayo\/","title":{"rendered":"\u201cDurdos firmar\u00e1 a la baja, pero despu\u00e9s del 1\u00b0 de Mayo\u201d"},"content":{"rendered":"\n<p>Esa ha sido la frase que ha circulado con insistencia entre los marineros en las \u00faltimas horas de la noche de este mi\u00e9rcoles. Los afiliados al Sindicato de Obreros Mar\u00edtimos Unidos (SOMU) y los miles de relevos no sindicalizados se reenviaron mensajes por redes sociales dando por sentado que el gremio ya acord\u00f3 con las c\u00e1maras langostineras.<\/p>\n\n\n\n<p>El detalle que interpretan los trabajadores mar\u00edtimos es que el anuncio y formalizaci\u00f3n del acuerdo paritario ser\u00e1 despu\u00e9s del \u201cD\u00eda de Trabajador\u201d. El silencio de la conducci\u00f3n (prorrogada) de Raul Durdos alimenta las especulaciones entre los obreros de a bordo. Durante todo el d\u00eda circularon versiones de ingentes y reservadas conversaciones, entre las partes, para finalmente celebrar un convenio antes de la pr\u00f3xima audiencia fijada para el 6 de mayo.<\/p>\n\n\n\n<p class=\"has-vivid-cyan-blue-color has-text-color has-link-color wp-elements-6308b499eee86d2ed581fa33bfbaea25\"><strong>CON LA TABLA DEL MEDIO<\/strong><\/p>\n\n\n\n<p><strong>\u201cBuenas noches compa\u00f1eros hoy firmaron van a pagar el 90 por ciento del d\u00f3lar con la tabla del medio que hab\u00edan presentado las c\u00e1maras, la producci\u00f3n absorbe el b\u00e1sico y plus de bodega, el lunes firman en el ministerio de trabajo, pero ya se firm\u00f3\u201d,<\/strong> dice textualmente el mensaje que cada marinero recibi\u00f3 reenviado muchas veces.<\/p>\n\n\n\n<p>La versi\u00f3n corri\u00f3 como reguero de p\u00f3lvora, no solo entre los trabajadores mar\u00edtimos, sino en toda la comunidad pesquera que aguarda expectante el desenlace de los acuerdos salariales.<\/p>\n\n\n\n<p class=\"has-vivid-cyan-blue-color has-text-color has-link-color wp-elements-c6d5bb2e1c19015f837930c19667b7a6\"><strong>CONDICIONES<\/strong><\/p>\n\n\n\n<p><strong>\u201cEntregan el b\u00e1sico y el plus de bodega y acordar\u00edan con la tabla del medio a un d\u00f3lar al 0,90. Y, estar\u00edan entregando un 15\/17%\u201d,<\/strong> sintetiza una fuente del sector mar\u00edtimo a <strong>PARTE DE PESCA,<\/strong> en medio de las abrumadoras versiones que cobraron fuerza durante la jornada que termin\u00f3 y que no fueron desmentidas por la dirigencia de la c\u00fapula del SOMU.<\/p>\n\n\n\n<p>\u201cSupuestamente ya esta firmado y el lunes se firma en el Ministerio\u201d, agrega en cuanto a la informaci\u00f3n extraoficial que ha recibido la mariner\u00eda.<\/p>\n\n\n\n<p class=\"has-vivid-cyan-blue-color has-text-color has-link-color wp-elements-046106836ea61ce241bffc0a6ff47688\"><strong>LARGO, FINDE LARGO<\/strong><\/p>\n\n\n\n<p>Desde del jueves pasado que fue la \u00faltima audiencia formal donde el SOMU dijo que desconoc\u00eda lo que estaban ofreciendo las empresas a pesar que desde enero le hab\u00edan hecho la propuesta, es verdad que hubo contactos y negociaciones al margen de la Secretar\u00eda de Trabajo de la Naci\u00f3n. Un acuerdo no es tal hasta que no se firme y no se homologue.<\/p>\n\n\n\n<p>Arranca un feriado largo, en el que no habr\u00eda ninguna firma hasta el lunes 4 de mayo, al tiempo que la audiencia formal est\u00e1 prevista para el mi\u00e9rcoles 6 de mayo y la pr\u00f3rroga del mandato de las autoridades del SOMU fenece el s\u00e1bado 9 de mayo.<\/p>\n\n\n\n<p>\u201cDurdos firmar\u00e1 a la baja, pero despu\u00e9s del 1\u00b0 de Mayo. Ser\u00e1 el \u00faltimo regalo que esta conducci\u00f3n le dejar\u00e1 a los trabajadores\u201d, sintetiz\u00f3 con \u00e1cida iron\u00eda un dirigente que est\u00e1 en la vereda de enfrente a la c\u00fapula sindical.<\/p>\n\n\n\n<p>Y agreg\u00f3: \u201cBuscar\u00e1n mostrar una victoria p\u00edrrica sobre el valor del d\u00f3lar. Las empresas tampoco lo confirman porque no les creen y no conf\u00edan en la palabra de Durdos\u201d.<\/p>\n","protected":false},"excerpt":{"rendered":"<p>Esa ha sido la frase que ha circulado con insistencia entre los marineros en las \u00faltimas horas de la noche de este mi\u00e9rcoles. Los afiliados al Sindicato de Obreros Mar\u00edtimos Unidos (SOMU) y los miles de relevos no sindicalizados se reenviaron mensajes por redes sociales dando por sentado que el gremio ya acord\u00f3 con las<\/p>\n","protected":false},"author":4,"featured_media":15537,"comment_status":"open","ping_status":"open","sticky":false,"template":"","format":"standard","meta":{"om_disable_all_campaigns":false,"_monsterinsights_skip_tracking":false,"_monsterinsights_sitenote_active":false,"_monsterinsights_sitenote_note":"","_monsterinsights_sitenote_category":0,"footnotes":""},"categories":[9,10],"tags":[91,212,679,179],"class_list":{"0":"post-15536","1":"post","2":"type-post","3":"status-publish","4":"format-standard","5":"has-post-thumbnail","7":"category-actualidad","8":"category-featured","9":"tag-featured","10":"tag-marineros","11":"tag-raul-durdos-2","12":"tag-somu"},"aioseo_notices":[],"amp_enabled":true,"_links":{"self":[{"href":"https:\/\/partedepesca.com.ar\/d\/wp-json\/wp\/v2\/posts\/15536","targetHints":{"allow":["GET"]}}],"collection":[{"href":"https:\/\/partedepesca.com.ar\/d\/wp-json\/wp\/v2\/posts"}],"about":[{"href":"https:\/\/partedepesca.com.ar\/d\/wp-json\/wp\/v2\/types\/post"}],"author":[{"embeddable":true,"href":"https:\/\/partedepesca.com.ar\/d\/wp-json\/wp\/v2\/users\/4"}],"replies":[{"embeddable":true,"href":"https:\/\/partedepesca.com.ar\/d\/wp-json\/wp\/v2\/comments?post=15536"}],"version-history":[{"count":1,"href":"https:\/\/partedepesca.com.ar\/d\/wp-json\/wp\/v2\/posts\/15536\/revisions"}],"predecessor-version":[{"id":15538,"href":"https:\/\/partedepesca.com.ar\/d\/wp-json\/wp\/v2\/posts\/15536\/revisions\/15538"}],"wp:featuredmedia":[{"embeddable":true,"href":"https:\/\/partedepesca.com.ar\/d\/wp-json\/wp\/v2\/media\/15537"}],"wp:attachment":[{"href":"https:\/\/partedepesca.com.ar\/d\/wp-json\/wp\/v2\/media?parent=15536"}],"wp:term":[{"taxonomy":"category","embeddable":true,"href":"https:\/\/partedepesca.com.ar\/d\/wp-json\/wp\/v2\/categories?post=15536"},{"taxonomy":"post_tag","embeddable":true,"href":"https:\/\/partedepesca.com.ar\/d\/wp-json\/wp\/v2\/tags?post=15536"}],"curies":[{"name":"wp","href":"https:\/\/api.w.org\/{rel}","templated":true}]}}