{"id":15529,"date":"2026-04-30T06:14:04","date_gmt":"2026-04-30T06:14:04","guid":{"rendered":"https:\/\/partedepesca.com.ar\/d\/?p=15529"},"modified":"2026-04-30T06:14:05","modified_gmt":"2026-04-30T06:14:05","slug":"el-ospa-se-integra-a-una-red-europea-de-innovacion-pesquera","status":"publish","type":"post","link":"https:\/\/partedepesca.com.ar\/d\/el-ospa-se-integra-a-una-red-europea-de-innovacion-pesquera\/","title":{"rendered":"El OSPA se integra a una red europea de innovaci\u00f3n pesquera"},"content":{"rendered":"\n<p>En el marco de la <em>Seafood Expo Global<\/em> y de las jornadas <strong>BlueNet2Market<\/strong> realizadas en Barcelona, el <strong>Observatorio del Sistema Pesquero Argentino (OSPA<\/strong>, UNPSJB\u2013CONICET) firm\u00f3 un Memorando de Entendimiento (MoU) junto a la red europea <strong>BlueNetCat<\/strong> y la C\u00e1mara Argentina Patag\u00f3nica de Industrias Pesqueras (CAPIP), consolidando una alianza orientada a la innovaci\u00f3n, la transferencia tecnol\u00f3gica y la sostenibilidad en el sector.<\/p>\n\n\n\n<p class=\"has-vivid-cyan-blue-color has-text-color has-link-color wp-elements-00718e5e43ce0a62471e92a17944b098\"><strong>ACUERDO INTERNACIONAL<\/strong><\/p>\n\n\n\n<p>BlueNetCat es la red de I+D+i mar\u00edtima de Catalu\u00f1a, coordinada por la Universitat Polit\u00e8cnica de Catalunya (UPC), que articula universidades, centros de investigaci\u00f3n y organismos tecnol\u00f3gicos con el objetivo de transferir conocimiento cient\u00edfico al sistema productivo en el marco de la econom\u00eda azul . Su funcionamiento se basa en la conexi\u00f3n entre ciencia, empresa y pol\u00edticas p\u00fablicas, con fuerte \u00e9nfasis en el desarrollo de soluciones aplicadas.<\/p>\n\n\n\n<p>El acuerdo firmado establece un marco de cooperaci\u00f3n que incluye el desarrollo de proyectos conjuntos de investigaci\u00f3n e innovaci\u00f3n, el testeo de tecnolog\u00edas en entornos reales, la creaci\u00f3n de startups y spin-offs, programas de formaci\u00f3n y movilidad, y la promoci\u00f3n de estrategias de sostenibilidad en la actividad pesquera . Tambi\u00e9n prev\u00e9 la participaci\u00f3n en eventos, el acceso a redes de informaci\u00f3n tecnol\u00f3gica y la generaci\u00f3n de visibilidad institucional en ambos contextos.<\/p>\n\n\n\n<p class=\"has-vivid-cyan-blue-color has-text-color has-link-color wp-elements-bf84d218c0cbf91cc3865a21af6cc23a\"><strong>PROYECCI\u00d3N GLOBAL<\/strong><\/p>\n\n\n\n<p>La firma se concret\u00f3 en paralelo a <strong>BlueNet2Market<\/strong>, un encuentro orientado a acelerar la conexi\u00f3n entre conocimiento y mercado en la econom\u00eda azul. La jornada incluy\u00f3 presentaciones sobre tendencias de inversi\u00f3n en Europa, oportunidades de financiamiento en el programa Horizon Europe, sesiones de pitch de proyectos innovadores y espacios de intercambio entre actores cient\u00edficos, empresariales y gubernamentales.<\/p>\n\n\n\n<figure class=\"wp-block-image size-large\"><a href=\"https:\/\/partedepesca.com.ar\/d\/wp-content\/uploads\/2026\/04\/OSPA-1.jpg\"><img fetchpriority=\"high\" decoding=\"async\" width=\"1024\" height=\"461\" src=\"https:\/\/partedepesca.com.ar\/d\/wp-content\/uploads\/2026\/04\/OSPA-1-1024x461.jpg\" alt=\"\" class=\"wp-image-15531\" srcset=\"https:\/\/partedepesca.com.ar\/d\/wp-content\/uploads\/2026\/04\/OSPA-1-1024x461.jpg 1024w, https:\/\/partedepesca.com.ar\/d\/wp-content\/uploads\/2026\/04\/OSPA-1-300x135.jpg 300w, https:\/\/partedepesca.com.ar\/d\/wp-content\/uploads\/2026\/04\/OSPA-1-768x346.jpg 768w, https:\/\/partedepesca.com.ar\/d\/wp-content\/uploads\/2026\/04\/OSPA-1-1536x692.jpg 1536w, https:\/\/partedepesca.com.ar\/d\/wp-content\/uploads\/2026\/04\/OSPA-1-150x68.jpg 150w, https:\/\/partedepesca.com.ar\/d\/wp-content\/uploads\/2026\/04\/OSPA-1-450x203.jpg 450w, https:\/\/partedepesca.com.ar\/d\/wp-content\/uploads\/2026\/04\/OSPA-1-1200x541.jpg 1200w, https:\/\/partedepesca.com.ar\/d\/wp-content\/uploads\/2026\/04\/OSPA-1.jpg 1600w\" sizes=\"(max-width: 1024px) 100vw, 1024px\" \/><\/a><\/figure>\n\n\n\n<p>Pero el escenario m\u00e1s amplio fue la propia <em>Seafood Expo Global<\/em>, donde el OSPA particip\u00f3 como parte de una agenda de articulaci\u00f3n internacional.<\/p>\n\n\n\n<p>\u201cLa <em>Seafood Expo Global<\/em> funciona, para nosotros, como un verdadero laboratorio de observaci\u00f3n del sistema pesquero a escala internacional. Nos permite analizar en un mismo espacio c\u00f3mo se articulan producci\u00f3n, tecnolog\u00eda, mercados y regulaciones, pero desde una perspectiva global que muchas veces no se percibe en el \u00e1mbito local\u201d, se\u00f1al\u00f3 la directora del OSPA, Mar\u00eda Soledad Schulze.<\/p>\n\n\n\n<p class=\"has-vivid-cyan-blue-color has-text-color has-link-color wp-elements-fad98b15a32fb73b169a5f17e42df78a\"><strong>ARTICULACI\u00d3N INSTITUCIONAL<\/strong><\/p>\n\n\n\n<p>En esa l\u00ednea, destac\u00f3 la importancia de la presencia argentina en este tipo de espacios: \u201cValoramos especialmente la participaci\u00f3n argentina y las distintas instancias de articulaci\u00f3n institucional que se est\u00e1n consolidando, porque permiten posicionar al pa\u00eds en discusiones estrat\u00e9gicas vinculadas al comercio, la innovaci\u00f3n y la sostenibilidad\u201d.<\/p>\n\n\n\n<figure class=\"wp-block-image size-large\"><a href=\"https:\/\/partedepesca.com.ar\/d\/wp-content\/uploads\/2026\/04\/OSPA-1.jpeg\"><img decoding=\"async\" width=\"1024\" height=\"612\" src=\"https:\/\/partedepesca.com.ar\/d\/wp-content\/uploads\/2026\/04\/OSPA-1-1024x612.jpeg\" alt=\"\" class=\"wp-image-15532\" srcset=\"https:\/\/partedepesca.com.ar\/d\/wp-content\/uploads\/2026\/04\/OSPA-1-1024x612.jpeg 1024w, https:\/\/partedepesca.com.ar\/d\/wp-content\/uploads\/2026\/04\/OSPA-1-300x179.jpeg 300w, https:\/\/partedepesca.com.ar\/d\/wp-content\/uploads\/2026\/04\/OSPA-1-768x459.jpeg 768w, https:\/\/partedepesca.com.ar\/d\/wp-content\/uploads\/2026\/04\/OSPA-1-1536x918.jpeg 1536w, https:\/\/partedepesca.com.ar\/d\/wp-content\/uploads\/2026\/04\/OSPA-1-150x90.jpeg 150w, https:\/\/partedepesca.com.ar\/d\/wp-content\/uploads\/2026\/04\/OSPA-1-450x269.jpeg 450w, https:\/\/partedepesca.com.ar\/d\/wp-content\/uploads\/2026\/04\/OSPA-1-1200x717.jpeg 1200w, https:\/\/partedepesca.com.ar\/d\/wp-content\/uploads\/2026\/04\/OSPA-1.jpeg 1771w\" sizes=\"(max-width: 1024px) 100vw, 1024px\" \/><\/a><figcaption class=\"wp-element-caption\">Sofia Haller, Nuria Rodr\u00edguez, Mar\u00eda Soledad Schulze, Lourdes Reig, Pablo Bou, Agustin de la Fuente, Mar\u00eda Eva G\u00f3ngora, Arianna Bucci y Mariano Perez (de izq. a der.)<\/figcaption><\/figure>\n\n\n\n<p>Uno de los aspectos m\u00e1s relevantes del acuerdo es la apertura de oportunidades concretas para la <strong>movilidad internacional de investigadores del OSPA<\/strong>. A partir de esta alianza, se habilita la posibilidad de realizar estancias en instituciones europeas que integran la red BlueNetCat, un requisito clave para acceder a programas de financiamiento y becas de intercambio que exigen contar con instituciones anfitrionas.<\/p>\n\n\n\n<p class=\"has-vivid-cyan-blue-color has-text-color has-link-color wp-elements-53869c4305fe5b0a033f0a86c7f7a256\"><strong>INSERCI\u00d3N EN REDES INTERNACIONALES<\/strong><\/p>\n\n\n\n<p>Desde el Observatorio ya se encuentran en evaluaci\u00f3n distintas propuestas de estancias para integrantes del equipo, orientadas a fortalecer l\u00edneas de trabajo vinculadas a innovaci\u00f3n, sostenibilidad y desarrollo del sector pesquero.<\/p>\n\n\n\n<p>\u201cEste acuerdo no solo fortalece nuestra inserci\u00f3n en redes internacionales de innovaci\u00f3n, sino que abre oportunidades concretas para la formaci\u00f3n y movilidad de nuestros investigadores. Poder contar con instituciones europeas como espacios de trabajo es clave para acceder a financiamiento internacional y potenciar el desarrollo cient\u00edfico y tecnol\u00f3gico del sector\u201d, explic\u00f3 Schulze.<\/p>\n\n\n\n<p>Finalmente, la directora del OSPA subray\u00f3 el rol que cumple la ciencia en este tipo de eventos: \u201cLa presencia de la ciencia en estos espacios es fundamental: no solo para aportar evidencia, sino tambi\u00e9n para interpretar tendencias, acompa\u00f1ar procesos de innovaci\u00f3n y fortalecer la toma de decisiones en un contexto cada vez m\u00e1s competitivo y regulado\u201d. <\/p>\n\n\n\n<p>La firma del acuerdo con BlueNetCat y CAPIP marca as\u00ed un nuevo paso en la internacionalizaci\u00f3n del OSPA y en la construcci\u00f3n de v\u00ednculos entre el sistema cient\u00edfico y la industria pesquera, en un escenario donde la innovaci\u00f3n y la sostenibilidad aparecen como ejes centrales del desarrollo futuro.<\/p>\n","protected":false},"excerpt":{"rendered":"<p>En el marco de la Seafood Expo Global y de las jornadas BlueNet2Market realizadas en Barcelona, el Observatorio del Sistema Pesquero Argentino (OSPA, UNPSJB\u2013CONICET) firm\u00f3 un Memorando de Entendimiento (MoU) junto a la red europea BlueNetCat y la C\u00e1mara Argentina Patag\u00f3nica de Industrias Pesqueras (CAPIP), consolidando una alianza orientada a la innovaci\u00f3n, la transferencia tecnol\u00f3gica<\/p>\n","protected":false},"author":3,"featured_media":15534,"comment_status":"open","ping_status":"open","sticky":false,"template":"","format":"standard","meta":{"om_disable_all_campaigns":false,"_monsterinsights_skip_tracking":false,"_monsterinsights_sitenote_active":false,"_monsterinsights_sitenote_note":"","_monsterinsights_sitenote_category":0,"footnotes":""},"categories":[9,10],"tags":[2792,91,196,156,2793],"class_list":{"0":"post-15529","1":"post","2":"type-post","3":"status-publish","4":"format-standard","5":"has-post-thumbnail","7":"category-actualidad","8":"category-featured","9":"tag-bluenet2market","10":"tag-featured","11":"tag-ospa","12":"tag-seafood-expo-global","13":"tag-universitat-politecnica-de-catalunya"},"aioseo_notices":[],"amp_enabled":true,"_links":{"self":[{"href":"https:\/\/partedepesca.com.ar\/d\/wp-json\/wp\/v2\/posts\/15529","targetHints":{"allow":["GET"]}}],"collection":[{"href":"https:\/\/partedepesca.com.ar\/d\/wp-json\/wp\/v2\/posts"}],"about":[{"href":"https:\/\/partedepesca.com.ar\/d\/wp-json\/wp\/v2\/types\/post"}],"author":[{"embeddable":true,"href":"https:\/\/partedepesca.com.ar\/d\/wp-json\/wp\/v2\/users\/3"}],"replies":[{"embeddable":true,"href":"https:\/\/partedepesca.com.ar\/d\/wp-json\/wp\/v2\/comments?post=15529"}],"version-history":[{"count":1,"href":"https:\/\/partedepesca.com.ar\/d\/wp-json\/wp\/v2\/posts\/15529\/revisions"}],"predecessor-version":[{"id":15533,"href":"https:\/\/partedepesca.com.ar\/d\/wp-json\/wp\/v2\/posts\/15529\/revisions\/15533"}],"wp:featuredmedia":[{"embeddable":true,"href":"https:\/\/partedepesca.com.ar\/d\/wp-json\/wp\/v2\/media\/15534"}],"wp:attachment":[{"href":"https:\/\/partedepesca.com.ar\/d\/wp-json\/wp\/v2\/media?parent=15529"}],"wp:term":[{"taxonomy":"category","embeddable":true,"href":"https:\/\/partedepesca.com.ar\/d\/wp-json\/wp\/v2\/categories?post=15529"},{"taxonomy":"post_tag","embeddable":true,"href":"https:\/\/partedepesca.com.ar\/d\/wp-json\/wp\/v2\/tags?post=15529"}],"curies":[{"name":"wp","href":"https:\/\/api.w.org\/{rel}","templated":true}]}}