{"id":15522,"date":"2026-04-30T06:14:21","date_gmt":"2026-04-30T06:14:21","guid":{"rendered":"https:\/\/partedepesca.com.ar\/d\/?p=15522"},"modified":"2026-04-30T06:15:13","modified_gmt":"2026-04-30T06:15:13","slug":"se-debe-comprender-con-claridad-que-la-actividad-tiene-que-ser-sustentable","status":"publish","type":"post","link":"https:\/\/partedepesca.com.ar\/d\/se-debe-comprender-con-claridad-que-la-actividad-tiene-que-ser-sustentable\/","title":{"rendered":"\u201cSe debe comprender con claridad que la actividad tiene que ser sustentable\u201d"},"content":{"rendered":"\n<p>El CEO del <strong>Grupo Iberconsa<\/strong> de Argentina, <strong>Facundo Godoy<\/strong>, analiz\u00f3 el delicado contexto que afronta la actividad pesquera por m\u00faltiples factores, entre los que se destacan una fuerte suba del insumo combustible que impacta fuerte en la ecuaci\u00f3n del negocio, y por otro, la incertidumbre creciente como consecuencia de la dilaci\u00f3n en el arribo a acuerdos paritarios con la mariner\u00eda y el sector congelador tangonero.<\/p>\n\n\n\n<p>El ejecutivo particip\u00f3 de la reciente <strong>Seafood Expo Global (SEG2026) en Barcelona<\/strong>, donde todo el arco pesquero langostinero se mostr\u00f3 s\u00f3lido, en cuanto a la necesidad de establecer acuerdos duraderos y que superen las negociaciones salariales a\u00f1o tras a\u00f1o.<\/p>\n\n\n\n<p>\u201cEn t\u00e9rminos de posicionamiento del negocio y <strong>dem\u00e1s hoy estamos igual que a esta altura de 2025<\/strong>, porque no hay acuerdo y no podemos salir a pescar\u201d, describi\u00f3 a <strong>PARTE DE PESCA<\/strong> al tiempo de poner de relieve que <strong>\u201ccon la Asociaci\u00f3n de Capitanes se pudo firmar un acuerdo de fondo que ordene cuestiones a largo plazo, lo cual es muy positiv<\/strong>o, y empieza un camino donde se debiera repetir un esquema con par\u00e1metros a largo plazo\u201d, dijo. <strong>\u201cY, ese debe ser el modelo que debemos transitar como sector y como industria\u201d<\/strong>, reflexion\u00f3 instando a tener miradas y acciones que superen lo coyuntural.<\/p>\n\n\n\n<p class=\"has-vivid-cyan-blue-color has-text-color has-link-color wp-elements-bf6cfa3e80f45efc308422f2cd0620a6\"><strong>NEGOCIACI\u00d3N RAZONABLE<\/strong><\/p>\n\n\n\n<p>Godoy sostuvo que debe prevalecer el di\u00e1logo y la negociaci\u00f3n en un marco de paz social, pero consider\u00f3 que resulta inconveniente extender la situaci\u00f3n por m\u00e1s tiempo sin definiciones.<\/p>\n\n\n\n<p>\u201cCreo que de la profunda crisis del a\u00f1o pasado todos aprendimos, tanto empresas como gobierno y gremios, y no deber\u00edamos repetir esas situaciones. Aunque -aclar\u00f3- no estamos viendo que esa voluntad se traduzca en acuerdos, por eso <strong>deben continuar las negociaciones, pero<\/strong> <strong>tampoco es razonable dilatarlo durante mucho m\u00e1s tiempo\u201d<\/strong>, advirti\u00f3 el CEO de la compa\u00f1\u00eda.<\/p>\n\n\n\n<p class=\"has-vivid-cyan-blue-color has-text-color has-link-color wp-elements-994877051c36e6683d282ca88e50928d\"><strong>DISCUSI\u00d3N DE FONDO<\/strong><\/p>\n\n\n\n<p>Asimismo, Facundo Godoy inst\u00f3 a que se entienda la magnitud de la problem\u00e1tica que cruza a toda la industria pesquera argentina. <strong>\u201cSe debe comprender con m\u00e1xima claridad que toda esta discusi\u00f3n tiene como cuesti\u00f3n de fondo que la actividad tiene que ser sustentable por s\u00ed misma\u201d, <\/strong>razon\u00f3 al expresar la necesidad que todos los actores que forman parte de la actividad dimensionen la gravedad de la problem\u00e1tica.<\/p>\n\n\n\n<p>Justamente, atribuy\u00f3 a esta cuesti\u00f3n la consolidaci\u00f3n de la unidad que hay en el sector empresario que en la cumbre de la Feria de Barcelona ratific\u00f3 que el esquema de valores m\u00f3viles de referencia de producci\u00f3n es la oferta posible.<\/p>\n\n\n\n<p>\u201cEl negocio es el mismo, con lo cual, si no sirve para uno, no sirve para nadie; y esto se entendi\u00f3, el a\u00f1o pasado fue un buen ejemplo y este a\u00f1o se dio con m\u00e1s naturalidad, lo cual es positivo, y claramente todos tenemos que estar en el mismo lugar\u201d, agreg\u00f3.<\/p>\n\n\n\n<p class=\"has-vivid-cyan-blue-color has-text-color has-link-color wp-elements-591b8c649dfabff31220d11b763513f2\"><strong>TERM\u00d3METRO DE LOS MERCADOS<\/strong><\/p>\n\n\n\n<p>Consultado sobre las inquietudes recibidas de parte de los mercados internacionales en el marco de la Seafood Expo Global, donde confluyen operadores de comercio exterior de todo el mundo y permite percibir niveles de demanda, Godoy sostuvo que <strong>\u201cal no tener resuelta la paritaria y no poder salir a pescar, no empezamos a hablar con los clientes para ofrecerles producto\u201d<\/strong>. \u201cInter\u00e9s hay, los clientes preguntan, pero sin stock disponible aun no podemos saber qu\u00e9 ocurrir\u00e1 con los precios cuando toda la flota salga a pescar\u201d, puntualiz\u00f3.<\/p>\n\n\n\n<figure class=\"wp-block-image size-large\"><a href=\"https:\/\/partedepesca.com.ar\/d\/wp-content\/uploads\/2026\/04\/PARTE-DE-PESCA-Consulado-General-de-Argentina-en-Barcelona-scaled.jpg\"><img fetchpriority=\"high\" decoding=\"async\" width=\"1024\" height=\"688\" src=\"https:\/\/partedepesca.com.ar\/d\/wp-content\/uploads\/2026\/04\/PARTE-DE-PESCA-Consulado-General-de-Argentina-en-Barcelona-1024x688.jpg\" alt=\"\" class=\"wp-image-15525\" srcset=\"https:\/\/partedepesca.com.ar\/d\/wp-content\/uploads\/2026\/04\/PARTE-DE-PESCA-Consulado-General-de-Argentina-en-Barcelona-1024x688.jpg 1024w, https:\/\/partedepesca.com.ar\/d\/wp-content\/uploads\/2026\/04\/PARTE-DE-PESCA-Consulado-General-de-Argentina-en-Barcelona-300x202.jpg 300w, https:\/\/partedepesca.com.ar\/d\/wp-content\/uploads\/2026\/04\/PARTE-DE-PESCA-Consulado-General-de-Argentina-en-Barcelona-768x516.jpg 768w, https:\/\/partedepesca.com.ar\/d\/wp-content\/uploads\/2026\/04\/PARTE-DE-PESCA-Consulado-General-de-Argentina-en-Barcelona-1536x1032.jpg 1536w, https:\/\/partedepesca.com.ar\/d\/wp-content\/uploads\/2026\/04\/PARTE-DE-PESCA-Consulado-General-de-Argentina-en-Barcelona-2048x1376.jpg 2048w, https:\/\/partedepesca.com.ar\/d\/wp-content\/uploads\/2026\/04\/PARTE-DE-PESCA-Consulado-General-de-Argentina-en-Barcelona-150x101.jpg 150w, https:\/\/partedepesca.com.ar\/d\/wp-content\/uploads\/2026\/04\/PARTE-DE-PESCA-Consulado-General-de-Argentina-en-Barcelona-450x302.jpg 450w, https:\/\/partedepesca.com.ar\/d\/wp-content\/uploads\/2026\/04\/PARTE-DE-PESCA-Consulado-General-de-Argentina-en-Barcelona-1200x806.jpg 1200w\" sizes=\"(max-width: 1024px) 100vw, 1024px\" \/><\/a><figcaption class=\"wp-element-caption\"><strong>Networking en el Consulado General y Centro de Promoci\u00f3n de la Rep\u00fablica Argentina en Barcel<em>ona<\/em><\/strong><\/figcaption><\/figure>\n\n\n\n<p>El ejecutivo de Iberconsa de Argentina <strong>volvi\u00f3 a insistir en la necesidad de establecer condiciones de largo plazo, y puso de ejemplo el convenio logrado con la Asociaci\u00f3n de Capitanes hasta 2030<\/strong>. \u201cDa mayor previsibilidad, pasamos del modo supervivencia a un modo de crecimiento ordenado. Y, sin previsibilidad, ninguna empresa avanza en inversiones importantes\u201d, afirm\u00f3.<\/p>\n\n\n\n<p class=\"has-vivid-cyan-blue-color has-text-color has-link-color wp-elements-5aadb756c1addb4b29723b32629bda51\"><strong>COYUNTURA INTERNACIONAL<\/strong><\/p>\n\n\n\n<p>Otro elemento que no pasa desapercibido para la industria son los efectos que provoca a la econom\u00eda global el actual escenario b\u00e9lico en Medio Oriente. \u201cSostener el nivel de precios de los productos es una variable de los mercados y los clientes. Y tambi\u00e9n se da una particularidad que este a\u00f1o se da en un marco donde hay una guerra, donde el producto premium que nosotros hacemos no es de primera necesidad, con lo cual, ante una merma de ingresos o incertidumbre, este consumo cae, por eso, estamos expectantes de c\u00f3mo puede impactar de manera indirecta\u201d, manifest\u00f3.<\/p>\n\n\n\n<p>Por estas circunstancias, \u201chay que ser muy cautelosos en cuanto a la estabilidad de precios de los mercados. <strong>Primero tenemos que asegurar que la operaci\u00f3n pesquera sea sustentable y despu\u00e9s el precio lo marca el mercado\u201d<\/strong>, dijo.<\/p>\n\n\n\n<p class=\"has-vivid-cyan-blue-color has-text-color has-link-color wp-elements-952ef6c9eb9b12d028e5d76a374470df\"><strong>LA CUOTIFICACI\u00d3N \u201cORDENA\u201d<\/strong><\/p>\n\n\n\n<p>Un tema que ya forma parte de la agenda del langostino es avanzar hacia un esquema de Cuotas Individuales Transferibles de Captura (CITC). \u201cLa instrumentaci\u00f3n de un sistema de cuotas genera un ordenamiento. El claro ejemplo es lo que se ve en la merluza, es un sector donde cada uno tiene una cuota, y entendemos que en el langostino tambi\u00e9n va a servir para ordenar\u201d, sugiri\u00f3 Godoy.<\/p>\n\n\n\n<figure class=\"wp-block-image size-large\"><a href=\"https:\/\/partedepesca.com.ar\/d\/wp-content\/uploads\/2026\/04\/PARTE-DE-PESCA-Iberconsa-en-Seafood-Expo-Global-2026-scaled.jpg\"><img decoding=\"async\" width=\"1024\" height=\"655\" src=\"https:\/\/partedepesca.com.ar\/d\/wp-content\/uploads\/2026\/04\/PARTE-DE-PESCA-Iberconsa-en-Seafood-Expo-Global-2026-1024x655.jpg\" alt=\"\" class=\"wp-image-15526\" srcset=\"https:\/\/partedepesca.com.ar\/d\/wp-content\/uploads\/2026\/04\/PARTE-DE-PESCA-Iberconsa-en-Seafood-Expo-Global-2026-1024x655.jpg 1024w, https:\/\/partedepesca.com.ar\/d\/wp-content\/uploads\/2026\/04\/PARTE-DE-PESCA-Iberconsa-en-Seafood-Expo-Global-2026-300x192.jpg 300w, https:\/\/partedepesca.com.ar\/d\/wp-content\/uploads\/2026\/04\/PARTE-DE-PESCA-Iberconsa-en-Seafood-Expo-Global-2026-768x492.jpg 768w, https:\/\/partedepesca.com.ar\/d\/wp-content\/uploads\/2026\/04\/PARTE-DE-PESCA-Iberconsa-en-Seafood-Expo-Global-2026-1536x983.jpg 1536w, https:\/\/partedepesca.com.ar\/d\/wp-content\/uploads\/2026\/04\/PARTE-DE-PESCA-Iberconsa-en-Seafood-Expo-Global-2026-2048x1311.jpg 2048w, https:\/\/partedepesca.com.ar\/d\/wp-content\/uploads\/2026\/04\/PARTE-DE-PESCA-Iberconsa-en-Seafood-Expo-Global-2026-150x96.jpg 150w, https:\/\/partedepesca.com.ar\/d\/wp-content\/uploads\/2026\/04\/PARTE-DE-PESCA-Iberconsa-en-Seafood-Expo-Global-2026-450x288.jpg 450w, https:\/\/partedepesca.com.ar\/d\/wp-content\/uploads\/2026\/04\/PARTE-DE-PESCA-Iberconsa-en-Seafood-Expo-Global-2026-1200x768.jpg 1200w\" sizes=\"(max-width: 1024px) 100vw, 1024px\" \/><\/a><figcaption class=\"wp-element-caption\"><strong>Stand del Grupo Iberconsa en la Seafood Expo Global 2026<\/strong><\/figcaption><\/figure>\n\n\n\n<p>En tanto, consider\u00f3 que <strong>\u201cla cuotificaci\u00f3n adem\u00e1s ser\u00eda un buen mensaje al mercado que a veces especula con cuanto m\u00e1s se pescar\u00e1, pero al saber que hay una cierta cantidad de toneladas para pescar, da una estabilidad<\/strong> comercialmente y desde el punto de vista productivo. El sistema de cuotas es un elemento ordenador, donde se implement\u00f3, funcion\u00f3\u201d, sostuvo.<\/p>\n\n\n\n<p class=\"has-vivid-cyan-blue-color has-text-color has-link-color wp-elements-19c99d1f65925370f6e80fdd63a31364\"><strong>PELIGRO INFLAMABLE<\/strong><\/p>\n\n\n\n<p>Mientras el sector sigue pidiendo bajar la presi\u00f3n fiscal, eliminar las retenciones a las exportaciones, los costos contin\u00faan experimentando subas. La inflaci\u00f3n en d\u00f3lares y la suba del combustible hacen que el escenario sea muy complejo. <strong>\u201cEntre un 50% y 60% de incremento del combustible impacta en el 30% del costo de operaciones de un barco, lo que se traduce en una suba del costo productivo de entre el 10% y 15%; costo que no podemos trasladar al cliente\u201d<\/strong>, mencion\u00f3 Godoy. \u201cLa coyuntura general si nos impacta fuertemente a la industria pesquera y no le hace bien al negocio\u201d, concluy\u00f3.<\/p>\n","protected":false},"excerpt":{"rendered":"<p>El CEO del Grupo Iberconsa de Argentina, Facundo Godoy, analiz\u00f3 el delicado contexto que afronta la actividad pesquera por m\u00faltiples factores, entre los que se destacan una fuerte suba del insumo combustible que impacta fuerte en la ecuaci\u00f3n del negocio, y por otro, la incertidumbre creciente como consecuencia de la dilaci\u00f3n en el arribo a<\/p>\n","protected":false},"author":3,"featured_media":15523,"comment_status":"open","ping_status":"open","sticky":false,"template":"","format":"standard","meta":{"om_disable_all_campaigns":false,"_monsterinsights_skip_tracking":false,"_monsterinsights_sitenote_active":false,"_monsterinsights_sitenote_note":"","_monsterinsights_sitenote_category":0,"footnotes":""},"categories":[9,10],"tags":[2147,91,252],"class_list":{"0":"post-15522","1":"post","2":"type-post","3":"status-publish","4":"format-standard","5":"has-post-thumbnail","7":"category-actualidad","8":"category-featured","9":"tag-facundo-godoy","10":"tag-featured","11":"tag-iberconsa"},"aioseo_notices":[],"amp_enabled":true,"_links":{"self":[{"href":"https:\/\/partedepesca.com.ar\/d\/wp-json\/wp\/v2\/posts\/15522","targetHints":{"allow":["GET"]}}],"collection":[{"href":"https:\/\/partedepesca.com.ar\/d\/wp-json\/wp\/v2\/posts"}],"about":[{"href":"https:\/\/partedepesca.com.ar\/d\/wp-json\/wp\/v2\/types\/post"}],"author":[{"embeddable":true,"href":"https:\/\/partedepesca.com.ar\/d\/wp-json\/wp\/v2\/users\/3"}],"replies":[{"embeddable":true,"href":"https:\/\/partedepesca.com.ar\/d\/wp-json\/wp\/v2\/comments?post=15522"}],"version-history":[{"count":3,"href":"https:\/\/partedepesca.com.ar\/d\/wp-json\/wp\/v2\/posts\/15522\/revisions"}],"predecessor-version":[{"id":15528,"href":"https:\/\/partedepesca.com.ar\/d\/wp-json\/wp\/v2\/posts\/15522\/revisions\/15528"}],"wp:featuredmedia":[{"embeddable":true,"href":"https:\/\/partedepesca.com.ar\/d\/wp-json\/wp\/v2\/media\/15523"}],"wp:attachment":[{"href":"https:\/\/partedepesca.com.ar\/d\/wp-json\/wp\/v2\/media?parent=15522"}],"wp:term":[{"taxonomy":"category","embeddable":true,"href":"https:\/\/partedepesca.com.ar\/d\/wp-json\/wp\/v2\/categories?post=15522"},{"taxonomy":"post_tag","embeddable":true,"href":"https:\/\/partedepesca.com.ar\/d\/wp-json\/wp\/v2\/tags?post=15522"}],"curies":[{"name":"wp","href":"https:\/\/api.w.org\/{rel}","templated":true}]}}