{"id":15517,"date":"2026-04-29T11:01:31","date_gmt":"2026-04-29T11:01:31","guid":{"rendered":"https:\/\/partedepesca.com.ar\/d\/?p=15517"},"modified":"2026-04-29T11:01:33","modified_gmt":"2026-04-29T11:01:33","slug":"ante-la-falta-de-incentivos-para-sus-puertos-santa-cruz-revisara-la-veda-del-golfo-san-jorge","status":"publish","type":"post","link":"https:\/\/partedepesca.com.ar\/d\/ante-la-falta-de-incentivos-para-sus-puertos-santa-cruz-revisara-la-veda-del-golfo-san-jorge\/","title":{"rendered":"Ante la falta de incentivos para sus puertos, Santa Cruz &#8220;revisar\u00e1&#8221; la veda del golfo San Jorge"},"content":{"rendered":"\n<p>Una nueva delegaci\u00f3n de la provincia de Santa Cruz volver\u00e1 a plantearle, en la pr\u00f3ximas semanas al Consejo Federal Pesquero, que desde el Gobierno nacional se instrumenten medidas de incentivo para que las flotas pesqueras opten por puertos santacruce\u00f1os para realizar sus descargas. <\/p>\n\n\n\n<p>El gobierno de Claudio Vidal plantear\u00e1 una suerte de &#8216;ultim\u00e1tum&#8217; para que se instrumente alg\u00fan tipo de paquete de medidas que permita aumentar las descargas pesquera en sus puertos, pero si ello no ocurre, adelantaron que &#8220;la provincia tambi\u00e9n avanzar\u00e1 en el an\u00e1lisis de distintas herramientas vinculadas a sus competencias, entre ellas la situaci\u00f3n de la veda en el Golfo San Jorge&#8221;; es decir, se revisar\u00e1 el estatus de mantener cerrada la pesquer\u00eda de langostino en aguas provinciales.<\/p>\n\n\n\n<p>En los \u00faltimos a\u00f1os por diferentes factores se registra una fuerte ca\u00edda de los desembarques mar\u00edtimos pesqueros en la provincia patag\u00f3nica: empresas que han migrado hacia otras jurisdicciones cambiando los puertos de asiento de sus barcos, el recurso al estar alejado y por una cuesti\u00f3n de costos se opta por el puerto m\u00e1s cercano, entre otros factores han incidido en esta cuesti\u00f3n.<br>&#8220;La provincia de Santa Cruz participar\u00e1 de una nueva reuni\u00f3n del Consejo Federal Pesquero con una agenda centrada en la situaci\u00f3n de la actividad langostinera y el impacto que el esquema actual genera sobre los puertos santacruce\u00f1os&#8221;, se\u00f1alaron desde el gobierno anunciando el encuentro.<\/p>\n\n\n\n<p>El mes anterior, el intendente de Puerto Deseado hab\u00eda ido al CFP con la misma idea, pero con propuestas que resultaban inconducentes y de aplicaci\u00f3n imposible, como obligar a las empresas a que lleven sus barcos si pescaban en determinadas \u00e1reas de aguas nacionales, o que se deje abierto todo el tiempo determinadas sub\u00e1reas para la pesca de langostino; esas alternativas fueron completamente descartadas.<\/p>\n\n\n\n<p class=\"has-vivid-cyan-blue-color has-text-color has-link-color wp-elements-5a0c7f2006bf216704c70d29bbda4d80\"><strong>VIDAL CON GREMIOS PORTUARIOS<\/strong><\/p>\n\n\n\n<p>En ese marco, y como parte de una convocatoria impulsada por el gobernador Claudio Vidal, mantuvo una reuni\u00f3n con Ariel Rivera, observador de Caleta Olivia; Sebasti\u00e1n Gonz\u00e1lez y Alejandro Blatt, representantes gremiales del SUEPP y Carlos Blatt, trabajador jubilado del SUEPP (Sindicato Unido de Estibadores Portuarios Patag\u00f3nico) de Puerto Deseado, con quienes analiz\u00f3 la actualidad del sector y la necesidad de avanzar en medidas que permitan recuperar actividad y empleo en los puertos de la provincia.<br>Desde el Gobierno Provincial se\u00f1alaron la necesidad de revisar condiciones que hoy afectan de manera directa la operatoria local, pese a que el recurso contin\u00faa sosteni\u00e9ndose en t\u00e9rminos biol\u00f3gicos.<br>&#8220;De acuerdo a un relevamiento t\u00e9cnico elaborado sobre datos oficiales del sistema portuario provincial, Puerto Deseado pas\u00f3 de registrar m\u00e1s de 52 mil toneladas descargadas en 2017 a 5.882 toneladas en 2025. En tanto, Caleta Paula muestra una ca\u00edda sostenida desde 2016, con una operatoria pr\u00e1cticamente nula de buques congeladores&#8221;, describen sobre la baja en la actividad. &#8220;Se remarc\u00f3 que la problem\u00e1tica no responde a la disponibilidad del recurso, sino al funcionamiento de un esquema que concentra descargas en otros puertos y limita el derrame econ\u00f3mico en Santa Cruz&#8221;, precisan desde el gobierno santacruce\u00f1o.<\/p>\n\n\n\n<p class=\"has-vivid-cyan-blue-color has-text-color has-link-color wp-elements-220971b95ae960200c97bd228fda445a\"><strong>ENCUENTRO PREVIO EN R\u00cdO GALLEGOS<\/strong><\/p>\n\n\n\n<p>Con el objetivo de consolidar una postura com\u00fan, el Gobierno de Santa Cruz viene convocando a representantes de los distintos sectores vinculados a la actividad. La pr\u00f3xima semana se desarrollar\u00e1 en R\u00edo Gallegos un encuentro con participaci\u00f3n de sindicatos, empresarios y organismos del Estado.<\/p>\n\n\n\n<p>&#8220;La intenci\u00f3n es arribar al Consejo Federal Pesquero con planteos concretos que permitan defender los intereses productivos de la provincia y recuperar niveles de actividad en los puertos santacruce\u00f1os. Entre los principales puntos a presentar, se encuentra el pedido para restablecer incentivos a las exportaciones desde puertos patag\u00f3nicos y corregir asimetr\u00edas log\u00edsticas que hoy afectan la competitividad regional&#8221;, manifestaron.<\/p>\n\n\n\n<p class=\"has-vivid-cyan-blue-color has-text-color has-link-color wp-elements-d38bb45b9da64c8cfbae4f4f8b15d04e\"><strong>\u00bfFIN DE LA VEDA CONJUNTA DEL GOLFO?<\/strong><\/p>\n\n\n\n<p>De manera paralela, &#8220;la provincia tambi\u00e9n avanzar\u00e1 en el an\u00e1lisis de distintas herramientas vinculadas a sus competencias, entre ellas la situaci\u00f3n de la veda en el Golfo San Jorge, con el objetivo de generar condiciones que permitan recuperar movimiento econ\u00f3mico y empleo&#8221;, se inform\u00f3 oficialmente desde el Gobierno de Santa Cruz.<br>La ministra de la Producci\u00f3n, Comercio e Industria, Nadia Ricci, sostuvo que \u201cno es razonable que, teniendo el recurso frente a nuestras costas, el impacto econ\u00f3mico termine en otras provincias\u201d.<\/p>\n","protected":false},"excerpt":{"rendered":"<p>Una nueva delegaci\u00f3n de la provincia de Santa Cruz volver\u00e1 a plantearle, en la pr\u00f3ximas semanas al Consejo Federal Pesquero, que desde el Gobierno nacional se instrumenten medidas de incentivo para que las flotas pesqueras opten por puertos santacruce\u00f1os para realizar sus descargas. El gobierno de Claudio Vidal plantear\u00e1 una suerte de &#8216;ultim\u00e1tum&#8217; para que<\/p>\n","protected":false},"author":4,"featured_media":15518,"comment_status":"open","ping_status":"open","sticky":false,"template":"","format":"standard","meta":{"om_disable_all_campaigns":false,"_monsterinsights_skip_tracking":false,"_monsterinsights_sitenote_active":false,"_monsterinsights_sitenote_note":"","_monsterinsights_sitenote_category":0,"footnotes":""},"categories":[9,10],"tags":[2263,91,504,518,2791],"class_list":{"0":"post-15517","1":"post","2":"type-post","3":"status-publish","4":"format-standard","5":"has-post-thumbnail","7":"category-actualidad","8":"category-featured","9":"tag-desembarques","10":"tag-featured","11":"tag-golfo-san-jorge","12":"tag-puerto-deseado","13":"tag-veda-langostino"},"aioseo_notices":[],"amp_enabled":true,"_links":{"self":[{"href":"https:\/\/partedepesca.com.ar\/d\/wp-json\/wp\/v2\/posts\/15517","targetHints":{"allow":["GET"]}}],"collection":[{"href":"https:\/\/partedepesca.com.ar\/d\/wp-json\/wp\/v2\/posts"}],"about":[{"href":"https:\/\/partedepesca.com.ar\/d\/wp-json\/wp\/v2\/types\/post"}],"author":[{"embeddable":true,"href":"https:\/\/partedepesca.com.ar\/d\/wp-json\/wp\/v2\/users\/4"}],"replies":[{"embeddable":true,"href":"https:\/\/partedepesca.com.ar\/d\/wp-json\/wp\/v2\/comments?post=15517"}],"version-history":[{"count":2,"href":"https:\/\/partedepesca.com.ar\/d\/wp-json\/wp\/v2\/posts\/15517\/revisions"}],"predecessor-version":[{"id":15520,"href":"https:\/\/partedepesca.com.ar\/d\/wp-json\/wp\/v2\/posts\/15517\/revisions\/15520"}],"wp:featuredmedia":[{"embeddable":true,"href":"https:\/\/partedepesca.com.ar\/d\/wp-json\/wp\/v2\/media\/15518"}],"wp:attachment":[{"href":"https:\/\/partedepesca.com.ar\/d\/wp-json\/wp\/v2\/media?parent=15517"}],"wp:term":[{"taxonomy":"category","embeddable":true,"href":"https:\/\/partedepesca.com.ar\/d\/wp-json\/wp\/v2\/categories?post=15517"},{"taxonomy":"post_tag","embeddable":true,"href":"https:\/\/partedepesca.com.ar\/d\/wp-json\/wp\/v2\/tags?post=15517"}],"curies":[{"name":"wp","href":"https:\/\/api.w.org\/{rel}","templated":true}]}}