{"id":15511,"date":"2026-04-28T03:15:59","date_gmt":"2026-04-28T03:15:59","guid":{"rendered":"https:\/\/partedepesca.com.ar\/d\/?p=15511"},"modified":"2026-04-28T03:16:00","modified_gmt":"2026-04-28T03:16:00","slug":"el-trabajador-quiere-salir-dijo-sastre-y-denuncia-intereses-ocultos-que-frenan-el-acuerdo","status":"publish","type":"post","link":"https:\/\/partedepesca.com.ar\/d\/el-trabajador-quiere-salir-dijo-sastre-y-denuncia-intereses-ocultos-que-frenan-el-acuerdo\/","title":{"rendered":"\u201cEl trabajador quiere salir&#8221;, dijo Sastre y denuncia intereses ocultos que frenan el acuerdo"},"content":{"rendered":"\n<p>El intendente de Puerto Madryn, <strong>Gustavo Sastre<\/strong>, transmiti\u00f3 su preocupaci\u00f3n por la <strong>falta de acuerdo entre el sector congelador langostinero y el SOMU<\/strong>, lo cual genera una <strong>creciente incertidumbre<\/strong> en la comunidad teniendo en cuenta<strong> la experiencia de 2025, que result\u00f3 traum\u00e1tica para la ciudad por los efectos econ\u00f3micos y sociales que trajo aparejado el conflicto.<\/strong><br>El jefe comunal fue contundente al se\u00f1alar que la situaci\u00f3n actual repite errores del pasado y advirti\u00f3 sobre el impacto que esto podr\u00eda tener en la ciudad.<br><strong>\u201cClaro que preocupa<\/strong>. Esto lo ven\u00edamos hablando hace much\u00edsimo tiempo\u201d, afirm\u00f3 Sastre, al recordar que ya hab\u00eda advertido a las partes sobre la necesidad de anticiparse a las negociaciones y evitar llegar a una instancia l\u00edmite. <strong>Como se recordar\u00e1 el SOMU plante\u00f3 en la \u00faltima audiencia del jueves que no conoc\u00eda ninguna propuesta del sector empresario lo que dej\u00f3 a las negociaciones en un punto de partida.<\/strong><br>\u201cNo dejemos llegar otra vez a la fecha l\u00edmite para acordar. <strong>Volvimos a estar en puertas de una situaci\u00f3n como la del a\u00f1o pasado\u201d<\/strong>, demand\u00f3 el jefe comunal al tiempo de hacer un llamado a priorizar el inter\u00e9s general por sobre las disputas particulares.<\/p>\n\n\n\n<p class=\"has-vivid-cyan-blue-color has-text-color has-link-color wp-elements-5e28f540299c63a4985f01009d35c944\"><strong>&#8220;EL TRABAJADOR QUIERE SALIR&#8221;<\/strong><\/p>\n\n\n\n<p>\u201cLos beneficios sectoriales hay que dejarlos de lado y tener en cuenta lo que quiere la gente y el trabajador\u201d, sostuvo al tiempo de cuestionar que <strong>&#8220;hay cuestiones de pocos vivos que quieren sacar r\u00e9dito propio y eso no corresponde\u201d,<\/strong> reprocho Sastre al instar a que se llegue a un arreglo cuanto antes.<br>El Intendente de Puerto Madryn dijo que existe la necesidad de garantizar la continuidad laboral en un sector clave para la econom\u00eda local. <strong>\u201cEl trabajador quiere salir a pescar, estar arriba del barco. Y las empresas tambi\u00e9n quieren lo mismo\u201d<\/strong>, manifest\u00f3 en relaci\u00f3n a la voluntad de los marineros en iniciar la temporada de pesca.<\/p>\n\n\n\n<figure class=\"wp-block-image size-large\"><a href=\"https:\/\/partedepesca.com.ar\/d\/wp-content\/uploads\/2026\/04\/GS1.jpeg\"><img fetchpriority=\"high\" decoding=\"async\" width=\"1024\" height=\"683\" src=\"https:\/\/partedepesca.com.ar\/d\/wp-content\/uploads\/2026\/04\/GS1-1024x683.jpeg\" alt=\"\" class=\"wp-image-15512\" srcset=\"https:\/\/partedepesca.com.ar\/d\/wp-content\/uploads\/2026\/04\/GS1-1024x683.jpeg 1024w, https:\/\/partedepesca.com.ar\/d\/wp-content\/uploads\/2026\/04\/GS1-300x200.jpeg 300w, https:\/\/partedepesca.com.ar\/d\/wp-content\/uploads\/2026\/04\/GS1-768x512.jpeg 768w, https:\/\/partedepesca.com.ar\/d\/wp-content\/uploads\/2026\/04\/GS1-150x100.jpeg 150w, https:\/\/partedepesca.com.ar\/d\/wp-content\/uploads\/2026\/04\/GS1-450x300.jpeg 450w, https:\/\/partedepesca.com.ar\/d\/wp-content\/uploads\/2026\/04\/GS1-1200x800.jpeg 1200w, https:\/\/partedepesca.com.ar\/d\/wp-content\/uploads\/2026\/04\/GS1.jpeg 1392w\" sizes=\"(max-width: 1024px) 100vw, 1024px\" \/><\/a><\/figure>\n\n\n\n<p class=\"has-vivid-cyan-blue-color has-text-color has-link-color wp-elements-a0aac7e7bc0020d64316a42d90719251\"><strong>YA HAY BARCOS PESCANDO<\/strong><\/p>\n\n\n\n<p>\u201cNo puede ser que en un sector se hayan puesto de acuerdo r\u00e1pidamente y en otro no, cuando incluso ya hay trabajadores que decidieron salir a pescar por su cuenta\u201d, se\u00f1al\u00f3 en relaci\u00f3n a los acuerdos celebrados entre empresas y marineros que permitieron la salida de barcos a pescar langostino al norte del paralelo 41\u00baS.<br>Adem\u00e1s, evidenci\u00f3 dificultades en la representaci\u00f3n gremial: \u201cA nivel local se puede dialogar, pero ni siquiera pueden llegar a sus referentes nacionales. Algo no est\u00e1 funcionando\u201d, cuestion\u00f3 en relaci\u00f3n al accionar de la conducci\u00f3n de Ra\u00fal Durdos.<\/p>\n","protected":false},"excerpt":{"rendered":"<p>El intendente de Puerto Madryn, Gustavo Sastre, transmiti\u00f3 su preocupaci\u00f3n por la falta de acuerdo entre el sector congelador langostinero y el SOMU, lo cual genera una creciente incertidumbre en la comunidad teniendo en cuenta la experiencia de 2025, que result\u00f3 traum\u00e1tica para la ciudad por los efectos econ\u00f3micos y sociales que trajo aparejado el<\/p>\n","protected":false},"author":4,"featured_media":15170,"comment_status":"open","ping_status":"open","sticky":false,"template":"","format":"standard","meta":{"om_disable_all_campaigns":false,"_monsterinsights_skip_tracking":false,"_monsterinsights_sitenote_active":false,"_monsterinsights_sitenote_note":"","_monsterinsights_sitenote_category":0,"footnotes":""},"categories":[9,10],"tags":[91,231,152,212,4,179],"class_list":{"0":"post-15511","1":"post","2":"type-post","3":"status-publish","4":"format-standard","5":"has-post-thumbnail","7":"category-actualidad","8":"category-featured","9":"tag-featured","10":"tag-gustavo-sastre","11":"tag-langostino","12":"tag-marineros","13":"tag-pesca","14":"tag-somu"},"aioseo_notices":[],"amp_enabled":true,"_links":{"self":[{"href":"https:\/\/partedepesca.com.ar\/d\/wp-json\/wp\/v2\/posts\/15511","targetHints":{"allow":["GET"]}}],"collection":[{"href":"https:\/\/partedepesca.com.ar\/d\/wp-json\/wp\/v2\/posts"}],"about":[{"href":"https:\/\/partedepesca.com.ar\/d\/wp-json\/wp\/v2\/types\/post"}],"author":[{"embeddable":true,"href":"https:\/\/partedepesca.com.ar\/d\/wp-json\/wp\/v2\/users\/4"}],"replies":[{"embeddable":true,"href":"https:\/\/partedepesca.com.ar\/d\/wp-json\/wp\/v2\/comments?post=15511"}],"version-history":[{"count":2,"href":"https:\/\/partedepesca.com.ar\/d\/wp-json\/wp\/v2\/posts\/15511\/revisions"}],"predecessor-version":[{"id":15514,"href":"https:\/\/partedepesca.com.ar\/d\/wp-json\/wp\/v2\/posts\/15511\/revisions\/15514"}],"wp:featuredmedia":[{"embeddable":true,"href":"https:\/\/partedepesca.com.ar\/d\/wp-json\/wp\/v2\/media\/15170"}],"wp:attachment":[{"href":"https:\/\/partedepesca.com.ar\/d\/wp-json\/wp\/v2\/media?parent=15511"}],"wp:term":[{"taxonomy":"category","embeddable":true,"href":"https:\/\/partedepesca.com.ar\/d\/wp-json\/wp\/v2\/categories?post=15511"},{"taxonomy":"post_tag","embeddable":true,"href":"https:\/\/partedepesca.com.ar\/d\/wp-json\/wp\/v2\/tags?post=15511"}],"curies":[{"name":"wp","href":"https:\/\/api.w.org\/{rel}","templated":true}]}}