{"id":15502,"date":"2026-04-27T09:44:45","date_gmt":"2026-04-27T09:44:45","guid":{"rendered":"https:\/\/partedepesca.com.ar\/d\/?p=15502"},"modified":"2026-04-27T09:44:46","modified_gmt":"2026-04-27T09:44:46","slug":"capitanes-pide-revisar-cambios-a-la-reasignacion-de-cuotas-de-merluza-hubbsi","status":"publish","type":"post","link":"https:\/\/partedepesca.com.ar\/d\/capitanes-pide-revisar-cambios-a-la-reasignacion-de-cuotas-de-merluza-hubbsi\/","title":{"rendered":"Capitanes pide revisar cambios a la reasignaci\u00f3n de cuotas de merluza\u00a0hubbsi\u00a0"},"content":{"rendered":"\n<p>La Asociaci\u00f3n Argentina de Capitanes, Pilotos y Patrones de Pesca&nbsp;realiz\u00f3 una presentaci\u00f3n ante el&nbsp;Consejo Federal Pesquero (CFP) en&nbsp;referencia al proyecto ingresado que propone un&nbsp;\u201cProcedimiento de Optimizaci\u00f3n Productiva de Merluza&nbsp;Hubbsi\u201d. La entidad gremial&nbsp;se\u00f1ala que su implementaci\u00f3n podr\u00eda acarrear&nbsp;posibles efectos negativos en el empleo.&nbsp;Jorge Alfredo Fr\u00edas&nbsp;indica en la nota al CFP&nbsp;que la&nbsp;propuesta tendr\u00eda&nbsp;deficiencias t\u00e9cnicas&nbsp;que podr\u00edan perjudicar tanto a trabajadores como&nbsp;a la actividad pesquera&nbsp;&nbsp;<\/p>\n\n\n\n<p>Se cuestiona el&nbsp;criterio de asignaci\u00f3n de la Cuota Individual Transferible de Captura (CITC)&nbsp;que, con este&nbsp;procedimiento, el 50% se define en base a capturas hist\u00f3ricas entre 2010 y 2023. Desde la asociaci\u00f3n&nbsp;interpretan&nbsp;que este m\u00e9todo consolida situaciones del pasado sin analizar si la explotaci\u00f3n del recurso fue sustentable en cada per\u00edodo.&nbsp;&nbsp;<\/p>\n\n\n\n<p>Mencionan que el esquema penaliza el no uso de cuota sin distinguir entre causas, lo que coloca en la misma situaci\u00f3n a quienes redujeron capturas por precauci\u00f3n o condiciones de mercado y a quienes incumplieron de forma deliberada.&nbsp;&nbsp;<\/p>\n\n\n\n<p>En relaci\u00f3n al&nbsp;factor de empleo (30%), advierten que se toma como referencia \u00fanicamente el a\u00f1o 2023, marcado por conflictos gremiales en varios puertos, lo que \u2014afirman\u2014 lo vuelve un indicador poco representativo para proyectar a largo plazo. A su vez, cuestionan que el componente de inversiones (5%) se base en declaraciones juradas sin controles cruzados.&nbsp;&nbsp;<\/p>\n\n\n\n<p class=\"has-vivid-cyan-blue-color has-text-color has-link-color wp-elements-70d717da901b91533ba1bc4dcf40bc5a\"><strong>DIFERENCIAS ENTRE FLOTAS\u00a0<\/strong><\/p>\n\n\n\n<p>En tanto se menciona que otro punto clave es la falta de distinci\u00f3n entre buques fresqueros y congeladores. La asociaci\u00f3n sostiene que esta omisi\u00f3n contradice la Ley Federal de Pesca (N.\u00ba 24.922), que promueve el empleo nacional y el agregado de valor en tierra.&nbsp;&nbsp;<\/p>\n\n\n\n<p>Seg\u00fan explican, la flota fresquera descarga en puertos argentinos y activa toda la cadena productiva \u2014procesamiento, log\u00edstica y transporte\u2014, mientras que la flota congeladora realiza gran parte de esas tareas a bordo, con menor impacto en tierra.&nbsp;&nbsp;<\/p>\n\n\n\n<p>&nbsp;El gremio advierte que la aplicaci\u00f3n del procedimiento podr\u00eda favorecer a empresas con mayor presencia de buques congeladores, afectando directamente a las comunidades portuarias.&nbsp;&nbsp;<\/p>\n\n\n\n<p>En ese sentido, se\u00f1alan que provincias como Buenos Aires, R\u00edo Negro, Chubut y Santa Cruz podr\u00edan verse perjudicadas, con especial \u00e9nfasis en Mar del Plata, donde la actividad pesquera tiene una fuerte base en el procesamiento en tierra.&nbsp;&nbsp;<\/p>\n\n\n\n<p class=\"has-vivid-cyan-blue-color has-text-color has-link-color wp-elements-e3069cc2e7b5ef6cf07595e8332ca80b\"><strong>INSTANCIAS DE PARTICIPACI\u00d3N\u00a0<\/strong><\/p>\n\n\n\n<p>La entidad tambi\u00e9n remarc\u00f3 que el procedimiento no incluy\u00f3 instancias de participaci\u00f3n de trabajadores ni de sus representantes sindicales. Consideran que esto entra en tensi\u00f3n con compromisos internacionales asumidos por Argentina, como el Convenio 188 de la OIT y lineamientos de la FAO sobre sostenibilidad en la pesca.&nbsp;&nbsp;&nbsp;<\/p>\n\n\n\n<p>Si bien la asociaci\u00f3n reconoce que el sistema de&nbsp;cuotificaci\u00f3n&nbsp;ha sido eficaz para la recuperaci\u00f3n de la merluza&nbsp;hubbsi, advierte que el nuevo esquema introduce rigideces.&nbsp;&nbsp;<\/p>\n\n\n\n<p>En particular, cuestiona que la distribuci\u00f3n de cuotas quede congelada por quince a\u00f1os sin mecanismos de revisi\u00f3n vinculados a la evoluci\u00f3n del recurso. Seg\u00fan sostienen, esto limitar\u00eda la capacidad de adaptaci\u00f3n ante cambios biol\u00f3gicos o en la distribuci\u00f3n de la especie.&nbsp;&nbsp;<\/p>\n\n\n\n<p class=\"has-vivid-cyan-blue-color has-text-color has-link-color wp-elements-e83b1fbba470fb90ecd977aaf05064ad\"><strong>REVISI\u00d3N\u00a0<\/strong><\/p>\n\n\n\n<p>En la presentaci\u00f3n&nbsp;firmada por Fr\u00edas, la Asociaci\u00f3n de Capitanes solicit\u00f3&nbsp;suspender la implementaci\u00f3n del procedimiento hasta abrir una instancia de di\u00e1logo con todos los sectores.&nbsp;&nbsp;Pide incorporar la diferenciaci\u00f3n entre flota fresquera y congeladora en los criterios de asignaci\u00f3n, ampliar el per\u00edodo de an\u00e1lisis del empleo a un promedio de al menos cinco a\u00f1os.&nbsp;Tambi\u00e9n propone establecer controles independientes sobre las inversiones declaradas.&nbsp;&nbsp;Convocar a una audiencia para exponer los fundamentos t\u00e9cnicos y legales de sus objeciones.&nbsp;&nbsp;Finalmente, el gremio concluye que espera que el CFP eval\u00fae los planteos y adopte medidas que permitan revisar el procedimiento antes de su aplicaci\u00f3n definitiva.&nbsp;&nbsp;<\/p>\n","protected":false},"excerpt":{"rendered":"<p>La Asociaci\u00f3n Argentina de Capitanes, Pilotos y Patrones de Pesca&nbsp;realiz\u00f3 una presentaci\u00f3n ante el&nbsp;Consejo Federal Pesquero (CFP) en&nbsp;referencia al proyecto ingresado que propone un&nbsp;\u201cProcedimiento de Optimizaci\u00f3n Productiva de Merluza&nbsp;Hubbsi\u201d. La entidad gremial&nbsp;se\u00f1ala que su implementaci\u00f3n podr\u00eda acarrear&nbsp;posibles efectos negativos en el empleo.&nbsp;Jorge Alfredo Fr\u00edas&nbsp;indica en la nota al CFP&nbsp;que la&nbsp;propuesta tendr\u00eda&nbsp;deficiencias t\u00e9cnicas&nbsp;que podr\u00edan perjudicar tanto<\/p>\n","protected":false},"author":4,"featured_media":15253,"comment_status":"open","ping_status":"open","sticky":false,"template":"","format":"standard","meta":{"om_disable_all_campaigns":false,"_monsterinsights_skip_tracking":false,"_monsterinsights_sitenote_active":false,"_monsterinsights_sitenote_note":"","_monsterinsights_sitenote_category":0,"footnotes":""},"categories":[9,10],"tags":[213,223,91,116],"class_list":{"0":"post-15502","1":"post","2":"type-post","3":"status-publish","4":"format-standard","5":"has-post-thumbnail","7":"category-actualidad","8":"category-featured","9":"tag-capitanes","10":"tag-consejo-federal-pesquero","11":"tag-featured","12":"tag-merluza"},"aioseo_notices":[],"amp_enabled":true,"_links":{"self":[{"href":"https:\/\/partedepesca.com.ar\/d\/wp-json\/wp\/v2\/posts\/15502","targetHints":{"allow":["GET"]}}],"collection":[{"href":"https:\/\/partedepesca.com.ar\/d\/wp-json\/wp\/v2\/posts"}],"about":[{"href":"https:\/\/partedepesca.com.ar\/d\/wp-json\/wp\/v2\/types\/post"}],"author":[{"embeddable":true,"href":"https:\/\/partedepesca.com.ar\/d\/wp-json\/wp\/v2\/users\/4"}],"replies":[{"embeddable":true,"href":"https:\/\/partedepesca.com.ar\/d\/wp-json\/wp\/v2\/comments?post=15502"}],"version-history":[{"count":2,"href":"https:\/\/partedepesca.com.ar\/d\/wp-json\/wp\/v2\/posts\/15502\/revisions"}],"predecessor-version":[{"id":15504,"href":"https:\/\/partedepesca.com.ar\/d\/wp-json\/wp\/v2\/posts\/15502\/revisions\/15504"}],"wp:featuredmedia":[{"embeddable":true,"href":"https:\/\/partedepesca.com.ar\/d\/wp-json\/wp\/v2\/media\/15253"}],"wp:attachment":[{"href":"https:\/\/partedepesca.com.ar\/d\/wp-json\/wp\/v2\/media?parent=15502"}],"wp:term":[{"taxonomy":"category","embeddable":true,"href":"https:\/\/partedepesca.com.ar\/d\/wp-json\/wp\/v2\/categories?post=15502"},{"taxonomy":"post_tag","embeddable":true,"href":"https:\/\/partedepesca.com.ar\/d\/wp-json\/wp\/v2\/tags?post=15502"}],"curies":[{"name":"wp","href":"https:\/\/api.w.org\/{rel}","templated":true}]}}