{"id":15081,"date":"2026-03-15T02:57:08","date_gmt":"2026-03-15T02:57:08","guid":{"rendered":"https:\/\/partedepesca.com.ar\/d\/?p=15081"},"modified":"2026-03-17T06:22:10","modified_gmt":"2026-03-17T06:22:10","slug":"chubut-dio-por-finalizada-la-temporada-de-pesca-de-langostino","status":"publish","type":"post","link":"https:\/\/partedepesca.com.ar\/d\/chubut-dio-por-finalizada-la-temporada-de-pesca-de-langostino\/","title":{"rendered":"Chubut dio por finalizada la temporada de pesca de langostino"},"content":{"rendered":"\n<p>Tal como anticip\u00f3 <strong>PARTE DE PESCA<\/strong>, a partir de las <strong>00:00 horas de este domingo 15 de marzo de 2026 se da por cerrada la zafra de langostino<\/strong> en aguas provinciales.<\/p>\n\n\n\n<p>El secretario de Pesca de Chubut, <strong>Diego Brandan<\/strong>, firm\u00f3 la <strong>Resoluci\u00f3n N\u00b0 0080\/26<\/strong> por medio de la cual se dispuso el cierre de la pesquer\u00eda de langostino en aguas de Chubut. &#8220;D\u00e9se por finalizada la temporada de pesca 2025-2026 de la especie objetivo langostino patag\u00f3nico, Pleoticus muelleri, en la Zona de Esfuerzo Pesquero Restringido (ZEPR) creada por Disposici\u00f3n N\u00b0 200\/00 y comprendida por los siguientes puntos geogr\u00e1ficos: intersecci\u00f3n del paralelo 43\u00b000&#8217;LS y la costa; intersecci\u00f3n del paralelo 43\u00b000&#8217;LS y la l\u00ednea de la jurisdicci\u00f3n provincial; intersecci\u00f3n del paralelo 44\u00b056&#8217;LS y la l\u00ednea de la jurisdicci\u00f3n provincial y la intersecci\u00f3n del paralelo 44\u00b056&#8217;LS y la costa, <strong>a partir de las 00:00 horas del d\u00eda 15 de marzo del corriente a\u00f1o&#8221;<\/strong>, especifica la medida de administraci\u00f3n.<\/p>\n\n\n\n<p>En el art\u00edculo 2\u00b0 se indica: &#8220;Proh\u00edbase el despacho de embarcaciones a la pesca en la mencionada ZEPR a partir de la misma fecha&#8221;.<\/p>\n\n\n\n<p>En los considerandos de la resoluci\u00f3n se menciona que <strong>&#8220;a la fecha se han cumplimentado los objetivos de manejo definidos, garantizando tanto el sostenimiento de la actividad socioecon\u00f3mica como la sostenibilidad de la pesquer\u00eda<\/strong>&#8220;. <\/p>\n\n\n\n<p>&#8220;Que en virtud de lo expuesto, acorde a los registros de capturas obtenidos y los antecedentes hist\u00f3ricos de las zafras pesqueras en Puerto Rawson, <strong>resulta procedente dar por finalizada la presente temporada de pesca&#8221;,<\/strong> a\u00f1ade. <\/p>\n\n\n\n<p>Los rendimientos y tallas de langostino hab\u00edan decrecido en las \u00faltimas semanas y tras la fallida prospecci\u00f3n al sur del paralelo 44\u00b0 se defini\u00f3 cerrar la temporada en la misma fecha que el a\u00f1o pasado.<\/p>\n","protected":false},"excerpt":{"rendered":"<p>Tal como anticip\u00f3 PARTE DE PESCA, a partir de las 00:00 horas de este domingo 15 de marzo de 2026 se da por cerrada la zafra de langostino en aguas provinciales. El secretario de Pesca de Chubut, Diego Brandan, firm\u00f3 la Resoluci\u00f3n N\u00b0 0080\/26 por medio de la cual se dispuso el cierre de la<\/p>\n","protected":false},"author":3,"featured_media":14871,"comment_status":"open","ping_status":"open","sticky":false,"template":"","format":"standard","meta":{"om_disable_all_campaigns":false,"_monsterinsights_skip_tracking":false,"_monsterinsights_sitenote_active":false,"_monsterinsights_sitenote_note":"","_monsterinsights_sitenote_category":0,"footnotes":""},"categories":[9],"tags":[1783,154,2728,91,152],"class_list":{"0":"post-15081","1":"post","2":"type-post","3":"status-publish","4":"format-standard","5":"has-post-thumbnail","7":"category-actualidad","8":"tag-aguas-provinciales","9":"tag-chubut","10":"tag-cierre-temporada","11":"tag-featured","12":"tag-langostino"},"aioseo_notices":[],"amp_enabled":true,"_links":{"self":[{"href":"https:\/\/partedepesca.com.ar\/d\/wp-json\/wp\/v2\/posts\/15081","targetHints":{"allow":["GET"]}}],"collection":[{"href":"https:\/\/partedepesca.com.ar\/d\/wp-json\/wp\/v2\/posts"}],"about":[{"href":"https:\/\/partedepesca.com.ar\/d\/wp-json\/wp\/v2\/types\/post"}],"author":[{"embeddable":true,"href":"https:\/\/partedepesca.com.ar\/d\/wp-json\/wp\/v2\/users\/3"}],"replies":[{"embeddable":true,"href":"https:\/\/partedepesca.com.ar\/d\/wp-json\/wp\/v2\/comments?post=15081"}],"version-history":[{"count":1,"href":"https:\/\/partedepesca.com.ar\/d\/wp-json\/wp\/v2\/posts\/15081\/revisions"}],"predecessor-version":[{"id":15082,"href":"https:\/\/partedepesca.com.ar\/d\/wp-json\/wp\/v2\/posts\/15081\/revisions\/15082"}],"wp:featuredmedia":[{"embeddable":true,"href":"https:\/\/partedepesca.com.ar\/d\/wp-json\/wp\/v2\/media\/14871"}],"wp:attachment":[{"href":"https:\/\/partedepesca.com.ar\/d\/wp-json\/wp\/v2\/media?parent=15081"}],"wp:term":[{"taxonomy":"category","embeddable":true,"href":"https:\/\/partedepesca.com.ar\/d\/wp-json\/wp\/v2\/categories?post=15081"},{"taxonomy":"post_tag","embeddable":true,"href":"https:\/\/partedepesca.com.ar\/d\/wp-json\/wp\/v2\/tags?post=15081"}],"curies":[{"name":"wp","href":"https:\/\/api.w.org\/{rel}","templated":true}]}}