{"id":15074,"date":"2026-03-13T19:44:32","date_gmt":"2026-03-13T19:44:32","guid":{"rendered":"https:\/\/partedepesca.com.ar\/d\/?p=15074"},"modified":"2026-03-16T11:40:35","modified_gmt":"2026-03-16T11:40:35","slug":"demora-de-zarpada-y-asamblea-en-la-flota-fresquera-de-altura","status":"publish","type":"post","link":"https:\/\/partedepesca.com.ar\/d\/demora-de-zarpada-y-asamblea-en-la-flota-fresquera-de-altura\/","title":{"rendered":"Demora de zarpada y asamblea en la flota fresquera de altura"},"content":{"rendered":"\n<p>Desde ma\u00f1ana s\u00e1bado el 14 y hasta el lunes 16 de marzo, la Asociaci\u00f3n Argentina de Capitanes, Pilotos y Patrones de Pesca (AACPyPP) procederpa a demorar la zarpada de la flota fresquera de altura, con motivo de la realizaci\u00f3n de una asamblea sectorial.<\/p>\n\n\n\n<p>La medida regir\u00e1 desde las 00:00 horas del s\u00e1bado 14 de marzo hasta las 12:00 horas del 16 de marzo y fue dispuesta por la Comisi\u00f3n Directiva de la entidad que conduce Jorge Frias con el objetivo de convocar a los capitanes del sector \u201cfresquero de altura\u201d a una reuni\u00f3n para analizar la situaci\u00f3n actual de la actividad.<\/p>\n\n\n\n<p>Seg\u00fan se indic\u00f3, durante la asamblea se abordar\u00e1n temas vinculados al Convenio Colectivo de Trabajo 638\/11 y distintas cuestiones laborales, entre ellas el valor estimado de pago por caj\u00f3n en bodega.<\/p>\n\n\n\n<p>El encuentro se realizar\u00e1 el 16 de marzo a las 10:00 horas en la Posada del Capit\u00e1n, ubicada en calle Posadas 1944 de la ciudad de Mar del Plata. Desde la conducci\u00f3n de la entidad se\u00f1alaron que, una vez concluido el debate, la Comisi\u00f3n Directiva evaluar\u00e1 las conclusiones alcanzadas y definir\u00e1 los pasos a seguir.<\/p>\n","protected":false},"excerpt":{"rendered":"<p>Desde ma\u00f1ana s\u00e1bado el 14 y hasta el lunes 16 de marzo, la Asociaci\u00f3n Argentina de Capitanes, Pilotos y Patrones de Pesca (AACPyPP) procederpa a demorar la zarpada de la flota fresquera de altura, con motivo de la realizaci\u00f3n de una asamblea sectorial. La medida regir\u00e1 desde las 00:00 horas del s\u00e1bado 14 de marzo<\/p>\n","protected":false},"author":4,"featured_media":4728,"comment_status":"open","ping_status":"open","sticky":false,"template":"","format":"standard","meta":{"om_disable_all_campaigns":false,"_monsterinsights_skip_tracking":false,"_monsterinsights_sitenote_active":false,"_monsterinsights_sitenote_note":"","_monsterinsights_sitenote_category":0,"footnotes":""},"categories":[9],"tags":[384,213,2124,2680,91,2679,2681],"class_list":{"0":"post-15074","1":"post","2":"type-post","3":"status-publish","4":"format-standard","5":"has-post-thumbnail","7":"category-actualidad","8":"tag-asociacion-argentina-de-capitanes","9":"tag-capitanes","10":"tag-colorados","11":"tag-demora","12":"tag-featured","13":"tag-fresqueros-altura","14":"tag-zarpada"},"aioseo_notices":[],"amp_enabled":true,"_links":{"self":[{"href":"https:\/\/partedepesca.com.ar\/d\/wp-json\/wp\/v2\/posts\/15074","targetHints":{"allow":["GET"]}}],"collection":[{"href":"https:\/\/partedepesca.com.ar\/d\/wp-json\/wp\/v2\/posts"}],"about":[{"href":"https:\/\/partedepesca.com.ar\/d\/wp-json\/wp\/v2\/types\/post"}],"author":[{"embeddable":true,"href":"https:\/\/partedepesca.com.ar\/d\/wp-json\/wp\/v2\/users\/4"}],"replies":[{"embeddable":true,"href":"https:\/\/partedepesca.com.ar\/d\/wp-json\/wp\/v2\/comments?post=15074"}],"version-history":[{"count":1,"href":"https:\/\/partedepesca.com.ar\/d\/wp-json\/wp\/v2\/posts\/15074\/revisions"}],"predecessor-version":[{"id":15075,"href":"https:\/\/partedepesca.com.ar\/d\/wp-json\/wp\/v2\/posts\/15074\/revisions\/15075"}],"wp:featuredmedia":[{"embeddable":true,"href":"https:\/\/partedepesca.com.ar\/d\/wp-json\/wp\/v2\/media\/4728"}],"wp:attachment":[{"href":"https:\/\/partedepesca.com.ar\/d\/wp-json\/wp\/v2\/media?parent=15074"}],"wp:term":[{"taxonomy":"category","embeddable":true,"href":"https:\/\/partedepesca.com.ar\/d\/wp-json\/wp\/v2\/categories?post=15074"},{"taxonomy":"post_tag","embeddable":true,"href":"https:\/\/partedepesca.com.ar\/d\/wp-json\/wp\/v2\/tags?post=15074"}],"curies":[{"name":"wp","href":"https:\/\/api.w.org\/{rel}","templated":true}]}}