{"id":15066,"date":"2026-03-11T21:53:44","date_gmt":"2026-03-11T21:53:44","guid":{"rendered":"https:\/\/partedepesca.com.ar\/d\/?p=15066"},"modified":"2026-03-13T20:15:52","modified_gmt":"2026-03-13T20:15:52","slug":"la-justicia-rechazo-la-cautelar-de-la-cgt-contra-la-reforma-laboral","status":"publish","type":"post","link":"https:\/\/partedepesca.com.ar\/d\/la-justicia-rechazo-la-cautelar-de-la-cgt-contra-la-reforma-laboral\/","title":{"rendered":"La Justicia rechaz\u00f3 la cautelar de la CGT contra la reforma laboral"},"content":{"rendered":"\n<p>La Justicia rechaz\u00f3 la medida cautelar presentada por la Confederaci\u00f3n General del Trabajo (CGT) contra la reforma laboral impulsada por el gobierno de Javier Milei, en un primer rev\u00e9s judicial para la estrategia del sindicalismo de frenar la aplicaci\u00f3n de la ley aprobada en el Congreso. <strong>Se desestim\u00f3 el pedido de &#8220;suspender&#8221; su implementaci\u00f3n, por lo que sigue plenamente vigente hasta que haya sentencia firme sobre el planteo de &#8220;inconstitucionalidad&#8221;, lo cual puede llevar unos cuantos a\u00f1os.<\/strong><\/p>\n\n\n\n<p>La decisi\u00f3n fue tomada por el Juzgado Contencioso Administrativo Federal N\u00b07, que desestim\u00f3 el pedido de la central obrera para suspender de manera inmediata los art\u00edculos 90 y 91 de la norma, vinculados al traspaso de la justicia laboral nacional a la \u00f3rbita de la Ciudad de Buenos Aires.<\/p>\n\n\n\n<p>La CGT hab\u00eda promovido el 6 de marzo una acci\u00f3n de amparo contra el Estado nacional en la que solicit\u00f3 la declaraci\u00f3n de nulidad e invalidez constitucional de esos art\u00edculos de la ley de modernizaci\u00f3n laboral, sancionada durante las sesiones extraordinarias del Congreso y publicada en el Bolet\u00edn Oficial ese mismo d\u00eda.<\/p>\n\n\n\n<p class=\"has-vivid-cyan-blue-color has-text-color has-link-color wp-elements-3965c69bd16de764260943f712b04a58\"><strong>EN PLENA VIGENCIA<\/strong><\/p>\n\n\n\n<p>En su presentaci\u00f3n, la central sindical reclam\u00f3 adem\u00e1s una medida cautelar \u201cinnovativa\u201d para suspender la aplicaci\u00f3n de esos puntos hasta que se resolviera el fondo del asunto. Seg\u00fan argument\u00f3, el traslado de competencias a la justicia porte\u00f1a implicar\u00eda en la pr\u00e1ctica la eliminaci\u00f3n de la Justicia Nacional del Trabajo y podr\u00eda generar dificultades para revertir la situaci\u00f3n en el futuro si finalmente la ley fuera declarada inconstitucional.<\/p>\n\n\n\n<p>El reclamo sindical forma parte de una estrategia judicial m\u00e1s amplia para cuestionar la reforma laboral impulsada por el Gobierno. La CGT sostiene que el traspaso del fuero laboral podr\u00eda provocar un colapso en el sistema judicial y afectar tanto a miles de causas en tr\u00e1mite como a los empleados judiciales que hoy trabajan en ese \u00e1mbito.<\/p>\n\n\n\n<p>El magistrado, sin embargo, consider\u00f3 que no correspond\u00eda dictar la cautelar solicitada en esta etapa del proceso. De esta manera, la normativa seguir\u00e1 vigente mientras contin\u00faa el tr\u00e1mite de la causa y hasta que exista una sentencia definitiva sobre la constitucionalidad de los art\u00edculos cuestionados, lo cual puede llevar muchos a\u00f1os.<\/p>\n\n\n\n<p class=\"has-vivid-cyan-blue-color has-text-color has-link-color wp-elements-62433502656cf7d8992d21c81514707d\"><strong>REV\u00c9S PARA EL SINDICALISMO<\/strong><\/p>\n\n\n\n<p>La resoluci\u00f3n representa el primer rev\u00e9s judicial para el sindicalismo en su ofensiva contra la reforma laboral. En paralelo, la central obrera analiza nuevas presentaciones judiciales y otras acciones pol\u00edticas para intentar frenar o modificar algunos de los puntos centrales de la ley.<\/p>\n\n\n\n<p>El conflicto abre as\u00ed un nuevo cap\u00edtulo en la disputa entre el Gobierno y el movimiento sindical por los cambios en el sistema laboral, uno de los ejes centrales del programa de reformas impulsado por la administraci\u00f3n libertaria.<\/p>\n\n\n\n<p><\/p>\n","protected":false},"excerpt":{"rendered":"<p>La Justicia rechaz\u00f3 la medida cautelar presentada por la Confederaci\u00f3n General del Trabajo (CGT) contra la reforma laboral impulsada por el gobierno de Javier Milei, en un primer rev\u00e9s judicial para la estrategia del sindicalismo de frenar la aplicaci\u00f3n de la ley aprobada en el Congreso. Se desestim\u00f3 el pedido de &#8220;suspender&#8221; su implementaci\u00f3n, por<\/p>\n","protected":false},"author":4,"featured_media":13291,"comment_status":"open","ping_status":"open","sticky":false,"template":"","format":"standard","meta":{"om_disable_all_campaigns":false,"_monsterinsights_skip_tracking":false,"_monsterinsights_sitenote_active":false,"_monsterinsights_sitenote_note":"","_monsterinsights_sitenote_category":0,"footnotes":""},"categories":[9],"tags":[647,91,534],"class_list":{"0":"post-15066","1":"post","2":"type-post","3":"status-publish","4":"format-standard","5":"has-post-thumbnail","7":"category-actualidad","8":"tag-cgt","9":"tag-featured","10":"tag-reforma-laboral"},"aioseo_notices":[],"amp_enabled":true,"_links":{"self":[{"href":"https:\/\/partedepesca.com.ar\/d\/wp-json\/wp\/v2\/posts\/15066","targetHints":{"allow":["GET"]}}],"collection":[{"href":"https:\/\/partedepesca.com.ar\/d\/wp-json\/wp\/v2\/posts"}],"about":[{"href":"https:\/\/partedepesca.com.ar\/d\/wp-json\/wp\/v2\/types\/post"}],"author":[{"embeddable":true,"href":"https:\/\/partedepesca.com.ar\/d\/wp-json\/wp\/v2\/users\/4"}],"replies":[{"embeddable":true,"href":"https:\/\/partedepesca.com.ar\/d\/wp-json\/wp\/v2\/comments?post=15066"}],"version-history":[{"count":1,"href":"https:\/\/partedepesca.com.ar\/d\/wp-json\/wp\/v2\/posts\/15066\/revisions"}],"predecessor-version":[{"id":15067,"href":"https:\/\/partedepesca.com.ar\/d\/wp-json\/wp\/v2\/posts\/15066\/revisions\/15067"}],"wp:featuredmedia":[{"embeddable":true,"href":"https:\/\/partedepesca.com.ar\/d\/wp-json\/wp\/v2\/media\/13291"}],"wp:attachment":[{"href":"https:\/\/partedepesca.com.ar\/d\/wp-json\/wp\/v2\/media?parent=15066"}],"wp:term":[{"taxonomy":"category","embeddable":true,"href":"https:\/\/partedepesca.com.ar\/d\/wp-json\/wp\/v2\/categories?post=15066"},{"taxonomy":"post_tag","embeddable":true,"href":"https:\/\/partedepesca.com.ar\/d\/wp-json\/wp\/v2\/tags?post=15066"}],"curies":[{"name":"wp","href":"https:\/\/api.w.org\/{rel}","templated":true}]}}