{"id":15010,"date":"2026-03-06T12:57:40","date_gmt":"2026-03-06T12:57:40","guid":{"rendered":"https:\/\/partedepesca.com.ar\/d\/?p=15010"},"modified":"2026-03-10T09:40:59","modified_gmt":"2026-03-10T09:40:59","slug":"foro-pescar-un-escenario-de-senales-codificadas-y-una-tregua-efimera","status":"publish","type":"post","link":"https:\/\/partedepesca.com.ar\/d\/foro-pescar-un-escenario-de-senales-codificadas-y-una-tregua-efimera\/","title":{"rendered":"Foro PescAR: Un escenario de se\u00f1ales codificadas y una tregua ef\u00edmera"},"content":{"rendered":"\n<p>El Foro PescAR concret\u00f3 su segunda edici\u00f3n en Puerto Madryn con una nutrida concurrencia y la participaci\u00f3n de un amplio espectro de la industria pesquera argentina. El evento tuvo lugar en momentos de m\u00e1xima tensi\u00f3n pol\u00edtica entre la organizaci\u00f3n y el Gobierno de Chubut, lo cual, no pas\u00f3 inadvertido para ninguno de los actores que representan la industria.<\/p>\n\n\n\n<p>La inauguraci\u00f3n cont\u00f3 finalmente con la presencia del gobernador <strong>Ignacio Torres<\/strong> que lleg\u00f3 acompa\u00f1ado por el intendente de la ciudad, <strong>Gustavo Sastre<\/strong>, y despu\u00e9s de la fuerte escalaba de enfrentamientos p\u00fablicos, abri\u00f3 el evento tras un breve contacto frio y formal con la organizaci\u00f3n encabezada por los empresarios <strong>Ra\u00fal Cereseto y Gustavo Gonz\u00e1lez<\/strong>.<\/p>\n\n\n\n<p>Prim\u00f3 la institucionalidad, el Gobernador asisti\u00f3 al foro que nucle\u00f3 a referentes de la industria pesquera de todo el pa\u00eds, con la presencia de representaciones diplom\u00e1tica de varios pa\u00edses, que en su mayor\u00eda desconocen las fricciones dom\u00e9sticas.<\/p>\n\n\n\n<p class=\"has-vivid-cyan-blue-color has-text-color has-link-color wp-elements-407e3cfbddb973bae5b05f41af014fa5\"><strong>APARENTE \u2018ALTO EL FUEGO\u2019<\/strong><\/p>\n\n\n\n<p>La expectativa inicial estuvo dominada por el perfil que tendr\u00edan los discursos, que finalmente, tuvieron un tono \u2018pol\u00edticamente correcto\u2019, sin chicanas ni exteriorizaci\u00f3n de las diferencias que siguen inalterables.<\/p>\n\n\n\n<p>Ra\u00fal Cereseto valor\u00f3 el crecimiento de la convocatoria del evento, los desaf\u00edos que transcurre la industria pesquera, y los planes para futuras ediciones.<\/p>\n\n\n\n<p>El intendente Gustavo Sastre agradeci\u00f3 la presencia de todos los actores de la pesca, destac\u00f3 la elecci\u00f3n de Puerto Madryn para la realizaci\u00f3n de un evento de estas caracter\u00edsticas, y volvi\u00f3 a proponer a \u2018La M\u00e1s Linda\u2019 como un futuro epicentro de una feria internacional que muestre la pesca argentina al mundo.<\/p>\n\n\n\n<figure class=\"wp-block-image size-large\"><a href=\"https:\/\/partedepesca.com.ar\/d\/wp-content\/uploads\/2026\/03\/FORO-PESCAR-scaled.jpeg\"><img fetchpriority=\"high\" decoding=\"async\" width=\"1024\" height=\"618\" src=\"https:\/\/partedepesca.com.ar\/d\/wp-content\/uploads\/2026\/03\/FORO-PESCAR-1024x618.jpeg\" alt=\"\" class=\"wp-image-15012\" srcset=\"https:\/\/partedepesca.com.ar\/d\/wp-content\/uploads\/2026\/03\/FORO-PESCAR-1024x618.jpeg 1024w, https:\/\/partedepesca.com.ar\/d\/wp-content\/uploads\/2026\/03\/FORO-PESCAR-300x181.jpeg 300w, https:\/\/partedepesca.com.ar\/d\/wp-content\/uploads\/2026\/03\/FORO-PESCAR-768x463.jpeg 768w, https:\/\/partedepesca.com.ar\/d\/wp-content\/uploads\/2026\/03\/FORO-PESCAR-1536x927.jpeg 1536w, https:\/\/partedepesca.com.ar\/d\/wp-content\/uploads\/2026\/03\/FORO-PESCAR-2048x1236.jpeg 2048w, https:\/\/partedepesca.com.ar\/d\/wp-content\/uploads\/2026\/03\/FORO-PESCAR-150x91.jpeg 150w, https:\/\/partedepesca.com.ar\/d\/wp-content\/uploads\/2026\/03\/FORO-PESCAR-450x272.jpeg 450w, https:\/\/partedepesca.com.ar\/d\/wp-content\/uploads\/2026\/03\/FORO-PESCAR-1200x724.jpeg 1200w\" sizes=\"(max-width: 1024px) 100vw, 1024px\" \/><\/a><\/figure>\n\n\n\n<p>En tanto, Ignacio Torres, enfoc\u00f3 su discurso en ejes vinculados al agregado de valor de los productos pesqueros, c\u00f3mo retomar la generaci\u00f3n de productos vinculados a la merluza para la generaci\u00f3n de mano de obra en tierra, y reiter\u00f3 la propuesta que ya ha hecho p\u00fablica en cuanto a las retenciones a las exportaciones.<\/p>\n\n\n\n<p>Dijo que su gobierno acompa\u00f1ar\u00e1 gestiones para que se le quite a la pesca la presi\u00f3n tributaria de los derechos de exportaci\u00f3n, pero pidi\u00f3 que ese \u2018alivio fiscal\u2019 se reinvierta en infraestructura portuaria en la provincia o en renovaci\u00f3n de flota.<\/p>\n\n\n\n<p>No hubo ni menciones tangenciales a los roces que protagonizaron en el \u00faltimo tiempo un sector puntual de la flota amarilla de Chubut, cabeza de organizaci\u00f3n del evento, y el Poder Ejecutivo Provincial. <strong>Ciertamente, no era el \u00e1mbito ni el momento para ventilar o exponer esas desavenencias de \u2018pago chico\u2019 ante un auditorio que exced\u00eda las fronteras locales. Prim\u00f3 la institucionalidad.<\/strong><\/p>\n\n\n\n<p class=\"has-vivid-cyan-blue-color has-text-color has-link-color wp-elements-01cff3a56d2c27d0347692320f1fd8c6\"><strong>GRIETA POR LA \u201cBONANZA\u201d<\/strong><\/p>\n\n\n\n<p><strong>\u201cHoy estamos en una \u00e9poca de profunda bonanza para un sector<\/strong> que tiene que dar ese debate de c\u00f3mo agregar valor, de c\u00f3mo ser m\u00e1s competitivo. Tenemos la oportunidad de ir a Naci\u00f3n con una propuesta concreta que no es solo un pedido de eliminar las retenciones, sino que, es decir, cada uno va a poner su parte. Propongo bajar retenciones y que ese ahorro fiscal se reinvierta en el sector\u201d, dijo Torres en un tramo de su alocuci\u00f3n.<\/p>\n\n\n\n<p>Sin alusiones personales, pero en los paneles posteriores del evento, ese guante lo recogi\u00f3 el presidente de la CAFACh, Gustavo Gonz\u00e1lez, que sin mencionar el discurso del gobernador, neg\u00f3 y cuestion\u00f3 que se hable de \u201cbonanza\u201d cuando se intenta demostrar al gobierno nacional que la actividad transcurre por un escenario de crisis por lo que se piden medidas para mejorar la competitividad.<\/p>\n\n\n\n<p class=\"has-vivid-cyan-blue-color has-text-color has-link-color wp-elements-e562b1a6be64cd6b7174a1eafab76408\"><strong>CUATRO DE CINCO, PERO SEPARADOS<\/strong><\/p>\n\n\n\n<p>La vertiginosidad de los eventos de esta magnitud hizo pasar desapercibido, algo que muy pocas veces se logra. Reunir en un mismo lugar a casi la totalidad de las autoridades de administraci\u00f3n de las cinco provincias con litoral mar\u00edtimo de Argentina. <strong>EL FORO PESCAR 2026 LO LOGR\u00d3<\/strong>, aunque no los mencionaron.<\/p>\n\n\n\n<p><strong>Diego Brandan<\/strong>, el flamante Secretario de Pesca de Chubut, estuvo en primera fila, en el acto inaugural, y se retir\u00f3 poco despu\u00e9s que el Gobernador. Su antecesor, Andr\u00e9s Arbeletche, prefiri\u00f3 el bajo perfil, y solo pas\u00f3 a saludar en el coffee break.<\/p>\n\n\n\n<p><strong>Carla Estefan\u00eda Seain<\/strong>, Subsecretaria de Agricultura, Ganader\u00eda y Pesca de la Provincia de Buenos Aires, integr\u00f3 los paneles de debate, y argument\u00f3 por qu\u00e9 se opone a la cuotificaci\u00f3n de langostino, defendi\u00f3 la pol\u00edtica pesquera de Axel Kicillof.<\/p>\n\n\n\n<p><strong>Gustavo Gualtieri<\/strong>, Subsecretario de Pesca y Producci\u00f3n Acu\u00edcola de R\u00edo Negro asisti\u00f3 al foro y se lo vio interesado, en aprender, de cada una de las disertaciones sobre lo que significa y representa la actividad.<\/p>\n\n\n\n<p><strong>Sergio Klimenko<\/strong>, secretario de Estado de Pesca y Acuicultura de la provincia de Santa Cruz, hilvan\u00f3 contactos p\u00fablicos desde la nueva funci\u00f3n que ejerce, y gestion\u00f3 con actores del sector privado; \u201cconstruir sin ruido\u201d, como le dicen.<\/p>\n\n\n\n<p>La presencia de las autoridades pesqueras nacionales y de la casi totalidad de las provincias pesqueras; un amplio espectro del sector privado patag\u00f3nico y marplatense; y sectores del trabajo representado por organizaciones sindicales, dan cuenta de la incidencia y vigor que logra este espacio.<\/p>\n\n\n\n<p class=\"has-vivid-cyan-blue-color has-text-color has-link-color wp-elements-6c6f87789fec768afddee3ba36a98bd1\"><strong>CARPINTERO DIO EN EL CLAVO<\/strong><\/p>\n\n\n\n<p>Volviendo a las cuestiones dom\u00e9sticas de Chubut, ayer, casi en simultaneo con el inicio del Foro, <strong>la jueza penal de Trelew Mirta Moreno declar\u00f3 nulos los allanamientos, secuestros y requisas realizados a Gonzalo Carpintero<\/strong>, en las oficinas de la empresa Hemos Triunfado S.A., propiedad de \u2018Tato\u2019 Cereseto, tras la denuncia del sindicalista de ATE, Jos\u00e9 Severiche, que hab\u00eda acusado al exministro dasnevista (condenado por corrupci\u00f3n) de ofrecerle una coima a cambio de usar el sindicato para impedir el inicio de las clases en Chubut y as\u00ed lesionar la imagen de la gesti\u00f3n Torres.<\/p>\n\n\n\n<p>Aquel episodio del pasado <strong>10 de febrero<\/strong> dinamit\u00f3 la relaci\u00f3n ya resquebrada que la c\u00fapula de la CAFACh con el titular del Gobierno Provincial de Chubut. Fue uno de los picos de tensi\u00f3n entre \u2018examigos\u2019 que han compartido negocios y se conocen demasiado.<\/p>\n\n\n\n<p><strong>A Carpintero se lo vio exultante, pero en la zona reservada<\/strong>, para evitar los flashes de alg\u00fan fot\u00f3grafo indiscreto. <strong>No estuvo solo<\/strong>. Estuvo acompa\u00f1ado de viejos compa\u00f1eros de ruta: <strong>Oscar \u2018Chito\u2019 Alarc\u00f3n, Adri\u00e1n \u2018Chuchi\u2019 Awstin, Pablo Oca, Federico Gatica<\/strong>, entre otros \u2018j\u00f3venes brillantes\u2019 del dasnevismo; <strong>ya no tan j\u00f3venes, ni tan brillantes<\/strong>. <strong>\u201cSolo faltaba Leticia Huichaqueo\u201d<\/strong>, espet\u00f3 un ir\u00f3nico y malintencionado gerente de una pesquera perif\u00e9rica de voz socarrona.<\/p>\n\n\n\n<p><strong>En fin<\/strong>, as\u00ed pas\u00f3 una exitos\u00edsima segunda edici\u00f3n del <strong>Foro PescAR<\/strong>; un espacio de debate, de construcci\u00f3n de agenda, que se erige como <strong>un faro de la pesca argentina<\/strong>.<\/p>\n","protected":false},"excerpt":{"rendered":"<p>El Foro PescAR concret\u00f3 su segunda edici\u00f3n en Puerto Madryn con una nutrida concurrencia y la participaci\u00f3n de un amplio espectro de la industria pesquera argentina. El evento tuvo lugar en momentos de m\u00e1xima tensi\u00f3n pol\u00edtica entre la organizaci\u00f3n y el Gobierno de Chubut, lo cual, no pas\u00f3 inadvertido para ninguno de los actores que<\/p>\n","protected":false},"author":3,"featured_media":15011,"comment_status":"open","ping_status":"open","sticky":false,"template":"","format":"standard","meta":{"om_disable_all_campaigns":false,"_monsterinsights_skip_tracking":false,"_monsterinsights_sitenote_active":false,"_monsterinsights_sitenote_note":"","_monsterinsights_sitenote_category":0,"footnotes":""},"categories":[9],"tags":[154,91,1998],"class_list":{"0":"post-15010","1":"post","2":"type-post","3":"status-publish","4":"format-standard","5":"has-post-thumbnail","7":"category-actualidad","8":"tag-chubut","9":"tag-featured","10":"tag-foro-pescar"},"aioseo_notices":[],"amp_enabled":true,"_links":{"self":[{"href":"https:\/\/partedepesca.com.ar\/d\/wp-json\/wp\/v2\/posts\/15010","targetHints":{"allow":["GET"]}}],"collection":[{"href":"https:\/\/partedepesca.com.ar\/d\/wp-json\/wp\/v2\/posts"}],"about":[{"href":"https:\/\/partedepesca.com.ar\/d\/wp-json\/wp\/v2\/types\/post"}],"author":[{"embeddable":true,"href":"https:\/\/partedepesca.com.ar\/d\/wp-json\/wp\/v2\/users\/3"}],"replies":[{"embeddable":true,"href":"https:\/\/partedepesca.com.ar\/d\/wp-json\/wp\/v2\/comments?post=15010"}],"version-history":[{"count":3,"href":"https:\/\/partedepesca.com.ar\/d\/wp-json\/wp\/v2\/posts\/15010\/revisions"}],"predecessor-version":[{"id":15016,"href":"https:\/\/partedepesca.com.ar\/d\/wp-json\/wp\/v2\/posts\/15010\/revisions\/15016"}],"wp:featuredmedia":[{"embeddable":true,"href":"https:\/\/partedepesca.com.ar\/d\/wp-json\/wp\/v2\/media\/15011"}],"wp:attachment":[{"href":"https:\/\/partedepesca.com.ar\/d\/wp-json\/wp\/v2\/media?parent=15010"}],"wp:term":[{"taxonomy":"category","embeddable":true,"href":"https:\/\/partedepesca.com.ar\/d\/wp-json\/wp\/v2\/categories?post=15010"},{"taxonomy":"post_tag","embeddable":true,"href":"https:\/\/partedepesca.com.ar\/d\/wp-json\/wp\/v2\/tags?post=15010"}],"curies":[{"name":"wp","href":"https:\/\/api.w.org\/{rel}","templated":true}]}}