{"id":14669,"date":"2026-02-04T23:02:17","date_gmt":"2026-02-04T23:02:17","guid":{"rendered":"https:\/\/partedepesca.com.ar\/d\/?p=14669"},"modified":"2026-02-05T23:32:17","modified_gmt":"2026-02-05T23:32:17","slug":"la-temporada-esta-siendo-buenisima-no-hay-motivos-para-parar","status":"publish","type":"post","link":"https:\/\/partedepesca.com.ar\/d\/la-temporada-esta-siendo-buenisima-no-hay-motivos-para-parar\/","title":{"rendered":"\u00c1lvarez Castellano: &#8220;No tengo ning\u00fan problema en pagar el canon pesquero&#8221;"},"content":{"rendered":"\n<p>El presidente de Conarpesa, <strong>Fernando \u00c1lvarez Castellano<\/strong>, asegur\u00f3 que sus plantas de procesamiento de Rawson y Puerto Madryn est\u00e1n en plena operatividad por el muy buen nivel de capturas de langostino en aguas de Chubut y neg\u00f3 que hayan ca\u00eddo los rendimientos. <\/p>\n\n\n\n<p><strong>Ante el paro anunciado por el SICONARA, Conarpesa pidi\u00f3 la conciliaci\u00f3n obligatoria, y en caso de dictarse y no acatarse, la empresa anunci\u00f3 severas sanciones para los huelguistas. Se diferenci\u00f3 de la CAFACh, aval\u00f3 el cobro del \u2018canon pesquero\u2019, y brind\u00f3 su apoyo al gobierno de Ignacio Torres<\/strong> (ver video al final).<\/p>\n\n\n\n<p>El empresario <strong>rechaz\u00f3 la idea de acotar la temporada por cuestiones comerciales <\/strong>si se llega a determinado volumen de capturas, se\u00f1alando que la cuesti\u00f3n comercial debe ser resuelta por cada compa\u00f1\u00eda. T<strong>om\u00f3 distancia de otros grupos empresarios de Chubut que sugieren que al llegar a las 70.000 toneladas se debe cerrar la zafra.<\/strong><\/p>\n\n\n\n<p>\u201cPrimero, <strong>la temporada est\u00e1 siendo buen\u00edsima, no hay motivos para parar. <\/strong>La temporada est\u00e1 marcada por mal tiempo, que otros a\u00f1os no hemos tenido, pero cuando ha habido dos d\u00edas buenos, los barcos se han completado\u201d, asegur\u00f3 al desestimar que la zafra ha tenido un declive de capturas en las \u00faltimas semanas.<\/p>\n\n\n\n<p>\u201cOtros que dicen que tardan dos d\u00edas en completar. <strong>En nuestra empresa ning\u00fan barco se queda dos d\u00edas<\/strong>, entran con la captura diaria para preservar la calidad. C\u00f3mo se van a quedar dos d\u00edas afuera con este calor, adem\u00e1s, eso es una locura\u201d, enfatiz\u00f3 el titular de Conarpesa.<\/p>\n\n\n\n<p class=\"has-vivid-cyan-blue-color has-text-color has-link-color wp-elements-c070232bd9fac036c1d190fa2b00b172\"><strong>\u201c<strong>SON COMO EL CHANCHO GUACHO<\/strong>\u201d<\/strong><\/p>\n\n\n\n<p>El empresario hispano argentino advirti\u00f3 que tiene las plantas en plena operatividad, con toda la gente trabajando, y apunt\u00f3 contra otros sectores empresarios que buscan frenar la zafra en Chubut.<\/p>\n\n\n\n<p><strong>\u201cAs\u00ed que eso de que la temporada est\u00e1 acabada no es as\u00ed<\/strong>, lo que pasa es que hay gente que no puede vender y cuando no pueden vender el producido empiezan a decir que, no hay captura, que hay mal tiempo, o sea, <strong>empiezan a buscar cualquier excusa para parar. Porque son como el chancho guacho; no cogen ni dejan coger\u201d<\/strong>, grafic\u00f3 metaf\u00f3ricamente con \u00e1cida iron\u00eda.<\/p>\n\n\n\n<figure class=\"wp-block-image size-large\"><a href=\"https:\/\/partedepesca.com.ar\/d\/wp-content\/uploads\/2026\/02\/plantas-conarpesa-4-febrero-2026-2.jpeg\"><img fetchpriority=\"high\" decoding=\"async\" width=\"1024\" height=\"576\" src=\"https:\/\/partedepesca.com.ar\/d\/wp-content\/uploads\/2026\/02\/plantas-conarpesa-4-febrero-2026-2-1024x576.jpeg\" alt=\"\" class=\"wp-image-14671\" srcset=\"https:\/\/partedepesca.com.ar\/d\/wp-content\/uploads\/2026\/02\/plantas-conarpesa-4-febrero-2026-2-1024x576.jpeg 1024w, https:\/\/partedepesca.com.ar\/d\/wp-content\/uploads\/2026\/02\/plantas-conarpesa-4-febrero-2026-2-300x169.jpeg 300w, https:\/\/partedepesca.com.ar\/d\/wp-content\/uploads\/2026\/02\/plantas-conarpesa-4-febrero-2026-2-768x432.jpeg 768w, https:\/\/partedepesca.com.ar\/d\/wp-content\/uploads\/2026\/02\/plantas-conarpesa-4-febrero-2026-2-150x84.jpeg 150w, https:\/\/partedepesca.com.ar\/d\/wp-content\/uploads\/2026\/02\/plantas-conarpesa-4-febrero-2026-2-450x253.jpeg 450w, https:\/\/partedepesca.com.ar\/d\/wp-content\/uploads\/2026\/02\/plantas-conarpesa-4-febrero-2026-2-1200x675.jpeg 1200w, https:\/\/partedepesca.com.ar\/d\/wp-content\/uploads\/2026\/02\/plantas-conarpesa-4-febrero-2026-2.jpeg 1280w\" sizes=\"(max-width: 1024px) 100vw, 1024px\" \/><\/a><\/figure>\n\n\n\n<p>\u201cPero yo tengo 750 personas ahora, en las dos plantas, produciendo a full todos los d\u00edas. Cuando hay mal tiempo, como el lunes, entr\u00f3 mitad de la carga, abr\u00ed una planta, pero cuando hay buen clima las dos plantas operan a pleno\u201d, describi\u00f3 \u00c1lvarez Castellano.<\/p>\n\n\n\n<p>\u201cCuando est\u00e1n un par de d\u00edas de buen tiempo, nadie puede decir que no completa los barcos porque yo tengo los partes. As\u00ed que eso obedece a estrategias comerciales de alguno que no quieren, que <strong>si ellos no pueden hacer el negocio o no tienen compradores<\/strong> de materia prima o no tienen a qui\u00e9n venderle, <strong>prefieren mejor parar a todos\u201d<\/strong>, critic\u00f3 respecto a quienes sugieren ir terminando la zafra.<\/p>\n\n\n\n<p class=\"has-vivid-cyan-blue-color has-text-color has-link-color wp-elements-379fb65a82c3e015ffac0ab4ed478bfe\"><strong>&#8220;BUSCAN CUALQUIER EXCUSA PARA PARAR&#8221;<\/strong><\/p>\n\n\n\n<p>El propietario de Conarpesa insisti\u00f3 en el alto nivel de empleo que tiene la actividad en este momento. <strong>\u201cTengo 750 personas trabajando y gan\u00e1ndose sueldos de 7 millones de pesos al mes<\/strong>, que me encanta, trabajando y produciendo las dos plantas a full. <strong>Y<\/strong> <strong>estamos con la idea de comprar o alquilar o ver una tercera planta y generar m\u00e1s empleo<\/strong>, porque necesitamos m\u00e1s producci\u00f3n para atender los requerimientos de nuestros clientes\u201d, afirm\u00f3 al disipar los razonamientos que no se debe acumular stock para que no caigan los precios.<\/p>\n\n\n\n<p>\u201cSi hay empresas que no saben hacer calidad, es un problema de esas empresas, pero <strong>no puede ser por cuestiones personales, comerciales o econ\u00f3micas de empresas o due\u00f1os de barco que se quiera joder a 750 personas<\/strong>, m\u00e1s las tripulaciones de 10 barcos que trabajan para m\u00ed, 8 propios y dos de terceros\u201d, refut\u00f3.<\/p>\n\n\n\n<p class=\"has-vivid-cyan-blue-color has-text-color has-link-color wp-elements-58786d405487613ec88713ff60734ec7\"><strong>\u201cINTERESES PARTICULARES DE ALGUNOS GRUPOS\u201d<\/strong><\/p>\n\n\n\n<p>Fernado \u00c1lvarez Castellano plantea que la apertura de aguas provinciales se mantenga en funci\u00f3n de los datos biol\u00f3gicos y no en funci\u00f3n de intereses de determinados grupos empresariales.<\/p>\n\n\n\n<p>\u201cHay una cosa que yo tengo muy clara y lo he dicho siempre: la pol\u00edtica es la pol\u00edtica, lo biol\u00f3gico es lo biol\u00f3gico y lo comercial es lo comercial. Los pol\u00edticos se dedican a la pol\u00edtica, los bi\u00f3logos a la biolog\u00eda y los empresarios a comercializar. <strong>Pero cuando la pol\u00edtica se mezcla con lo comercial o con los intereses particulares de algunos grupos<\/strong>, por as\u00ed de claro, ya sabes, cuando digo grupo, a qui\u00e9n me refiero, <strong>Gonz\u00e1lez y compa\u00f1\u00eda, es cuando se distorsiona todo\u201d<\/strong>, analiz\u00f3.<\/p>\n\n\n\n<p>En este marco, el titular de Conarpesa invit\u00f3 al Secretario de Pesca \u201cpara que venga a mis plantas a visitarlas a ver si no entran, en cada planta, 6000\/7000 cajones diarios y hay 350 y 375 personas en cada planta trabajando. Estoy haciendo en el orden de los 10.000 y 12.000 cajones diarios; son 200 toneladas diarias\u201d, describi\u00f3 para dar cuenta del pico operativo que hay en este momento de la temporada.<\/p>\n\n\n\n<p class=\"has-vivid-cyan-blue-color has-text-color has-link-color wp-elements-6a74e2f23c73800b4249ab11b8e070d0\"><strong>PRECIOS Y MERCADOS<\/strong><\/p>\n\n\n\n<p>Asimismo, neg\u00f3 que haya un derrumbe de los precios, sino que se han mantenido relativamente estables. \u201cLas colas hab\u00edan ido un poco a la baja, se est\u00e1n manteniendo en valores de 8 d\u00f3lares<strong>. Por ah\u00ed han dicho que estaban a 9 d\u00f3lares la cola y que ahora estaba por debajo de 8. En respuesta a eso, nunca este a\u00f1o, nunca se vendi\u00f3 la cola a 9 d\u00f3lares.<\/strong> El que vendi\u00f3 nueve d\u00f3lares, que me diga que le vendo las m\u00edas a ocho para que la venda a nueve. Confunden a la gente, pero la cola ha estado en el mismo precio, entre 8 y 8,30 la cola del uno (C1)\u201d, precis\u00f3.<\/p>\n\n\n\n<p>Y agreg\u00f3: \u201cEl precio de venta de las colas desde el principio del a\u00f1o ha sido 8,30 FOB. La cola (C2) en 7,25 d\u00f3lares y la cola rota sobre 7. Ese ha sido el precio, puede bajar un poquito ahora porque hay m\u00e1s cantidad y porque haya m\u00e1s necesidad de caja, pero eso no quiere decir porque haya mucho. <strong>Hay empresas que por ah\u00ed tiene que pagar y no tienen cashflow suficiente y tiene que bajar el precio, pero eso no es el mercado que baj\u00f3 el precio\u201d<\/strong>, explic\u00f3 al diferenciar las situaciones.<\/p>\n\n\n\n<p>Defendi\u00f3 que haya acumulaci\u00f3n de stock y que la cuesti\u00f3n comercial debe ser resorte de cada compa\u00f1\u00eda como enfrenta los mercados. \u201cAhora, tengo dos mil y pico de toneladas de stock, y eso que tiene que ver, tengo que tener un stock para ofrecer a mis clientes durante el a\u00f1o\u201d, dijo.<\/p>\n\n\n\n<p>Finalmente, \u00c1lvarez Castellano insisti\u00f3: <strong>\u201cEsta es una temporada muy buena, la del a\u00f1o pasado fue excepcional.<\/strong> En esta, el langostino ha ido entrando m\u00e1s de a poco, pero sigue entrando, no es que entr\u00f3 mucho al principio y ahora dej\u00f3 de entrar. <strong>Ahora sigue entrando langostino y hay recurso disponible\u201d, <\/strong>enfatiz\u00f3 al echar por tierra la idea de algunos sectores de ir cortando la zafra.<\/p>\n\n\n\n<figure class=\"wp-block-embed is-type-rich is-provider-gestor-del-servicio wp-block-embed-gestor-del-servicio\"><div class=\"wp-block-embed__wrapper\">\n<div style=\"width: 640px;\" class=\"wp-video\"><video class=\"wp-video-shortcode\" id=\"video-14669-1\" width=\"640\" height=\"360\" preload=\"metadata\" controls=\"controls\"><source type=\"video\/mp4\" src=\"https:\/\/partedepesca.com.ar\/d\/wp-content\/uploads\/2026\/02\/FAC-contra-el-paro.mp4?_=1\" \/><a href=\"https:\/\/partedepesca.com.ar\/d\/wp-content\/uploads\/2026\/02\/FAC-contra-el-paro.mp4\">https:\/\/partedepesca.com.ar\/d\/wp-content\/uploads\/2026\/02\/FAC-contra-el-paro.mp4<\/a><\/video><\/div>\n<\/div><\/figure>\n","protected":false},"excerpt":{"rendered":"<p>El presidente de Conarpesa, Fernando \u00c1lvarez Castellano, asegur\u00f3 que sus plantas de procesamiento de Rawson y Puerto Madryn est\u00e1n en plena operatividad por el muy buen nivel de capturas de langostino en aguas de Chubut y neg\u00f3 que hayan ca\u00eddo los rendimientos. Ante el paro anunciado por el SICONARA, Conarpesa pidi\u00f3 la conciliaci\u00f3n obligatoria, y<\/p>\n","protected":false},"author":3,"featured_media":14662,"comment_status":"open","ping_status":"open","sticky":false,"template":"","format":"standard","meta":{"om_disable_all_campaigns":false,"_monsterinsights_skip_tracking":false,"_monsterinsights_sitenote_active":false,"_monsterinsights_sitenote_note":"","_monsterinsights_sitenote_category":0,"footnotes":""},"categories":[9],"tags":[251,91,292,2639,152,764],"class_list":{"0":"post-14669","1":"post","2":"type-post","3":"status-publish","4":"format-standard","5":"has-post-thumbnail","7":"category-actualidad","8":"tag-conarpesa","9":"tag-featured","10":"tag-fernando-alvarez-castellano","11":"tag-gonzalez-y-comania","12":"tag-langostino","13":"tag-temporada-rawson"},"aioseo_notices":[],"amp_enabled":true,"_links":{"self":[{"href":"https:\/\/partedepesca.com.ar\/d\/wp-json\/wp\/v2\/posts\/14669","targetHints":{"allow":["GET"]}}],"collection":[{"href":"https:\/\/partedepesca.com.ar\/d\/wp-json\/wp\/v2\/posts"}],"about":[{"href":"https:\/\/partedepesca.com.ar\/d\/wp-json\/wp\/v2\/types\/post"}],"author":[{"embeddable":true,"href":"https:\/\/partedepesca.com.ar\/d\/wp-json\/wp\/v2\/users\/3"}],"replies":[{"embeddable":true,"href":"https:\/\/partedepesca.com.ar\/d\/wp-json\/wp\/v2\/comments?post=14669"}],"version-history":[{"count":4,"href":"https:\/\/partedepesca.com.ar\/d\/wp-json\/wp\/v2\/posts\/14669\/revisions"}],"predecessor-version":[{"id":14679,"href":"https:\/\/partedepesca.com.ar\/d\/wp-json\/wp\/v2\/posts\/14669\/revisions\/14679"}],"wp:featuredmedia":[{"embeddable":true,"href":"https:\/\/partedepesca.com.ar\/d\/wp-json\/wp\/v2\/media\/14662"}],"wp:attachment":[{"href":"https:\/\/partedepesca.com.ar\/d\/wp-json\/wp\/v2\/media?parent=14669"}],"wp:term":[{"taxonomy":"category","embeddable":true,"href":"https:\/\/partedepesca.com.ar\/d\/wp-json\/wp\/v2\/categories?post=14669"},{"taxonomy":"post_tag","embeddable":true,"href":"https:\/\/partedepesca.com.ar\/d\/wp-json\/wp\/v2\/tags?post=14669"}],"curies":[{"name":"wp","href":"https:\/\/api.w.org\/{rel}","templated":true}]}}