{"id":14559,"date":"2026-01-23T01:36:34","date_gmt":"2026-01-23T01:36:34","guid":{"rendered":"https:\/\/partedepesca.com.ar\/d\/?p=14559"},"modified":"2026-01-26T17:45:39","modified_gmt":"2026-01-26T17:45:39","slug":"el-parlamento-europeo-freno-el-acuerdo-con-el-mercosur","status":"publish","type":"post","link":"https:\/\/partedepesca.com.ar\/d\/el-parlamento-europeo-freno-el-acuerdo-con-el-mercosur\/","title":{"rendered":"El Parlamento Europeo fren\u00f3 el acuerdo con el Mercosur"},"content":{"rendered":"\n<p>A tan solo cuatro d\u00edas de haber sido firmado, en Paraguay, el acuerdo comercial entre la Uni\u00f3n Europea (UE) y el Mercosur surgi\u00f3 un escollo que deja en <em>stand by<\/em> por al menos un a\u00f1o a este esquema de libre comercio entre los dos bloques.<\/p>\n\n\n\n<p>El Parlamento Europeo decidi\u00f3 remitir el pacto comercial al Tribunal de Justicia de la Uni\u00f3n Europea para su revisi\u00f3n. De esta manera, el \u00e1rea de libre comercio abierta tras 26 a\u00f1os de idas y vueltas de negociaciones ser\u00e1 sometida a revisi\u00f3n para que se establezca su compatibilidad o no con los lineamientos de ambos bloques.<\/p>\n\n\n\n<p>El encargado de hacer esa revisi\u00f3n ser\u00e1 el Tribunal de Justicia de la Uni\u00f3n Europea (TJUE), con lo cual la tramitaci\u00f3n del texto firmado hace menos de una semana quedar\u00e1 paralizado de manera efectiva hasta que los jueces dictaminen.<\/p>\n\n\n\n<p>La decisi\u00f3n fue tomada por el Parlamento por 334 votos a favor, 324 en contra y 11 abstenciones. En el debate fue planteada una moci\u00f3n que cuestiona si el acuerdo con el Mercosur respeta los tratados de la UE.<\/p>\n\n\n\n<p>Lo cierto es que sobre la mesa del Parlamento fue puesta en debate la validez legal del mecanismo de reequilibrio que incluye el pacto, que varios diputados temen que pueda afectar a la autonom\u00eda regulatoria de la UE. Tambi\u00e9n quedar\u00e1 bajo la lupa la base legal elegida para su aprobaci\u00f3n, que permite que los cap\u00edtulos del acuerdo centrados en comercio puedan ratificarse sin el consentimiento de los parlamentos nacionales. Seg\u00fan el TJUE, este tipo de opiniones tardan entre 18 y 24 meses en ser pronunciadas.<\/p>\n\n\n\n<p class=\"has-vivid-cyan-blue-color has-text-color has-link-color wp-elements-10a5d42210d397b070ab860647461114\"><strong>MENOS ARANCELES PARA LA PESCA<\/strong><\/p>\n\n\n\n<p>Para el sector pesquero argentino, este acuerdo de libre comercio con la Uni\u00f3n Europea supon\u00eda la eliminaci\u00f3n de aranceles para la exportaci\u00f3n e ingreso a pa\u00edses europeos de merluza, vieiras y calamar, al tiempo que se preve\u00eda una reducci\u00f3n progresiva hasta llegar a 0% para la especie langostino, en un plazo a contar desde la entrada en vigor del acuerdo. <\/p>\n\n\n\n<p>El arco vuelve a correrse y por lo pronto, las empresas pesqueras argentinas deber\u00e1n, por un lado, seguir pagando para exportar (retenciones) y continuar\u00e1n teniendo que afrontar aranceles para el ingreso de las mercader\u00edas a Europa.<\/p>\n\n\n\n<p class=\"has-vivid-cyan-blue-color has-text-color has-link-color wp-elements-a1b86c55b7100bbc6f0792c712b2d4bf\"><strong>APLICACI\u00d3N PROVISORIA<\/strong><\/p>\n\n\n\n<p>El presidente del Consejo Europeo, Ant\u00f3nio Costa, inst\u00f3 este viernes a Bruselas a avanzar con la aplicaci\u00f3n provisional del acuerdo de asociaci\u00f3n entre la Uni\u00f3n Europea y Mercosur.<br>Este acuerdo recibi\u00f3 el respaldo de los pa\u00edses del bloque la semana pasada, aunque el mi\u00e9rcoles la Euroc\u00e1mara decidi\u00f3 llevarlo ante la Justicia europea para que eval\u00fae su legalidad.<\/p>\n\n\n\n<p>La presidenta de la Comisi\u00f3n Europea, Ursula von der Leyen, se\u00f1al\u00f3 que Bruselas estar\u00e1 lista para avanzar en ese sentido cuando los pa\u00edses de Mercosur finalicen sus propios procedimientos.<\/p>\n","protected":false},"excerpt":{"rendered":"<p>A tan solo cuatro d\u00edas de haber sido firmado, en Paraguay, el acuerdo comercial entre la Uni\u00f3n Europea (UE) y el Mercosur surgi\u00f3 un escollo que deja en stand by por al menos un a\u00f1o a este esquema de libre comercio entre los dos bloques. El Parlamento Europeo decidi\u00f3 remitir el pacto comercial al Tribunal<\/p>\n","protected":false},"author":4,"featured_media":14560,"comment_status":"open","ping_status":"open","sticky":false,"template":"","format":"standard","meta":{"om_disable_all_campaigns":false,"_monsterinsights_skip_tracking":false,"_monsterinsights_sitenote_active":false,"_monsterinsights_sitenote_note":"","_monsterinsights_sitenote_category":0,"footnotes":""},"categories":[9],"tags":[2251,91,2589,2608,4,1781,2590],"class_list":{"0":"post-14559","1":"post","2":"type-post","3":"status-publish","4":"format-standard","5":"has-post-thumbnail","7":"category-actualidad","8":"tag-exportacion","9":"tag-featured","10":"tag-mercosur","11":"tag-parlamento-europeo","12":"tag-pesca","13":"tag-pesquero","14":"tag-union-europea"},"aioseo_notices":[],"amp_enabled":true,"_links":{"self":[{"href":"https:\/\/partedepesca.com.ar\/d\/wp-json\/wp\/v2\/posts\/14559","targetHints":{"allow":["GET"]}}],"collection":[{"href":"https:\/\/partedepesca.com.ar\/d\/wp-json\/wp\/v2\/posts"}],"about":[{"href":"https:\/\/partedepesca.com.ar\/d\/wp-json\/wp\/v2\/types\/post"}],"author":[{"embeddable":true,"href":"https:\/\/partedepesca.com.ar\/d\/wp-json\/wp\/v2\/users\/4"}],"replies":[{"embeddable":true,"href":"https:\/\/partedepesca.com.ar\/d\/wp-json\/wp\/v2\/comments?post=14559"}],"version-history":[{"count":2,"href":"https:\/\/partedepesca.com.ar\/d\/wp-json\/wp\/v2\/posts\/14559\/revisions"}],"predecessor-version":[{"id":14567,"href":"https:\/\/partedepesca.com.ar\/d\/wp-json\/wp\/v2\/posts\/14559\/revisions\/14567"}],"wp:featuredmedia":[{"embeddable":true,"href":"https:\/\/partedepesca.com.ar\/d\/wp-json\/wp\/v2\/media\/14560"}],"wp:attachment":[{"href":"https:\/\/partedepesca.com.ar\/d\/wp-json\/wp\/v2\/media?parent=14559"}],"wp:term":[{"taxonomy":"category","embeddable":true,"href":"https:\/\/partedepesca.com.ar\/d\/wp-json\/wp\/v2\/categories?post=14559"},{"taxonomy":"post_tag","embeddable":true,"href":"https:\/\/partedepesca.com.ar\/d\/wp-json\/wp\/v2\/tags?post=14559"}],"curies":[{"name":"wp","href":"https:\/\/api.w.org\/{rel}","templated":true}]}}