{"id":14475,"date":"2026-01-17T00:50:47","date_gmt":"2026-01-17T00:50:47","guid":{"rendered":"https:\/\/partedepesca.com.ar\/d\/?p=14475"},"modified":"2026-01-20T05:08:10","modified_gmt":"2026-01-20T05:08:10","slug":"como-impactara-en-la-pesca-argentina-el-acuerdo-mercosur-y-la-ue","status":"publish","type":"post","link":"https:\/\/partedepesca.com.ar\/d\/como-impactara-en-la-pesca-argentina-el-acuerdo-mercosur-y-la-ue\/","title":{"rendered":"C\u00f3mo impactar\u00e1 en la pesca argentina el acuerdo Mercosur y la Uni\u00f3n Europea"},"content":{"rendered":"\n<p>En un hecho hist\u00f3rico este s\u00e1bado 17 de enero de 2026 se firma en Asunci\u00f3n, Paraguay, el acuerdo de libre comercio entre el Mercosur y la Uni\u00f3n Europea, tras d\u00e9cadas de intensas negociaciones.<\/p>\n\n\n\n<p><strong>El octavo complejo exportador de Argentina es la industria pesquera y los pa\u00edses de la Uni\u00f3n Europea est\u00e1n en el ranking de las principales destinaciones de las comercializaciones al exterior<\/strong>, de all\u00ed la importancia que cobra este estrat\u00e9gico acuerdo comercial.<\/p>\n\n\n\n<p>El presidente Javier Milei viajar\u00e1 este s\u00e1bado a Asunci\u00f3n, Paraguay, para participar de la firma del acuerdo de libre comercio entre el Mercosur y la Uni\u00f3n Europea, en una ceremonia que coincidir\u00e1 con la asunci\u00f3n de Paraguay en la presidencia pro t\u00e9mpore del bloque regional.<\/p>\n\n\n\n<p class=\"has-vivid-cyan-blue-color has-text-color has-link-color wp-elements-37a40fb36ec9b074b19dbd6a6ab52861\"><strong>ZONA DE LIBRE COMERCIO<\/strong><\/p>\n\n\n\n<p>El pasado viernes 9 de enero, una mayor\u00eda calificada de los Estados miembros de la UE ha aprobado el acuerdo comercial con el Mercosur. De esta manera, ambos bloques sellar\u00e1n el Acuerdo permitiendo conformar una nueva zona de libre comercio que incluir\u00e1 a m\u00e1s de 700 millones de habitantes y ser\u00eda la m\u00e1s grande del mundo.<\/p>\n\n\n\n<p><strong>El consenso al interior de la UE fue posible gracias a las negociaciones con el sector agr\u00edcola<\/strong>, que considera una amenaza la competencia con los pa\u00edses del Mercosur para la agricultura europea.<\/p>\n\n\n\n<p><strong>Italia condicion\u00f3 su voto a la aprobaci\u00f3n de apoyos para sus agricultores. Su voto fue crucial porque Francia, Polonia, Austria, Irlanda y Hungr\u00eda expresaron su oposici\u00f3n, mientras que B\u00e9lgica se abstuvo<\/strong>.<\/p>\n\n\n\n<p>Tambi\u00e9n se aprobaron las salvaguardias adicionales para el mercado agr\u00edcola, que entrar\u00edan en vigor si se produjera un aumento excesivo de las importaciones procedentes de Brasil, Argentina, Paraguay y Uruguay, en particular para los productos bajo cuotas.<\/p>\n\n\n\n<p class=\"has-vivid-cyan-blue-color has-text-color has-link-color wp-elements-77116302dd8d1e2896af280b8a619ada\"><strong>\u00bfQUE INCLUYE EL ACUERDO?<\/strong><\/p>\n\n\n\n<p>Preferencias arancelarias otorgadas por ambas partes y las cuotas para determinados productos. Los textos de las diferentes disciplinas que conforman el Acuerdo, esto es: los Cap\u00edtulos de Bienes, disposiciones en materia de Derechos a las Exportaciones, facilitaci\u00f3n del Comercio, Medidas Sanitarias y Fitosanitarias, Propiedad Intelectual, Defensa Comercial, Soluci\u00f3n de Diferencias, etc.<\/p>\n\n\n\n<p><strong>Una vez firmado, ambos bloques deber\u00e1n ratificar el Acuerdo<\/strong>. En el caso de la UE, se realizar\u00e1 a trav\u00e9s del Parlamento Europeo y en el caso del Mercosur, a trav\u00e9s de los parlamentos de cada Estado Parte. <strong>El Acuerdo entrar\u00e1 en vigor de forma bilateral para la UE y para cada<\/strong> <strong>Estado Parte del Mercosur que lo haya ratificado<\/strong>.<\/p>\n\n\n\n<p class=\"has-vivid-cyan-blue-color has-text-color has-link-color wp-elements-949cb1ebac7f5f508ee298eb16a6d7d3\"><strong>DESGRAVACI\u00d3N ARANCELARIA<\/strong><\/p>\n\n\n\n<p>En el caso particular de la industria pesquera argentina tendr\u00e1 beneficios inmediatos desde el momento de la entrada en vigor, ya que se prev\u00e9 la <strong>desgravaci\u00f3n de aranceles a 0% para productos y derivados de tres especies: merluza, vieira y calamar<\/strong>. En tanto, para el caso de las exportaciones de <strong>langostino, la desgravaci\u00f3n ser\u00e1 progresiva durante cuatro a\u00f1os<\/strong> desde el momento de la entrada en vigor bilateral del acuerdo.<\/p>\n\n\n\n<p>Cabe recordar que, en la actualidad, los exportadores argentinos deben abonar 15% de arancel para ingresar merluza a Europa, al tiempo que para el caso de la vieira es de 8% y el arancel actual en la UE para el calamar illex se ubica entre el 6% y 8%, dependiendo el producto.<\/p>\n\n\n\n<p>Y, la mayor carga arancelaria europea la tiene el langostino que debe tributar entre 12% y 20% para ingresar a pa\u00edses de la UE; en este caso, la desgravaci\u00f3n se prev\u00e9 que sea progresiva a lo largo de cuatro a\u00f1os desde que se ponga en vigencia el acuerdo.<\/p>\n\n\n\n<figure class=\"wp-block-image size-large\"><a href=\"https:\/\/partedepesca.com.ar\/d\/wp-content\/uploads\/2026\/01\/desgravacion-de-aranceles-para-productos-pesqueros.jpg\"><img fetchpriority=\"high\" decoding=\"async\" width=\"1024\" height=\"899\" src=\"https:\/\/partedepesca.com.ar\/d\/wp-content\/uploads\/2026\/01\/desgravacion-de-aranceles-para-productos-pesqueros-1024x899.jpg\" alt=\"\" class=\"wp-image-14476\" srcset=\"https:\/\/partedepesca.com.ar\/d\/wp-content\/uploads\/2026\/01\/desgravacion-de-aranceles-para-productos-pesqueros-1024x899.jpg 1024w, https:\/\/partedepesca.com.ar\/d\/wp-content\/uploads\/2026\/01\/desgravacion-de-aranceles-para-productos-pesqueros-300x263.jpg 300w, https:\/\/partedepesca.com.ar\/d\/wp-content\/uploads\/2026\/01\/desgravacion-de-aranceles-para-productos-pesqueros-768x674.jpg 768w, https:\/\/partedepesca.com.ar\/d\/wp-content\/uploads\/2026\/01\/desgravacion-de-aranceles-para-productos-pesqueros-1536x1348.jpg 1536w, https:\/\/partedepesca.com.ar\/d\/wp-content\/uploads\/2026\/01\/desgravacion-de-aranceles-para-productos-pesqueros-150x132.jpg 150w, https:\/\/partedepesca.com.ar\/d\/wp-content\/uploads\/2026\/01\/desgravacion-de-aranceles-para-productos-pesqueros-450x395.jpg 450w, https:\/\/partedepesca.com.ar\/d\/wp-content\/uploads\/2026\/01\/desgravacion-de-aranceles-para-productos-pesqueros-1200x1053.jpg 1200w, https:\/\/partedepesca.com.ar\/d\/wp-content\/uploads\/2026\/01\/desgravacion-de-aranceles-para-productos-pesqueros.jpg 1551w\" sizes=\"(max-width: 1024px) 100vw, 1024px\" \/><\/a><\/figure>\n\n\n\n<p class=\"has-vivid-cyan-blue-color has-text-color has-link-color wp-elements-0c49f8452278da59a3e28f6bc7a3011f\"><strong>PRAGMATISMO LIBERTARIO<\/strong><\/p>\n\n\n\n<p>El gobierno de Javier Milei ha mostrado contradicciones evidentes entre el relato de su pol\u00edtica exterior, donde por un carril circula el <strong>\u2018pragmatismo comercial\u2019 versus \u2018alineamiento geopol\u00edtico\u2019<\/strong>, haciendo esmeros para diferenciarse.<\/p>\n\n\n\n<p>En la apertura de sesiones del Congreso, en marzo de 2025, el mandatario argentino anticip\u00f3 que estaba <strong>dispuesto a&nbsp;abandonar el Mercosur para concretar la firma de un acuerdo de libre comercio con los Estados Unidos.<\/strong><\/p>\n\n\n\n<p>El jefe de Estado dec\u00eda, en aquel entonces, que buscaba empujar un tratado comercial exclusivo con los Estados Unidos, algo que est\u00e1 vedado bajo las condiciones del bloque aduanero regional, que requieren consenso dentro de los pa\u00edses integrantes.<\/p>\n\n\n\n<p>Por otro lado, Milei confirm\u00f3 en una entrevista con el periodista Andr\u00e9s Oppenheimer que se <strong>est\u00e1 organizando un viaje oficial a China durante 2026<\/strong>, marcando un giro pragm\u00e1tico en su postura hacia el gigante asi\u00e1tico tras meses de ret\u00f3rica confrontativa durante la campa\u00f1a electoral y los primeros meses de gesti\u00f3n.<\/p>\n\n\n\n<p><strong>\u201cNo importa lo que comente Trump sobre desalentar la relaci\u00f3n con China, se trata de lo geopol\u00edtico, no de lo comercial\u201d<\/strong>, afirm\u00f3 Milei, estableciendo l\u00edmites pragm\u00e1ticos a su estrecha alineaci\u00f3n pol\u00edtica con Estados Unidos.<\/p>\n\n\n\n<p>Un dato relevante en materia pesquera es que en 2025, (con el \u00faltimo dato oficial del Ministerio de Econom\u00eda desde el 1\/1\/2025 al 30\/11\/2025) <strong>el principal destino de los productos pesqueros argentinos fue China<\/strong> con 142.924 toneladas lo que represent\u00f3 458 millones de d\u00f3lares, <strong>le siguieron Espa\u00f1a e Italia<\/strong>, y por primera vez en muchos a\u00f1os, <strong>Estados Unidos cay\u00f3 del podio al cuarto lugar<\/strong>.<\/p>\n\n\n\n<p>Comparativamente en 2024, los principales tres destinos en cuanto a volumen y generaci\u00f3n de divisas fueron: Espa\u00f1a, China y Estados Unidos; y de igual manera esos tres pa\u00edses fueron los principales destinos de las exportaciones pesqueras argentinas en 2023 y 2022. Este acuerdo de libre comercio entre el Mercosur y la Uni\u00f3n Europea, con desgravaciones arancelarias, permitir\u00eda incrementar los vol\u00famenes actuales de pescados, mariscos y cefal\u00f3podos, que se env\u00edan desde Argentina, a pa\u00edses europeos.<\/p>\n","protected":false},"excerpt":{"rendered":"<p>En un hecho hist\u00f3rico este s\u00e1bado 17 de enero de 2026 se firma en Asunci\u00f3n, Paraguay, el acuerdo de libre comercio entre el Mercosur y la Uni\u00f3n Europea, tras d\u00e9cadas de intensas negociaciones. El octavo complejo exportador de Argentina es la industria pesquera y los pa\u00edses de la Uni\u00f3n Europea est\u00e1n en el ranking de<\/p>\n","protected":false},"author":3,"featured_media":14477,"comment_status":"open","ping_status":"open","sticky":false,"template":"","format":"standard","meta":{"om_disable_all_campaigns":false,"_monsterinsights_skip_tracking":false,"_monsterinsights_sitenote_active":false,"_monsterinsights_sitenote_note":"","_monsterinsights_sitenote_category":0,"footnotes":""},"categories":[6],"tags":[726,1640,900,91,152,2589,116,2590,897],"class_list":{"0":"post-14475","1":"post","2":"type-post","3":"status-publish","4":"format-standard","5":"has-post-thumbnail","7":"category-comercio-exterior","8":"tag-calamar","9":"tag-comex","10":"tag-exportaciones","11":"tag-featured","12":"tag-langostino","13":"tag-mercosur","14":"tag-merluza","15":"tag-union-europea","16":"tag-vieira"},"aioseo_notices":[],"amp_enabled":true,"_links":{"self":[{"href":"https:\/\/partedepesca.com.ar\/d\/wp-json\/wp\/v2\/posts\/14475","targetHints":{"allow":["GET"]}}],"collection":[{"href":"https:\/\/partedepesca.com.ar\/d\/wp-json\/wp\/v2\/posts"}],"about":[{"href":"https:\/\/partedepesca.com.ar\/d\/wp-json\/wp\/v2\/types\/post"}],"author":[{"embeddable":true,"href":"https:\/\/partedepesca.com.ar\/d\/wp-json\/wp\/v2\/users\/3"}],"replies":[{"embeddable":true,"href":"https:\/\/partedepesca.com.ar\/d\/wp-json\/wp\/v2\/comments?post=14475"}],"version-history":[{"count":3,"href":"https:\/\/partedepesca.com.ar\/d\/wp-json\/wp\/v2\/posts\/14475\/revisions"}],"predecessor-version":[{"id":14480,"href":"https:\/\/partedepesca.com.ar\/d\/wp-json\/wp\/v2\/posts\/14475\/revisions\/14480"}],"wp:featuredmedia":[{"embeddable":true,"href":"https:\/\/partedepesca.com.ar\/d\/wp-json\/wp\/v2\/media\/14477"}],"wp:attachment":[{"href":"https:\/\/partedepesca.com.ar\/d\/wp-json\/wp\/v2\/media?parent=14475"}],"wp:term":[{"taxonomy":"category","embeddable":true,"href":"https:\/\/partedepesca.com.ar\/d\/wp-json\/wp\/v2\/categories?post=14475"},{"taxonomy":"post_tag","embeddable":true,"href":"https:\/\/partedepesca.com.ar\/d\/wp-json\/wp\/v2\/tags?post=14475"}],"curies":[{"name":"wp","href":"https:\/\/api.w.org\/{rel}","templated":true}]}}