{"id":14428,"date":"2025-12-23T19:59:28","date_gmt":"2025-12-23T19:59:28","guid":{"rendered":"https:\/\/partedepesca.com.ar\/d\/?p=14428"},"modified":"2026-01-12T23:39:25","modified_gmt":"2026-01-12T23:39:25","slug":"el-sector-pesquero-brega-por-un-2026-con-agenda-de-competitividad-y-dialogo","status":"publish","type":"post","link":"https:\/\/partedepesca.com.ar\/d\/el-sector-pesquero-brega-por-un-2026-con-agenda-de-competitividad-y-dialogo\/","title":{"rendered":"El sector pesquero brega por un 2026 con agenda de competitividad y di\u00e1logo"},"content":{"rendered":"\n<p>El presidente de la C\u00e1mara Argentina Patag\u00f3nica de Industrias Pesqueras (CAPIP), Agust\u00edn de la Fuente, traz\u00f3 un balance de lo que dej\u00f3 este a\u00f1o que se cierra, donde el sector debi\u00f3 enfrentar complejos desaf\u00edos y la actividad mantiene una agenda firme para el a\u00f1o entrante en pos de seguir en la b\u00fasqueda de aportarle competitividad y previsibilidad.<\/p>\n\n\n\n<p>\u201cHa sido este un a\u00f1o complicado, creo que con muchos desaf\u00edos o por lo menos con una agenda que nos mantuvo muy inquietos, con mucho trabajo, pero tambi\u00e9n con una expectativa de que cuando uno trata de cambiar las cosas es para generar m\u00e1s trabajo, para ser m\u00e1s previsibles y tambi\u00e9n para vivir un poco m\u00e1s en paz. Necesitamos dedicarnos a trabajar, optimizar y seguir vendiendo al mundo\u201d, consider\u00f3 el titular de CAPIP al evaluar los objetivos que tiene la industria.<\/p>\n\n\n\n<p class=\"has-vivid-cyan-blue-color has-text-color has-link-color wp-elements-4e79e4198ece8eb0dc71d5ee27572909\"><strong>PRIORIZAR EL DI\u00c1LOGO<\/strong><\/p>\n\n\n\n<p>La discusi\u00f3n salarial de la flota congeladora tangonera marc\u00f3 gran parte de la agenda de 2025, con m\u00e1s de un centenar de barcos sin salir a pescar durante tres meses porque no se comprend\u00eda desde determinados sectores sindicales que deb\u00eda pautarse una readecuaci\u00f3n en funci\u00f3n del contexto internacional de los mercados y de las estructuras de costos de producci\u00f3n.<\/p>\n\n\n\n<figure class=\"wp-block-image size-large\"><a href=\"https:\/\/partedepesca.com.ar\/d\/wp-content\/uploads\/2025\/12\/IMG_3645-scaled.jpg\"><img fetchpriority=\"high\" decoding=\"async\" width=\"1024\" height=\"683\" src=\"https:\/\/partedepesca.com.ar\/d\/wp-content\/uploads\/2025\/12\/IMG_3645-1024x683.jpg\" alt=\"\" class=\"wp-image-14429\" srcset=\"https:\/\/partedepesca.com.ar\/d\/wp-content\/uploads\/2025\/12\/IMG_3645-1024x683.jpg 1024w, https:\/\/partedepesca.com.ar\/d\/wp-content\/uploads\/2025\/12\/IMG_3645-300x200.jpg 300w, https:\/\/partedepesca.com.ar\/d\/wp-content\/uploads\/2025\/12\/IMG_3645-768x512.jpg 768w, https:\/\/partedepesca.com.ar\/d\/wp-content\/uploads\/2025\/12\/IMG_3645-1536x1024.jpg 1536w, https:\/\/partedepesca.com.ar\/d\/wp-content\/uploads\/2025\/12\/IMG_3645-2048x1365.jpg 2048w, https:\/\/partedepesca.com.ar\/d\/wp-content\/uploads\/2025\/12\/IMG_3645-150x100.jpg 150w, https:\/\/partedepesca.com.ar\/d\/wp-content\/uploads\/2025\/12\/IMG_3645-450x300.jpg 450w, https:\/\/partedepesca.com.ar\/d\/wp-content\/uploads\/2025\/12\/IMG_3645-1200x800.jpg 1200w\" sizes=\"(max-width: 1024px) 100vw, 1024px\" \/><\/a><\/figure>\n\n\n\n<p>Consultado De la Fuente sobre c\u00f3mo encarar\u00e1n esta situaci\u00f3n a partir de enero pr\u00f3ximo, que es cuando debieran retomarse las negociaciones, dijo que \u201cel escenario no ha cambiado de la situaci\u00f3n cr\u00edtica, en general, de toda la cadena. Si vemos las condiciones de convenios colectivos siguen siendo las mismas, no se han modificado\u201d, puntualiz\u00f3.<\/p>\n\n\n\n<p>En tanto, advirti\u00f3 que en base a lo ocurrido en este 2025, \u201ccreo que todos hemos aprendido que hay un escenario para para dialogar y el compromiso de las partes est\u00e1 en eso, en focalizarse en tratar que sea una mejora continua en ese di\u00e1logo\u201d, puso de relieve como base para toda negociaci\u00f3n.<\/p>\n\n\n\n<p class=\"has-vivid-cyan-blue-color has-text-color has-link-color wp-elements-6f72dadd6cd94e905d9777e6cf041067\"><strong>CALADERO SANO Y CAPACIDAD INSTALADA<\/strong><\/p>\n\n\n\n<p>Asimismo, sostiene que debe haber una comprensi\u00f3n y entendimiento del contexto general que tiene hoy la industria pesquera. \u201cNadie nos va a venir a solucionar los problemas que son nuestros y creo que tenemos todo para producir\u201d, afirm\u00f3 con una mirada optimista.<\/p>\n\n\n\n<p>En este marco reivindic\u00f3 que \u201ctenemos un caladero sano, tenemos la capacidad instalada de las empresas, con una inversi\u00f3n enorme, y tenemos un mont\u00f3n de compromisos en el mundo que tenemos que cumplir\u201d, indic\u00f3 el presidente de CAPIP.<\/p>\n\n\n\n<p class=\"has-vivid-cyan-blue-color has-text-color has-link-color wp-elements-97318d6093dcab9e6f0070d5dfda317b\"><strong>NECESIDAD DE ALIVIO FISCAL<\/strong><\/p>\n\n\n\n<p>Por otro lado, la pesca argentina en general contin\u00faa teniendo una pesada carga fiscal, y no se ha logrado persuadir a los sucesivos gobiernos sobre la necesidad imperiosa que tiene la actividad, como octavo complejo exportador de Argentina, de avanzar en la quita de las retenciones.<\/p>\n\n\n\n<p>\u201cCAPIP y todo el sector productivo de la pesca vamos a continuar reclamando la eliminaci\u00f3n de los derechos de exportaci\u00f3n, tal como ya se ha hecho a otras econom\u00edas regionales. Vamos a seguir explicando que nosotros pagamos para exportar y generar divisas, lo cual es es totalmente distorsivo\u201d, enfatiz\u00f3 Agust\u00edn de la Fuente.<\/p>\n\n\n\n<p>\u201cIremos a golpear la puerta de la C\u00e1mara de Diputados y el Senado tantas veces como sea necesario, pero tambi\u00e9n tenemos que imponernos como una matriz productiva tan importante. Vamos a continuar mostrando el enorme peso fiscal que tiene la actividad pesquera, por eso insistiremos con la quita de retenciones, pero tambi\u00e9n es necesario hablar y discutir determinadas tasas provinciales y municipales, tenemos que hablar de ingresos brutos, y todo eso que provoca no seamos competitivos\u201d, plante\u00f3 como uno de los desaf\u00edos sobre los que se debe seguir trabajando.<\/p>\n\n\n\n<p>\u201cTienen que levantar el pie fiscal pero tambi\u00e9n tienen que dar un gesto a la sociedad. Somos socios en alg\u00fan sentido con el Estado porque les generamos divisas para sus arcas, pero necesitamos que nos saquen el pie de la cabeza\u201d, resumi\u00f3.<\/p>\n\n\n\n<p><\/p>\n","protected":false},"excerpt":{"rendered":"<p>El presidente de la C\u00e1mara Argentina Patag\u00f3nica de Industrias Pesqueras (CAPIP), Agust\u00edn de la Fuente, traz\u00f3 un balance de lo que dej\u00f3 este a\u00f1o que se cierra, donde el sector debi\u00f3 enfrentar complejos desaf\u00edos y la actividad mantiene una agenda firme para el a\u00f1o entrante en pos de seguir en la b\u00fasqueda de aportarle competitividad<\/p>\n","protected":false},"author":4,"featured_media":14430,"comment_status":"open","ping_status":"open","sticky":false,"template":"","format":"standard","meta":{"om_disable_all_campaigns":false,"_monsterinsights_skip_tracking":false,"_monsterinsights_sitenote_active":false,"_monsterinsights_sitenote_note":"","_monsterinsights_sitenote_category":0,"footnotes":""},"categories":[9],"tags":[91,172,1956],"class_list":{"0":"post-14428","1":"post","2":"type-post","3":"status-publish","4":"format-standard","5":"has-post-thumbnail","7":"category-actualidad","8":"tag-featured","9":"tag-industria-pesquera","10":"tag-sector-pesquero"},"aioseo_notices":[],"amp_enabled":true,"_links":{"self":[{"href":"https:\/\/partedepesca.com.ar\/d\/wp-json\/wp\/v2\/posts\/14428","targetHints":{"allow":["GET"]}}],"collection":[{"href":"https:\/\/partedepesca.com.ar\/d\/wp-json\/wp\/v2\/posts"}],"about":[{"href":"https:\/\/partedepesca.com.ar\/d\/wp-json\/wp\/v2\/types\/post"}],"author":[{"embeddable":true,"href":"https:\/\/partedepesca.com.ar\/d\/wp-json\/wp\/v2\/users\/4"}],"replies":[{"embeddable":true,"href":"https:\/\/partedepesca.com.ar\/d\/wp-json\/wp\/v2\/comments?post=14428"}],"version-history":[{"count":2,"href":"https:\/\/partedepesca.com.ar\/d\/wp-json\/wp\/v2\/posts\/14428\/revisions"}],"predecessor-version":[{"id":14432,"href":"https:\/\/partedepesca.com.ar\/d\/wp-json\/wp\/v2\/posts\/14428\/revisions\/14432"}],"wp:featuredmedia":[{"embeddable":true,"href":"https:\/\/partedepesca.com.ar\/d\/wp-json\/wp\/v2\/media\/14430"}],"wp:attachment":[{"href":"https:\/\/partedepesca.com.ar\/d\/wp-json\/wp\/v2\/media?parent=14428"}],"wp:term":[{"taxonomy":"category","embeddable":true,"href":"https:\/\/partedepesca.com.ar\/d\/wp-json\/wp\/v2\/categories?post=14428"},{"taxonomy":"post_tag","embeddable":true,"href":"https:\/\/partedepesca.com.ar\/d\/wp-json\/wp\/v2\/tags?post=14428"}],"curies":[{"name":"wp","href":"https:\/\/api.w.org\/{rel}","templated":true}]}}