{"id":14403,"date":"2025-12-22T19:07:00","date_gmt":"2025-12-22T19:07:00","guid":{"rendered":"https:\/\/partedepesca.com.ar\/d\/?p=14403"},"modified":"2025-12-23T01:10:41","modified_gmt":"2025-12-23T01:10:41","slug":"crisis-en-el-centro-de-patrones-de-pesca","status":"publish","type":"post","link":"https:\/\/partedepesca.com.ar\/d\/crisis-en-el-centro-de-patrones-de-pesca\/","title":{"rendered":"\u00bfCrisis en el Centro de Patrones de Pesca?"},"content":{"rendered":"\n<p>Desde el cierre de la semana pasada diferentes fuentes han dado cuenta de determinadas fricciones internas en el Centro de Patrones y Oficiales Fluviales, de Pesca y de Cabotaje Mar\u00edtimo.<\/p>\n\n\n\n<p>El sindicato que conduce Mariano Moreno tuvo elecciones hace un mes atr\u00e1s y en lista \u00fanica fue reelecto por otro periodo frente a la entidad que nuclea a patrones del mar y del r\u00edo.<\/p>\n\n\n\n<p>Seg\u00fan trascendi\u00f3 en la \u00faltima reuni\u00f3n de delegados hubo renuncias correspondientes a la delegaci\u00f3n de la cuidad de Mar del Plata a partir de diferencias con la conducci\u00f3n; aunque habr\u00eda ingentes esfuerzos de la c\u00fapula sindical para persuadir a los renunciantes y que contin\u00faen en sus cargos.<\/p>\n\n\n\n<p>La di\u00e1spora en las entra\u00f1as del Centro del Patrones tambi\u00e9n alcanzar\u00eda a dirigentes delegados en los puertos de Bah\u00eda Blanca y Necochea. Las divergencias con la conducci\u00f3n central tendr\u00edan diferente origen, pero uno de los temas sensibles tendr\u00eda con el manejo de la obra social.<\/p>\n\n\n\n<p>Sabido es que las obras sociales sindicales atraviesan una fuerte crisis, agravada por las decisiones pol\u00edticas del actual gobierno nacional, que las mantiene al borde la asfixia, y en el caso de OSPatrones acumular\u00eda una deuda millonaria con OSDE.<\/p>\n\n\n\n<p>Tambi\u00e9n diferentes afiliados al Centro de Patrones sostienen que temen por el posible cierre de oficinas en algunas ciudades del norte del pa\u00eds. Con todo, el sindicato llev\u00f3 a cabo elecciones internas apenas un mes atr\u00e1s, pero al parecer las diferencias internas entre sectores no se aplacan.<\/p>\n\n\n\n<p><\/p>\n","protected":false},"excerpt":{"rendered":"<p>Desde el cierre de la semana pasada diferentes fuentes han dado cuenta de determinadas fricciones internas en el Centro de Patrones y Oficiales Fluviales, de Pesca y de Cabotaje Mar\u00edtimo. El sindicato que conduce Mariano Moreno tuvo elecciones hace un mes atr\u00e1s y en lista \u00fanica fue reelecto por otro periodo frente a la entidad<\/p>\n","protected":false},"author":4,"featured_media":14409,"comment_status":"open","ping_status":"open","sticky":false,"template":"","format":"standard","meta":{"om_disable_all_campaigns":false,"_monsterinsights_skip_tracking":false,"_monsterinsights_sitenote_active":false,"_monsterinsights_sitenote_note":"","_monsterinsights_sitenote_category":0,"footnotes":""},"categories":[9],"tags":[203,91],"class_list":{"0":"post-14403","1":"post","2":"type-post","3":"status-publish","4":"format-standard","5":"has-post-thumbnail","7":"category-actualidad","8":"tag-centro-de-patrones","9":"tag-featured"},"aioseo_notices":[],"amp_enabled":true,"_links":{"self":[{"href":"https:\/\/partedepesca.com.ar\/d\/wp-json\/wp\/v2\/posts\/14403","targetHints":{"allow":["GET"]}}],"collection":[{"href":"https:\/\/partedepesca.com.ar\/d\/wp-json\/wp\/v2\/posts"}],"about":[{"href":"https:\/\/partedepesca.com.ar\/d\/wp-json\/wp\/v2\/types\/post"}],"author":[{"embeddable":true,"href":"https:\/\/partedepesca.com.ar\/d\/wp-json\/wp\/v2\/users\/4"}],"replies":[{"embeddable":true,"href":"https:\/\/partedepesca.com.ar\/d\/wp-json\/wp\/v2\/comments?post=14403"}],"version-history":[{"count":1,"href":"https:\/\/partedepesca.com.ar\/d\/wp-json\/wp\/v2\/posts\/14403\/revisions"}],"predecessor-version":[{"id":14405,"href":"https:\/\/partedepesca.com.ar\/d\/wp-json\/wp\/v2\/posts\/14403\/revisions\/14405"}],"wp:featuredmedia":[{"embeddable":true,"href":"https:\/\/partedepesca.com.ar\/d\/wp-json\/wp\/v2\/media\/14409"}],"wp:attachment":[{"href":"https:\/\/partedepesca.com.ar\/d\/wp-json\/wp\/v2\/media?parent=14403"}],"wp:term":[{"taxonomy":"category","embeddable":true,"href":"https:\/\/partedepesca.com.ar\/d\/wp-json\/wp\/v2\/categories?post=14403"},{"taxonomy":"post_tag","embeddable":true,"href":"https:\/\/partedepesca.com.ar\/d\/wp-json\/wp\/v2\/tags?post=14403"}],"curies":[{"name":"wp","href":"https:\/\/api.w.org\/{rel}","templated":true}]}}