{"id":14178,"date":"2025-12-03T10:56:46","date_gmt":"2025-12-03T10:56:46","guid":{"rendered":"https:\/\/partedepesca.com.ar\/d\/?p=14178"},"modified":"2025-12-05T19:53:44","modified_gmt":"2025-12-05T19:53:44","slug":"el-langostino-argentino-mantiene-biomasa-estable-y-abre-debate-por-la-cuotificacion","status":"publish","type":"post","link":"https:\/\/partedepesca.com.ar\/d\/el-langostino-argentino-mantiene-biomasa-estable-y-abre-debate-por-la-cuotificacion\/","title":{"rendered":"El langostino argentino mantiene biomasa estable y abre debate por la cuotificaci\u00f3n"},"content":{"rendered":"\n<p>La Comisi\u00f3n de An\u00e1lisis y Seguimiento de la Pesquer\u00eda de Langostino (Pleoticus muelleri) se reuni\u00f3 el pasado viernes en la Subsecretar\u00eda de Recursos Acu\u00e1ticos y Pesca, en dicho encuentro se trataron tres ejes: Estad\u00edstica pesquera 2014\u20132025; Campa\u00f1as de evaluaci\u00f3n (marzo, julio, noviembre) y Evoluci\u00f3n de la pesquer\u00eda a trav\u00e9s de datos de observadores.<\/p>\n\n\n\n<p>En cuanto a la evoluci\u00f3n de los desembarques y exportaci\u00f3n, la Direcci\u00f3n de Planificaci\u00f3n Pesquera realiz\u00f3 una presentaci\u00f3n sobre la evoluci\u00f3n de los desembarques de la pesquer\u00eda entre 2014 y 2025, con los datos parciales al 25 de noviembre, donde se observa el nivel de estabilidad y equilibrio que mantiene la pesquer\u00eda con el pico de capturas por arriba de las 250 mil toneladas en 2018, marca hist\u00f3rica de esta especie.<\/p>\n\n\n\n<figure class=\"wp-block-image size-large\"><a href=\"https:\/\/partedepesca.com.ar\/d\/wp-content\/uploads\/2025\/12\/ANEXO-I-Acta-12-25-CS-LANG-presentacion-DPP-imagenes-1-scaled.jpg\"><img fetchpriority=\"high\" decoding=\"async\" width=\"1024\" height=\"576\" src=\"https:\/\/partedepesca.com.ar\/d\/wp-content\/uploads\/2025\/12\/ANEXO-I-Acta-12-25-CS-LANG-presentacion-DPP-imagenes-1-1024x576.jpg\" alt=\"\" class=\"wp-image-14179\" srcset=\"https:\/\/partedepesca.com.ar\/d\/wp-content\/uploads\/2025\/12\/ANEXO-I-Acta-12-25-CS-LANG-presentacion-DPP-imagenes-1-1024x576.jpg 1024w, https:\/\/partedepesca.com.ar\/d\/wp-content\/uploads\/2025\/12\/ANEXO-I-Acta-12-25-CS-LANG-presentacion-DPP-imagenes-1-300x169.jpg 300w, https:\/\/partedepesca.com.ar\/d\/wp-content\/uploads\/2025\/12\/ANEXO-I-Acta-12-25-CS-LANG-presentacion-DPP-imagenes-1-768x432.jpg 768w, https:\/\/partedepesca.com.ar\/d\/wp-content\/uploads\/2025\/12\/ANEXO-I-Acta-12-25-CS-LANG-presentacion-DPP-imagenes-1-1536x864.jpg 1536w, https:\/\/partedepesca.com.ar\/d\/wp-content\/uploads\/2025\/12\/ANEXO-I-Acta-12-25-CS-LANG-presentacion-DPP-imagenes-1-2048x1152.jpg 2048w, https:\/\/partedepesca.com.ar\/d\/wp-content\/uploads\/2025\/12\/ANEXO-I-Acta-12-25-CS-LANG-presentacion-DPP-imagenes-1-150x84.jpg 150w, https:\/\/partedepesca.com.ar\/d\/wp-content\/uploads\/2025\/12\/ANEXO-I-Acta-12-25-CS-LANG-presentacion-DPP-imagenes-1-450x253.jpg 450w, https:\/\/partedepesca.com.ar\/d\/wp-content\/uploads\/2025\/12\/ANEXO-I-Acta-12-25-CS-LANG-presentacion-DPP-imagenes-1-1200x675.jpg 1200w\" sizes=\"(max-width: 1024px) 100vw, 1024px\" \/><\/a><\/figure>\n\n\n\n<p>En la reuni\u00f3n presidida por el subsecretario Juan Antonio L\u00f3pez Cazorla, con la presencia de representantes del Consejo Federal Pesquero, INIDEP y c\u00e1maras empresariales, tambi\u00e9n se abordaron los resultados de las campa\u00f1as de evaluaci\u00f3n (marzo, julio, noviembre) y evoluci\u00f3n de la pesquer\u00eda a trav\u00e9s de datos de observadores.<\/p>\n\n\n\n<p>Los investigadores del Programa Pesquero de Langostino hicieron menci\u00f3n a los resultados de la campa\u00f1a estival de evaluaci\u00f3n. Mostraron que la estimaci\u00f3n de biomasa y la numerosidad se encontraban dentro de los valores de la serie hist\u00f3rica reciente, con una estructura poblacional t\u00edpica de la \u00e9poca y un aumento en el porcentaje de hembras en proceso reproductivo.<\/p>\n\n\n\n<p class=\"has-vivid-cyan-blue-color has-text-color has-link-color wp-elements-35a89829cf31aada12b534bd9784b42e\"><strong>TEMPORADA AT\u00cdPICA DE NACI\u00d3N<\/strong><\/p>\n\n\n\n<p>En cuanto a la temporada de pesca 2025, indicaron que fue at\u00edpica por problemas gremiales que afectaron su normal desarrollo. El rendimiento nominal fue el segundo m\u00e1s alto desde 2017, con concentraciones importantes en las sub\u00e1reas 7 y 8. Se observ\u00f3 predominio de la categor\u00eda comercial L1 (76 % sumando L1 y L2). Se destac\u00f3 el alto porcentaje de juveniles (4,95 %).<\/p>\n\n\n\n<figure class=\"wp-block-image size-large\"><a href=\"https:\/\/partedepesca.com.ar\/d\/wp-content\/uploads\/2025\/12\/ANEXO-I-Acta-12-25-CS-LANG-presentacion-DPP-imagenes-2-scaled.jpg\"><img decoding=\"async\" width=\"1024\" height=\"576\" src=\"https:\/\/partedepesca.com.ar\/d\/wp-content\/uploads\/2025\/12\/ANEXO-I-Acta-12-25-CS-LANG-presentacion-DPP-imagenes-2-1024x576.jpg\" alt=\"\" class=\"wp-image-14180\" srcset=\"https:\/\/partedepesca.com.ar\/d\/wp-content\/uploads\/2025\/12\/ANEXO-I-Acta-12-25-CS-LANG-presentacion-DPP-imagenes-2-1024x576.jpg 1024w, https:\/\/partedepesca.com.ar\/d\/wp-content\/uploads\/2025\/12\/ANEXO-I-Acta-12-25-CS-LANG-presentacion-DPP-imagenes-2-300x169.jpg 300w, https:\/\/partedepesca.com.ar\/d\/wp-content\/uploads\/2025\/12\/ANEXO-I-Acta-12-25-CS-LANG-presentacion-DPP-imagenes-2-768x432.jpg 768w, https:\/\/partedepesca.com.ar\/d\/wp-content\/uploads\/2025\/12\/ANEXO-I-Acta-12-25-CS-LANG-presentacion-DPP-imagenes-2-1536x864.jpg 1536w, https:\/\/partedepesca.com.ar\/d\/wp-content\/uploads\/2025\/12\/ANEXO-I-Acta-12-25-CS-LANG-presentacion-DPP-imagenes-2-2048x1152.jpg 2048w, https:\/\/partedepesca.com.ar\/d\/wp-content\/uploads\/2025\/12\/ANEXO-I-Acta-12-25-CS-LANG-presentacion-DPP-imagenes-2-150x84.jpg 150w, https:\/\/partedepesca.com.ar\/d\/wp-content\/uploads\/2025\/12\/ANEXO-I-Acta-12-25-CS-LANG-presentacion-DPP-imagenes-2-450x253.jpg 450w, https:\/\/partedepesca.com.ar\/d\/wp-content\/uploads\/2025\/12\/ANEXO-I-Acta-12-25-CS-LANG-presentacion-DPP-imagenes-2-1200x675.jpg 1200w\" sizes=\"(max-width: 1024px) 100vw, 1024px\" \/><\/a><\/figure>\n\n\n\n<p class=\"has-vivid-cyan-blue-color has-text-color has-link-color wp-elements-afd430bde64c615803c5881a35b3e134\"><strong>MENOS PRERECLUTAS AL NORTE DE CHUBUT<\/strong><\/p>\n\n\n\n<p>Sobre la campa\u00f1a invernal de prerreclutas 2025, se\u00f1alaron una disminuci\u00f3n estad\u00edsticamente significativa respecto de 2024, concentrada principalmente en el litoral norte de Chubut, posiblemente vinculada a la explotaci\u00f3n durante la temporada 2024\u20132025 en Rawson. El impacto deber\u00e1 reevaluarse en 2026.<\/p>\n\n\n\n<p class=\"has-vivid-cyan-blue-color has-text-color has-link-color wp-elements-27c98ff4d275eac13195e7bf379e134c\"><strong>BIOMASA EN VALORES ESPERABLES<\/strong><\/p>\n\n\n\n<p>En tanto, cabe mencionar que la campa\u00f1a primaveral concluy\u00f3 durante la semana pasada. La biomasa y numerosidad se encuentran dentro de valores esperables. Se observ\u00f3 mayor cantidad de reclutas. Se destac\u00f3 la presencia de un n\u00facleo de reclutas en el litoral norte, con rendimientos de 21.600 kg\/h. Se resalt\u00f3 tambi\u00e9n la mejora en la calidad de los datos aportados por observadores provinciales y del INIDEP.<\/p>\n\n\n\n<figure class=\"wp-block-image size-large\"><a href=\"https:\/\/partedepesca.com.ar\/d\/wp-content\/uploads\/2025\/12\/ANEXO-I-Acta-12-25-CS-LANG-presentacion-DPP-imagenes-3-scaled.jpg\"><img decoding=\"async\" width=\"1024\" height=\"576\" src=\"https:\/\/partedepesca.com.ar\/d\/wp-content\/uploads\/2025\/12\/ANEXO-I-Acta-12-25-CS-LANG-presentacion-DPP-imagenes-3-1024x576.jpg\" alt=\"\" class=\"wp-image-14181\" srcset=\"https:\/\/partedepesca.com.ar\/d\/wp-content\/uploads\/2025\/12\/ANEXO-I-Acta-12-25-CS-LANG-presentacion-DPP-imagenes-3-1024x576.jpg 1024w, https:\/\/partedepesca.com.ar\/d\/wp-content\/uploads\/2025\/12\/ANEXO-I-Acta-12-25-CS-LANG-presentacion-DPP-imagenes-3-300x169.jpg 300w, https:\/\/partedepesca.com.ar\/d\/wp-content\/uploads\/2025\/12\/ANEXO-I-Acta-12-25-CS-LANG-presentacion-DPP-imagenes-3-768x432.jpg 768w, https:\/\/partedepesca.com.ar\/d\/wp-content\/uploads\/2025\/12\/ANEXO-I-Acta-12-25-CS-LANG-presentacion-DPP-imagenes-3-1536x864.jpg 1536w, https:\/\/partedepesca.com.ar\/d\/wp-content\/uploads\/2025\/12\/ANEXO-I-Acta-12-25-CS-LANG-presentacion-DPP-imagenes-3-2048x1152.jpg 2048w, https:\/\/partedepesca.com.ar\/d\/wp-content\/uploads\/2025\/12\/ANEXO-I-Acta-12-25-CS-LANG-presentacion-DPP-imagenes-3-150x84.jpg 150w, https:\/\/partedepesca.com.ar\/d\/wp-content\/uploads\/2025\/12\/ANEXO-I-Acta-12-25-CS-LANG-presentacion-DPP-imagenes-3-450x253.jpg 450w, https:\/\/partedepesca.com.ar\/d\/wp-content\/uploads\/2025\/12\/ANEXO-I-Acta-12-25-CS-LANG-presentacion-DPP-imagenes-3-1200x675.jpg 1200w\" sizes=\"(max-width: 1024px) 100vw, 1024px\" \/><\/a><\/figure>\n\n\n\n<p>Se presentaron los resultados del modelo de evaluaci\u00f3n estructurado en tallas, donde se calcularon puntos biol\u00f3gicos de referencia. Se observ\u00f3 una poblaci\u00f3n en estado saludable, con mortalidad por pesca cercana al l\u00edmite superior. Se discuti\u00f3 la necesidad de reglas de control de captura.<\/p>\n\n\n\n<p class=\"has-vivid-cyan-blue-color has-text-color has-link-color wp-elements-43193f8fca27afdf37982c0ee702a685\"><strong>PESCA INCIDENTAL DE MERLUZA<\/strong><\/p>\n\n\n\n<p>En la \u00faltima reuni\u00f3n del a\u00f1o de la Comisi\u00f3n de An\u00e1lisis y Seguimiento de la Pesquer\u00eda de Langostino se abord\u00f3 una estimaci\u00f3n preliminar de captura incidental de Merluza (Merluccius hubbsi) durante la temporada de pesca de langostino 2025.<\/p>\n\n\n\n<p>Se analizaron las bases de datos del monitoreo satelital, observadores de INIDEP, Chubut y Santa Cruz. El bycatch totalizado fue de 16.000 toneladas.<\/p>\n\n\n\n<figure class=\"wp-block-image size-large\"><a href=\"https:\/\/partedepesca.com.ar\/d\/wp-content\/uploads\/2025\/12\/ANEXO-I-Acta-12-25-CS-LANG-presentacion-DPP-imagenes-4-scaled.jpg\"><img loading=\"lazy\" decoding=\"async\" width=\"1024\" height=\"576\" src=\"https:\/\/partedepesca.com.ar\/d\/wp-content\/uploads\/2025\/12\/ANEXO-I-Acta-12-25-CS-LANG-presentacion-DPP-imagenes-4-1024x576.jpg\" alt=\"\" class=\"wp-image-14182\" srcset=\"https:\/\/partedepesca.com.ar\/d\/wp-content\/uploads\/2025\/12\/ANEXO-I-Acta-12-25-CS-LANG-presentacion-DPP-imagenes-4-1024x576.jpg 1024w, https:\/\/partedepesca.com.ar\/d\/wp-content\/uploads\/2025\/12\/ANEXO-I-Acta-12-25-CS-LANG-presentacion-DPP-imagenes-4-300x169.jpg 300w, https:\/\/partedepesca.com.ar\/d\/wp-content\/uploads\/2025\/12\/ANEXO-I-Acta-12-25-CS-LANG-presentacion-DPP-imagenes-4-768x432.jpg 768w, https:\/\/partedepesca.com.ar\/d\/wp-content\/uploads\/2025\/12\/ANEXO-I-Acta-12-25-CS-LANG-presentacion-DPP-imagenes-4-1536x864.jpg 1536w, https:\/\/partedepesca.com.ar\/d\/wp-content\/uploads\/2025\/12\/ANEXO-I-Acta-12-25-CS-LANG-presentacion-DPP-imagenes-4-2048x1152.jpg 2048w, https:\/\/partedepesca.com.ar\/d\/wp-content\/uploads\/2025\/12\/ANEXO-I-Acta-12-25-CS-LANG-presentacion-DPP-imagenes-4-150x84.jpg 150w, https:\/\/partedepesca.com.ar\/d\/wp-content\/uploads\/2025\/12\/ANEXO-I-Acta-12-25-CS-LANG-presentacion-DPP-imagenes-4-450x253.jpg 450w, https:\/\/partedepesca.com.ar\/d\/wp-content\/uploads\/2025\/12\/ANEXO-I-Acta-12-25-CS-LANG-presentacion-DPP-imagenes-4-1200x675.jpg 1200w\" sizes=\"(max-width: 1024px) 100vw, 1024px\" \/><\/a><\/figure>\n\n\n\n<p>Dentro del AVPJM, las relaciones M\/L variaron entre 0,01 y 0,45; el BPUE entre 100 y 780 kg\/h. El bycatch totaliz\u00f3 12.300 t en esta \u00e1rea. Al norte y fuera del \u00e1rea de veda permanente, las relaciones M\/L fueron menores (0,02\u20130,14) y el BPUE no super\u00f3 130 kg\/h, totalizando 230 toneladas.<\/p>\n\n\n\n<p>Se registr\u00f3 incremento a partir de septiembre, motivando el cierre de veda comercial desde el 2 de octubre. Al sur de 44\u00b0 S se observaron los mayores valores de M\/L, BPUE y CPDBM. Se destac\u00f3 la presencia de reclutas coincidente con la campa\u00f1a global de merluza 2025.<\/p>\n\n\n\n<p class=\"has-vivid-cyan-blue-color has-text-color has-link-color wp-elements-883930be71f711eeb9cc31dce47b7d3b\"><strong>PANORAMA BIOL\u00d3GICO Y CUOTIFICACI\u00d3N<\/strong><\/p>\n\n\n\n<p>En t\u00e9rminos generales, se cierra otro a\u00f1o con una pesquer\u00eda de la especie Pleoticus muelleri en valores estables y con una biomasa en equilibrio, lo que da cuenta de la salud de caladero argentino.<\/p>\n\n\n\n<figure class=\"wp-block-image size-large\"><a href=\"https:\/\/partedepesca.com.ar\/d\/wp-content\/uploads\/2025\/12\/ANEXO-I-Acta-12-25-CS-LANG-presentacion-DPP-imagenes-5-scaled.jpg\"><img loading=\"lazy\" decoding=\"async\" width=\"1024\" height=\"576\" src=\"https:\/\/partedepesca.com.ar\/d\/wp-content\/uploads\/2025\/12\/ANEXO-I-Acta-12-25-CS-LANG-presentacion-DPP-imagenes-5-1024x576.jpg\" alt=\"\" class=\"wp-image-14183\" srcset=\"https:\/\/partedepesca.com.ar\/d\/wp-content\/uploads\/2025\/12\/ANEXO-I-Acta-12-25-CS-LANG-presentacion-DPP-imagenes-5-1024x576.jpg 1024w, https:\/\/partedepesca.com.ar\/d\/wp-content\/uploads\/2025\/12\/ANEXO-I-Acta-12-25-CS-LANG-presentacion-DPP-imagenes-5-300x169.jpg 300w, https:\/\/partedepesca.com.ar\/d\/wp-content\/uploads\/2025\/12\/ANEXO-I-Acta-12-25-CS-LANG-presentacion-DPP-imagenes-5-768x432.jpg 768w, https:\/\/partedepesca.com.ar\/d\/wp-content\/uploads\/2025\/12\/ANEXO-I-Acta-12-25-CS-LANG-presentacion-DPP-imagenes-5-1536x864.jpg 1536w, https:\/\/partedepesca.com.ar\/d\/wp-content\/uploads\/2025\/12\/ANEXO-I-Acta-12-25-CS-LANG-presentacion-DPP-imagenes-5-2048x1152.jpg 2048w, https:\/\/partedepesca.com.ar\/d\/wp-content\/uploads\/2025\/12\/ANEXO-I-Acta-12-25-CS-LANG-presentacion-DPP-imagenes-5-150x84.jpg 150w, https:\/\/partedepesca.com.ar\/d\/wp-content\/uploads\/2025\/12\/ANEXO-I-Acta-12-25-CS-LANG-presentacion-DPP-imagenes-5-450x253.jpg 450w, https:\/\/partedepesca.com.ar\/d\/wp-content\/uploads\/2025\/12\/ANEXO-I-Acta-12-25-CS-LANG-presentacion-DPP-imagenes-5-1200x675.jpg 1200w\" sizes=\"(max-width: 1024px) 100vw, 1024px\" \/><\/a><\/figure>\n\n\n\n<p>Para 2026 se prev\u00e9 que habr\u00e1 un amplio debate en torno a la posibilidad de avanzar en la \u201ccuotificaci\u00f3n\u201d del langostino y a tal fin ya se han comenzado a realizar ponderaciones, desde el sector privado, en funci\u00f3n de lo cual se ir\u00e1 dando una discusi\u00f3n t\u00e9cnica y pol\u00edtica clave en una de las principales pesquer\u00edas de Argentina.<\/p>\n","protected":false},"excerpt":{"rendered":"<p>La Comisi\u00f3n de An\u00e1lisis y Seguimiento de la Pesquer\u00eda de Langostino (Pleoticus muelleri) se reuni\u00f3 el pasado viernes en la Subsecretar\u00eda de Recursos Acu\u00e1ticos y Pesca, en dicho encuentro se trataron tres ejes: Estad\u00edstica pesquera 2014\u20132025; Campa\u00f1as de evaluaci\u00f3n (marzo, julio, noviembre) y Evoluci\u00f3n de la pesquer\u00eda a trav\u00e9s de datos de observadores. En cuanto<\/p>\n","protected":false},"author":3,"featured_media":12704,"comment_status":"open","ping_status":"open","sticky":false,"template":"","format":"standard","meta":{"om_disable_all_campaigns":false,"_monsterinsights_skip_tracking":false,"_monsterinsights_sitenote_active":false,"_monsterinsights_sitenote_note":"","_monsterinsights_sitenote_category":0,"footnotes":""},"categories":[9],"tags":[223,716,91,163,152,153],"class_list":{"0":"post-14178","1":"post","2":"type-post","3":"status-publish","4":"format-standard","5":"has-post-thumbnail","7":"category-actualidad","8":"tag-consejo-federal-pesquero","9":"tag-cuotificacion","10":"tag-featured","11":"tag-inidep","12":"tag-langostino","13":"tag-pleoticus-muelleri"},"aioseo_notices":[],"amp_enabled":true,"_links":{"self":[{"href":"https:\/\/partedepesca.com.ar\/d\/wp-json\/wp\/v2\/posts\/14178","targetHints":{"allow":["GET"]}}],"collection":[{"href":"https:\/\/partedepesca.com.ar\/d\/wp-json\/wp\/v2\/posts"}],"about":[{"href":"https:\/\/partedepesca.com.ar\/d\/wp-json\/wp\/v2\/types\/post"}],"author":[{"embeddable":true,"href":"https:\/\/partedepesca.com.ar\/d\/wp-json\/wp\/v2\/users\/3"}],"replies":[{"embeddable":true,"href":"https:\/\/partedepesca.com.ar\/d\/wp-json\/wp\/v2\/comments?post=14178"}],"version-history":[{"count":1,"href":"https:\/\/partedepesca.com.ar\/d\/wp-json\/wp\/v2\/posts\/14178\/revisions"}],"predecessor-version":[{"id":14184,"href":"https:\/\/partedepesca.com.ar\/d\/wp-json\/wp\/v2\/posts\/14178\/revisions\/14184"}],"wp:featuredmedia":[{"embeddable":true,"href":"https:\/\/partedepesca.com.ar\/d\/wp-json\/wp\/v2\/media\/12704"}],"wp:attachment":[{"href":"https:\/\/partedepesca.com.ar\/d\/wp-json\/wp\/v2\/media?parent=14178"}],"wp:term":[{"taxonomy":"category","embeddable":true,"href":"https:\/\/partedepesca.com.ar\/d\/wp-json\/wp\/v2\/categories?post=14178"},{"taxonomy":"post_tag","embeddable":true,"href":"https:\/\/partedepesca.com.ar\/d\/wp-json\/wp\/v2\/tags?post=14178"}],"curies":[{"name":"wp","href":"https:\/\/api.w.org\/{rel}","templated":true}]}}