{"id":14168,"date":"2025-12-03T10:30:21","date_gmt":"2025-12-03T10:30:21","guid":{"rendered":"https:\/\/partedepesca.com.ar\/d\/?p=14168"},"modified":"2025-12-04T23:56:06","modified_gmt":"2025-12-04T23:56:06","slug":"capeca-celebro-sus-50-anos-con-desafios-estrategicos-para-la-industria-pesquera","status":"publish","type":"post","link":"https:\/\/partedepesca.com.ar\/d\/capeca-celebro-sus-50-anos-con-desafios-estrategicos-para-la-industria-pesquera\/","title":{"rendered":"CAPECA celebr\u00f3 sus 50 a\u00f1os con desaf\u00edos estrat\u00e9gicos para la industria pesquera"},"content":{"rendered":"\n<p>La C\u00e1mara de Armadores de Pesqueros y Congeladores de la Argentina (CAPeCA), conmemor\u00f3 este a\u00f1o el 50\u00b0 aniversario de su fundaci\u00f3n, una entidad que agrupa a 19 grupos empresarios de todo el pa\u00eds y que en su medio siglo de trayectoria ha tenido un rol estrat\u00e9gico en el desarrollo de la industria pesquera. La C\u00e1mara representa a la flota congeladora: una actividad netamente exportadora que genera divisas por m\u00e1s de 1.200 millones de d\u00f3lares al a\u00f1o y que cuenta con 5.000 puestos de trabajo y 67 buques asociados.<\/p>\n\n\n\n<p>D\u00edas atr\u00e1s se llev\u00f3 a cabo un encuentro en Puerto Madero donde se hizo un reconocimiento a los fundadores y pioneros de la instituci\u00f3n empresarial, traz\u00e1ndose un repaso de las cinco d\u00e9cadas en la actividad.<\/p>\n\n\n\n<p>El presidente de CAPeCA, Eduardo Boiero, destac\u00f3 el rol de la c\u00e1mara dentro de una industria que ha afrontado crisis c\u00edclicas y que en la actualidad tiene una agenda de desaf\u00edos transcendentales. \u201cSe cierra un 2025 complejo, un a\u00f1o de una experiencia importante para todos, donde la pesca en realidad fue una muestra de la problem\u00e1tica que tiene la Argentina\u201d, expres\u00f3 al tiempo de mencionar que \u201ca esto se suma una realidad de mercados que no es favorable, con altos costos locales, una fuerte carga tributaria, convenios colectivos r\u00edgidos, legislaci\u00f3n laboral antigua, con lo que la pesca este a\u00f1o, creo que fuimos una muestra realmente de la problem\u00e1tica de la Argentina, que es lo que se est\u00e1 tratando de modificar\u201d, valor\u00f3.<\/p>\n\n\n\n<figure class=\"wp-block-image size-large\"><a href=\"https:\/\/partedepesca.com.ar\/d\/wp-content\/uploads\/2025\/12\/CAPeCA-50-Aniversario-4-scaled.jpg\"><img fetchpriority=\"high\" decoding=\"async\" width=\"1024\" height=\"657\" src=\"https:\/\/partedepesca.com.ar\/d\/wp-content\/uploads\/2025\/12\/CAPeCA-50-Aniversario-4-1024x657.jpg\" alt=\"\" class=\"wp-image-14170\" srcset=\"https:\/\/partedepesca.com.ar\/d\/wp-content\/uploads\/2025\/12\/CAPeCA-50-Aniversario-4-1024x657.jpg 1024w, https:\/\/partedepesca.com.ar\/d\/wp-content\/uploads\/2025\/12\/CAPeCA-50-Aniversario-4-300x193.jpg 300w, https:\/\/partedepesca.com.ar\/d\/wp-content\/uploads\/2025\/12\/CAPeCA-50-Aniversario-4-768x493.jpg 768w, https:\/\/partedepesca.com.ar\/d\/wp-content\/uploads\/2025\/12\/CAPeCA-50-Aniversario-4-1536x986.jpg 1536w, https:\/\/partedepesca.com.ar\/d\/wp-content\/uploads\/2025\/12\/CAPeCA-50-Aniversario-4-2048x1314.jpg 2048w, https:\/\/partedepesca.com.ar\/d\/wp-content\/uploads\/2025\/12\/CAPeCA-50-Aniversario-4-150x96.jpg 150w, https:\/\/partedepesca.com.ar\/d\/wp-content\/uploads\/2025\/12\/CAPeCA-50-Aniversario-4-450x289.jpg 450w, https:\/\/partedepesca.com.ar\/d\/wp-content\/uploads\/2025\/12\/CAPeCA-50-Aniversario-4-1200x770.jpg 1200w\" sizes=\"(max-width: 1024px) 100vw, 1024px\" \/><\/a><\/figure>\n\n\n\n<p class=\"has-vivid-cyan-blue-color has-text-color has-link-color wp-elements-f4a9b8fab5762f3b9d11a0469c2c1d1e\"><strong>APRENDIZAJE DE CARA AL 2026<\/strong><\/p>\n\n\n\n<p>Este a\u00f1o se dio la particularidad de iniciarse demorada la temporada de langostino de aguas nacionales, con varios meses con la flota congeladora de m\u00e1s de cien barcos sin salir a pesca, ante posturas sindicales inflexibles. \u201cDespu\u00e9s de un tiempo, tuvimos el acompa\u00f1amiento de los gremios para encontrar una f\u00f3rmula que nos permitiera sacar los barcos y finalmente no termin\u00f3 siendo un a\u00f1o de grave crisis. Fue un a\u00f1o que podr\u00edan haber terminado muchas empresas en concursos o quiebras, inclusive, con graves problemas econ\u00f3micos, financieros, y finalmente termin\u00f3 siendo un a\u00f1o que se salv\u00f3 un poco la cuesti\u00f3n, con lo cual creo que tenemos que tomar ese aprendizaje y para el 2026, con m\u00e1s tiempo y a tiempo, poder llegar a acuerdos con los gremios\u201d, plante\u00f3 en declaraciones a <strong>PARTE DE PESCA<\/strong> de cara a una negociaci\u00f3n que se retomar\u00eda en los primeros meses del a\u00f1o entrante para no volver a repetir esa situaci\u00f3n.<\/p>\n\n\n\n<figure class=\"wp-block-image size-large\"><a href=\"https:\/\/partedepesca.com.ar\/d\/wp-content\/uploads\/2025\/12\/CAPeCA-50-Aniversario-2-1-scaled.jpg\"><img decoding=\"async\" width=\"1024\" height=\"689\" src=\"https:\/\/partedepesca.com.ar\/d\/wp-content\/uploads\/2025\/12\/CAPeCA-50-Aniversario-2-1-1024x689.jpg\" alt=\"\" class=\"wp-image-14172\" srcset=\"https:\/\/partedepesca.com.ar\/d\/wp-content\/uploads\/2025\/12\/CAPeCA-50-Aniversario-2-1-1024x689.jpg 1024w, https:\/\/partedepesca.com.ar\/d\/wp-content\/uploads\/2025\/12\/CAPeCA-50-Aniversario-2-1-300x202.jpg 300w, https:\/\/partedepesca.com.ar\/d\/wp-content\/uploads\/2025\/12\/CAPeCA-50-Aniversario-2-1-768x517.jpg 768w, https:\/\/partedepesca.com.ar\/d\/wp-content\/uploads\/2025\/12\/CAPeCA-50-Aniversario-2-1-1536x1033.jpg 1536w, https:\/\/partedepesca.com.ar\/d\/wp-content\/uploads\/2025\/12\/CAPeCA-50-Aniversario-2-1-2048x1378.jpg 2048w, https:\/\/partedepesca.com.ar\/d\/wp-content\/uploads\/2025\/12\/CAPeCA-50-Aniversario-2-1-150x101.jpg 150w, https:\/\/partedepesca.com.ar\/d\/wp-content\/uploads\/2025\/12\/CAPeCA-50-Aniversario-2-1-450x303.jpg 450w, https:\/\/partedepesca.com.ar\/d\/wp-content\/uploads\/2025\/12\/CAPeCA-50-Aniversario-2-1-1200x807.jpg 1200w\" sizes=\"(max-width: 1024px) 100vw, 1024px\" \/><\/a><\/figure>\n\n\n\n<p class=\"has-vivid-cyan-blue-color has-text-color has-link-color wp-elements-4bdec773f8b284f02767eabd71cd04f2\"><strong>DI\u00c1LOGO TRIPARTITO<\/strong><\/p>\n\n\n\n<p>Boiero consider\u00f3 que se debe apuntar a acuerdos \u201cque tengan la flexibilidad de modificarse en base a la situaci\u00f3n del mercado, en lo que tiene que ver con langostinos. La merluza tiene problemas de carga impositiva. Tenemos que seguir gestionando por la eliminaci\u00f3n de retenciones. Es decir, tenemos bastante trabajo para hacer, por eso, la convocatoria que estamos haciendo es de un buen di\u00e1logo con los trabajadores y con el gobierno, que somos las tres partes que hacemos de la industria y, as\u00ed, poder avanzar en quitar todos esos impuestos o costos extras que tenemos, y poder seguir trabajando en forma eficiente, produciendo alimentos, divisas y trabajo\u201d, subray\u00f3<\/p>\n\n\n\n<figure class=\"wp-block-image size-large\"><a href=\"https:\/\/partedepesca.com.ar\/d\/wp-content\/uploads\/2025\/12\/CAPeCA-50-Aniversario-7.jpg\"><img decoding=\"async\" width=\"1024\" height=\"630\" src=\"https:\/\/partedepesca.com.ar\/d\/wp-content\/uploads\/2025\/12\/CAPeCA-50-Aniversario-7-1024x630.jpg\" alt=\"\" class=\"wp-image-14173\" srcset=\"https:\/\/partedepesca.com.ar\/d\/wp-content\/uploads\/2025\/12\/CAPeCA-50-Aniversario-7-1024x630.jpg 1024w, https:\/\/partedepesca.com.ar\/d\/wp-content\/uploads\/2025\/12\/CAPeCA-50-Aniversario-7-300x185.jpg 300w, https:\/\/partedepesca.com.ar\/d\/wp-content\/uploads\/2025\/12\/CAPeCA-50-Aniversario-7-768x472.jpg 768w, https:\/\/partedepesca.com.ar\/d\/wp-content\/uploads\/2025\/12\/CAPeCA-50-Aniversario-7-1536x945.jpg 1536w, https:\/\/partedepesca.com.ar\/d\/wp-content\/uploads\/2025\/12\/CAPeCA-50-Aniversario-7-2048x1260.jpg 2048w, https:\/\/partedepesca.com.ar\/d\/wp-content\/uploads\/2025\/12\/CAPeCA-50-Aniversario-7-150x92.jpg 150w, https:\/\/partedepesca.com.ar\/d\/wp-content\/uploads\/2025\/12\/CAPeCA-50-Aniversario-7-450x277.jpg 450w, https:\/\/partedepesca.com.ar\/d\/wp-content\/uploads\/2025\/12\/CAPeCA-50-Aniversario-7-1200x738.jpg 1200w\" sizes=\"(max-width: 1024px) 100vw, 1024px\" \/><\/a><\/figure>\n\n\n\n<p class=\"has-vivid-cyan-blue-color has-text-color has-link-color wp-elements-e3ad75716e8d839ee3403cfae20c4a28\"><strong>LA UNIDAD DEL SECTOR<\/strong><\/p>\n\n\n\n<p>Por otro lado, el dirigente empresario puso en valor el factor de unidad que prim\u00f3, manteniendo a las compa\u00f1\u00edas con una postura firme, tanto las agrupadas, como las independientes. \u201cEsa es la apuesta que hacemos nosotros desde CAPECA, junto a CAPIP y CAPA, y a las empresas que estamos en interc\u00e1maras, que m\u00e1s all\u00e1 de las diferencias que por ah\u00ed hay de tipo de empresa o de tipo de pesquer\u00eda en los temas fundamentales estar unidos\u201d, manifest\u00f3.<\/p>\n\n\n\n<p>Asimismo, consider\u00f3 que deber\u00e1n continuar transitando esa senda para lograr nuevos objetivos de conjunto. \u201cLa idea es tratar de tener una unidad frente a temas complejos de discusi\u00f3n con el sector gremial, y con la administraci\u00f3n tratar de defender este sector que es tan importante para la econom\u00eda de Argentina\u201d, agreg\u00f3.<\/p>\n\n\n\n<figure class=\"wp-block-image size-large\"><a href=\"https:\/\/partedepesca.com.ar\/d\/wp-content\/uploads\/2025\/12\/CAPeCA-50-Aniversario-5-scaled.jpg\"><img loading=\"lazy\" decoding=\"async\" width=\"1024\" height=\"638\" src=\"https:\/\/partedepesca.com.ar\/d\/wp-content\/uploads\/2025\/12\/CAPeCA-50-Aniversario-5-1024x638.jpg\" alt=\"\" class=\"wp-image-14174\" srcset=\"https:\/\/partedepesca.com.ar\/d\/wp-content\/uploads\/2025\/12\/CAPeCA-50-Aniversario-5-1024x638.jpg 1024w, https:\/\/partedepesca.com.ar\/d\/wp-content\/uploads\/2025\/12\/CAPeCA-50-Aniversario-5-300x187.jpg 300w, https:\/\/partedepesca.com.ar\/d\/wp-content\/uploads\/2025\/12\/CAPeCA-50-Aniversario-5-768x479.jpg 768w, https:\/\/partedepesca.com.ar\/d\/wp-content\/uploads\/2025\/12\/CAPeCA-50-Aniversario-5-1536x957.jpg 1536w, https:\/\/partedepesca.com.ar\/d\/wp-content\/uploads\/2025\/12\/CAPeCA-50-Aniversario-5-2048x1276.jpg 2048w, https:\/\/partedepesca.com.ar\/d\/wp-content\/uploads\/2025\/12\/CAPeCA-50-Aniversario-5-150x93.jpg 150w, https:\/\/partedepesca.com.ar\/d\/wp-content\/uploads\/2025\/12\/CAPeCA-50-Aniversario-5-450x280.jpg 450w, https:\/\/partedepesca.com.ar\/d\/wp-content\/uploads\/2025\/12\/CAPeCA-50-Aniversario-5-1200x748.jpg 1200w\" sizes=\"(max-width: 1024px) 100vw, 1024px\" \/><\/a><\/figure>\n\n\n\n<p class=\"has-vivid-cyan-blue-color has-text-color has-link-color wp-elements-c0adcbdc71d1fcd21fbfd2aa8d9789ab\"><strong>REFORMA LABORAL Y RETENCIONES<\/strong><\/p>\n\n\n\n<p>En la agenda pol\u00edtica nacional uno de los temas cercanos tiene que ver con la reforma laboral que el Gobierno elevar\u00e1 al Congreso en los pr\u00f3ximos d\u00edas y hay expectativa sobre los cambios que se vienen. \u201cDesde el sector pesquero hemos acercado algunos conceptos que necesitamos que se adec\u00faen, como siempre manifestamos, la Ley de Contrato de Trabajo no contempla la realidad del sector pesquero\u201d, afirm\u00f3 Eduardo Boiero.<\/p>\n\n\n\n<p>\u201cEl sector pesquero tiene particularidades que lo hacen distinto a la relaci\u00f3n laboral regular\u201d, dijo y en tal sentido ejemplific\u00f3: \u201csomos pr\u00e1cticamente todas las pesquer\u00edas zafreras, tenemos el tema de la producci\u00f3n con contratos dolarizados, tenemos varias particularidades que hacen que necesitamos un r\u00e9gimen laboral para la pesca\u201d, diferenci\u00f3.<\/p>\n\n\n\n<p>El presidente de CAPeCA adelant\u00f3 que se continuar\u00e1 gestionando en forma conjunta por la quita de los Derechos de Exportaci\u00f3n para los productos pesqueros. \u201cEstamos planteando que ya no da para m\u00e1s, llevamos muchos a\u00f1os con retenciones. Hemos mantenido contactos con funcionarios de diferentes \u00e1reas, nos hab\u00edan prometido alguna rebaja de retenciones que despu\u00e9s, finalmente, el Gobierno no pudo cumplir por distintas circunstancias, por lo que sigue siendo un tema que mantendremos en la agenda\u201d, puntualiz\u00f3.<\/p>\n\n\n\n<figure class=\"wp-block-image size-large\"><a href=\"https:\/\/partedepesca.com.ar\/d\/wp-content\/uploads\/2025\/12\/CAPeCA-50-Aniversario-3-scaled.jpg\"><img loading=\"lazy\" decoding=\"async\" width=\"1024\" height=\"677\" src=\"https:\/\/partedepesca.com.ar\/d\/wp-content\/uploads\/2025\/12\/CAPeCA-50-Aniversario-3-1024x677.jpg\" alt=\"\" class=\"wp-image-14175\" srcset=\"https:\/\/partedepesca.com.ar\/d\/wp-content\/uploads\/2025\/12\/CAPeCA-50-Aniversario-3-1024x677.jpg 1024w, https:\/\/partedepesca.com.ar\/d\/wp-content\/uploads\/2025\/12\/CAPeCA-50-Aniversario-3-300x198.jpg 300w, https:\/\/partedepesca.com.ar\/d\/wp-content\/uploads\/2025\/12\/CAPeCA-50-Aniversario-3-768x508.jpg 768w, https:\/\/partedepesca.com.ar\/d\/wp-content\/uploads\/2025\/12\/CAPeCA-50-Aniversario-3-1536x1015.jpg 1536w, https:\/\/partedepesca.com.ar\/d\/wp-content\/uploads\/2025\/12\/CAPeCA-50-Aniversario-3-2048x1354.jpg 2048w, https:\/\/partedepesca.com.ar\/d\/wp-content\/uploads\/2025\/12\/CAPeCA-50-Aniversario-3-150x99.jpg 150w, https:\/\/partedepesca.com.ar\/d\/wp-content\/uploads\/2025\/12\/CAPeCA-50-Aniversario-3-450x297.jpg 450w, https:\/\/partedepesca.com.ar\/d\/wp-content\/uploads\/2025\/12\/CAPeCA-50-Aniversario-3-1200x793.jpg 1200w\" sizes=\"(max-width: 1024px) 100vw, 1024px\" \/><\/a><\/figure>\n\n\n\n<p class=\"has-vivid-cyan-blue-color has-text-color has-link-color wp-elements-60701c9470f8d885b145c26b9106250e\"><strong>RECONOCIMIENTOS Y HOMENAJES<\/strong><\/p>\n\n\n\n<p>Durante el encuentro se entregaron diferentes distinciones a miembros fundadores de CAPeCA, que desde 1975 forjaron la defensa de los intereses de los congeladores dentro de la industria pesquera. \u201cEn los \u00faltimos 10 a\u00f1os, por suerte, hemos podido consolidarla y hacer que muchas empresas conf\u00eden en nuestra gesti\u00f3n\u201d, signific\u00f3 Boiero.<\/p>\n\n\n\n<p>La c\u00e1mara empresaria tambi\u00e9n recibi\u00f3 de parte de la Asociaci\u00f3n de Capitanes de Pesca, de la mano de Jorge Fr\u00edas, la distinci\u00f3n \u201cNicol\u00e1s &#8216;Popa&#8217; Asaro, Caballero del Mar\u201d, en reconocimiento a su labor en pos del crecimiento y competitividad de la industria pesquera argentina. <\/p>\n\n\n\n<p>Por su parte, el subsecretario de Pesca de la Naci\u00f3n, Juan Antonio L\u00f3pez Cazorla, tambi\u00e9n puso \u00e9nfasis en la trayectoria de CAPeCA e inst\u00f3 a continuar con un trabajo conjunto para el desarrollo de la actividad.<\/p>\n","protected":false},"excerpt":{"rendered":"<p>La C\u00e1mara de Armadores de Pesqueros y Congeladores de la Argentina (CAPeCA), conmemor\u00f3 este a\u00f1o el 50\u00b0 aniversario de su fundaci\u00f3n, una entidad que agrupa a 19 grupos empresarios de todo el pa\u00eds y que en su medio siglo de trayectoria ha tenido un rol estrat\u00e9gico en el desarrollo de la industria pesquera. La C\u00e1mara<\/p>\n","protected":false},"author":3,"featured_media":14169,"comment_status":"open","ping_status":"open","sticky":false,"template":"","format":"standard","meta":{"om_disable_all_campaigns":false,"_monsterinsights_skip_tracking":false,"_monsterinsights_sitenote_active":false,"_monsterinsights_sitenote_note":"","_monsterinsights_sitenote_category":0,"footnotes":""},"categories":[9],"tags":[413,1638,1151,91,172],"class_list":{"0":"post-14168","1":"post","2":"type-post","3":"status-publish","4":"format-standard","5":"has-post-thumbnail","7":"category-actualidad","8":"tag-capeca","9":"tag-congeladores","10":"tag-eduardo-boiero","11":"tag-featured","12":"tag-industria-pesquera"},"aioseo_notices":[],"amp_enabled":true,"_links":{"self":[{"href":"https:\/\/partedepesca.com.ar\/d\/wp-json\/wp\/v2\/posts\/14168","targetHints":{"allow":["GET"]}}],"collection":[{"href":"https:\/\/partedepesca.com.ar\/d\/wp-json\/wp\/v2\/posts"}],"about":[{"href":"https:\/\/partedepesca.com.ar\/d\/wp-json\/wp\/v2\/types\/post"}],"author":[{"embeddable":true,"href":"https:\/\/partedepesca.com.ar\/d\/wp-json\/wp\/v2\/users\/3"}],"replies":[{"embeddable":true,"href":"https:\/\/partedepesca.com.ar\/d\/wp-json\/wp\/v2\/comments?post=14168"}],"version-history":[{"count":2,"href":"https:\/\/partedepesca.com.ar\/d\/wp-json\/wp\/v2\/posts\/14168\/revisions"}],"predecessor-version":[{"id":14177,"href":"https:\/\/partedepesca.com.ar\/d\/wp-json\/wp\/v2\/posts\/14168\/revisions\/14177"}],"wp:featuredmedia":[{"embeddable":true,"href":"https:\/\/partedepesca.com.ar\/d\/wp-json\/wp\/v2\/media\/14169"}],"wp:attachment":[{"href":"https:\/\/partedepesca.com.ar\/d\/wp-json\/wp\/v2\/media?parent=14168"}],"wp:term":[{"taxonomy":"category","embeddable":true,"href":"https:\/\/partedepesca.com.ar\/d\/wp-json\/wp\/v2\/categories?post=14168"},{"taxonomy":"post_tag","embeddable":true,"href":"https:\/\/partedepesca.com.ar\/d\/wp-json\/wp\/v2\/tags?post=14168"}],"curies":[{"name":"wp","href":"https:\/\/api.w.org\/{rel}","templated":true}]}}