{"id":14146,"date":"2025-12-01T16:17:30","date_gmt":"2025-12-01T16:17:30","guid":{"rendered":"https:\/\/partedepesca.com.ar\/d\/?p=14146"},"modified":"2025-12-03T10:57:29","modified_gmt":"2025-12-03T10:57:29","slug":"urgente-la-justicia-suspendio-las-elecciones-del-somu","status":"publish","type":"post","link":"https:\/\/partedepesca.com.ar\/d\/urgente-la-justicia-suspendio-las-elecciones-del-somu\/","title":{"rendered":"URGENTE: La Justicia suspendi\u00f3 las elecciones del SOMU"},"content":{"rendered":"\n<p>La Sala III de la C\u00e1mara Nacional de Apelaciones del Trabajo emiti\u00f3 un fallo, este lunes al mediod\u00eda, haciendo lugar a la medida cautelar solicitada por la Lista Granate 41 &#8211; Lista Azul 100 y orden\u00f3 <strong>\u201csuspender la elecci\u00f3n a llevarse a cabo en la demandada entre el 1\u00b0 y el 5 de diciembre, hasta tanto se resuelva la cuesti\u00f3n de fondo&#8221;<\/strong>.<\/p>\n\n\n\n<p>El tribunal conformado por los jueces <strong>Mario Silvio Fera, Diana Ca\u00f1al y Alejandro Perugini<\/strong> dictaron una sentencia interlocutoria en la <strong>Causa N\u00b0 45775\/2025<\/strong> &#8220;San Miguel Cristian y otros c\/ Sindicato de Obreros Mar\u00edtimos Unidos (SOMU) sobre Ley de Asociaciones Sindicales.<\/p>\n\n\n\n<p>El magistrado Perugini expres\u00f3: &#8220;En estas condiciones, y dados los t\u00e9rminos de la interlocutoria que por mayor\u00eda vot\u00f3 por la admisi\u00f3n de la queja y diferir el planteo de suspensi\u00f3n del acto eleccionario hasta tanto se sustancie el recurso, considero corresponde que decline mi voto en este estado, sin perjuicio de una hipot\u00e9tica discrepancia que pudiera resultar de lo que opinen mis colegas respecto de la cuesti\u00f3n tra\u00edda a conocimiento en la oportunidad&#8221;.<\/p>\n\n\n\n<p>A su turno, la jueza Ca\u00f1al indic\u00f3 al fundamentar su voto: &#8220;Una conclusi\u00f3n contraria a la que propongo en este estado, podr\u00eda implicar mayores complicaciones en una posterior evaluaci\u00f3n sobre lo actuado en el proceso eleccionario, que culmina este pr\u00f3ximo 5 de diciembre. Es que, sin perjuicio de lo que corresponda decirse respecto de la cuesti\u00f3n de fondo, lo seguro es que la situaci\u00f3n que aqu\u00ed se presenta, confronta con la l\u00f3gica que corresponde dar a estos procesos, que reclaman la apertura por sobre la exclusi\u00f3n, en tutela del correcto ejercicio de la libertad sindical&#8221;.<\/p>\n\n\n\n<p>Y agreg\u00f3: &#8220;Consecuente con lo expuesto, propongo desestimar la nulidad de la notificaci\u00f3n pretendida por la accionada en su responde, hacer lugar a la medida cautelar solicitada por la parte actora y suspender la elecci\u00f3n designada a llevarse a cabo entre el 1\u00b0 y el 5 de diciembre en el seno de la accionada, hasta tanto se resuelva la cuesti\u00f3n de fondo. Difi\u00e9rase la decisi\u00f3n en materia de costas y honorarios para la etapa de definitiva&#8221;.<\/p>\n\n\n\n<p>En tanto, el juez Fera dijo que &#8220;En lo que es materia de disidencia entre mis distinguidos colegas (art. 125 LO), me adhiero a la propuesta de la Dra. Diana R. Ca\u00f1al&#8221;.<\/p>\n\n\n\n<p>As\u00ed las cosas, la C\u00e1mara Nacional de Apelaciones del Trabajo resolvi\u00f3:<\/p>\n\n\n\n<ul class=\"wp-block-list\">\n<li>1) Desestimar la nulidad arg\u00fcida por la accionada en relaci\u00f3n con la notificaci\u00f3n del auto que sustancia la medida;<\/li>\n\n\n\n<li><strong>2) Hacer lugar a la medida cautelar solicitada por la parte actora;<\/strong><\/li>\n\n\n\n<li><strong>3) Suspender la elecci\u00f3n a llevarse a cabo en la demandada entre el 1\u00b0 y el 5 de diciembre, hasta tanto se resuelva la cuesti\u00f3n de fondo;<\/strong><\/li>\n\n\n\n<li><strong>4) Difi\u00e9rase la decisi\u00f3n en materia de costas y honorarios para la etapa de definitiva.<\/strong><\/li>\n<\/ul>\n","protected":false},"excerpt":{"rendered":"<p>La Sala III de la C\u00e1mara Nacional de Apelaciones del Trabajo emiti\u00f3 un fallo, este lunes al mediod\u00eda, haciendo lugar a la medida cautelar solicitada por la Lista Granate 41 &#8211; Lista Azul 100 y orden\u00f3 \u201csuspender la elecci\u00f3n a llevarse a cabo en la demandada entre el 1\u00b0 y el 5 de diciembre, hasta<\/p>\n","protected":false},"author":4,"featured_media":14147,"comment_status":"open","ping_status":"open","sticky":false,"template":"","format":"standard","meta":{"om_disable_all_campaigns":false,"_monsterinsights_skip_tracking":false,"_monsterinsights_sitenote_active":false,"_monsterinsights_sitenote_note":"","_monsterinsights_sitenote_category":0,"footnotes":""},"categories":[9],"tags":[2524,91,179,2525],"class_list":{"0":"post-14146","1":"post","2":"type-post","3":"status-publish","4":"format-standard","5":"has-post-thumbnail","7":"category-actualidad","8":"tag-camara-del-trabajo","9":"tag-featured","10":"tag-somu","11":"tag-suspenden-elecciones"},"aioseo_notices":[],"amp_enabled":true,"_links":{"self":[{"href":"https:\/\/partedepesca.com.ar\/d\/wp-json\/wp\/v2\/posts\/14146","targetHints":{"allow":["GET"]}}],"collection":[{"href":"https:\/\/partedepesca.com.ar\/d\/wp-json\/wp\/v2\/posts"}],"about":[{"href":"https:\/\/partedepesca.com.ar\/d\/wp-json\/wp\/v2\/types\/post"}],"author":[{"embeddable":true,"href":"https:\/\/partedepesca.com.ar\/d\/wp-json\/wp\/v2\/users\/4"}],"replies":[{"embeddable":true,"href":"https:\/\/partedepesca.com.ar\/d\/wp-json\/wp\/v2\/comments?post=14146"}],"version-history":[{"count":4,"href":"https:\/\/partedepesca.com.ar\/d\/wp-json\/wp\/v2\/posts\/14146\/revisions"}],"predecessor-version":[{"id":14152,"href":"https:\/\/partedepesca.com.ar\/d\/wp-json\/wp\/v2\/posts\/14146\/revisions\/14152"}],"wp:featuredmedia":[{"embeddable":true,"href":"https:\/\/partedepesca.com.ar\/d\/wp-json\/wp\/v2\/media\/14147"}],"wp:attachment":[{"href":"https:\/\/partedepesca.com.ar\/d\/wp-json\/wp\/v2\/media?parent=14146"}],"wp:term":[{"taxonomy":"category","embeddable":true,"href":"https:\/\/partedepesca.com.ar\/d\/wp-json\/wp\/v2\/categories?post=14146"},{"taxonomy":"post_tag","embeddable":true,"href":"https:\/\/partedepesca.com.ar\/d\/wp-json\/wp\/v2\/tags?post=14146"}],"curies":[{"name":"wp","href":"https:\/\/api.w.org\/{rel}","templated":true}]}}