{"id":14129,"date":"2025-11-28T10:53:59","date_gmt":"2025-11-28T10:53:59","guid":{"rendered":"https:\/\/partedepesca.com.ar\/d\/?p=14129"},"modified":"2025-12-16T16:54:50","modified_gmt":"2025-12-16T16:54:50","slug":"chubut-diputados-del-oficialismo-impidieron-la-interpelacion-de-arbeletche","status":"publish","type":"post","link":"https:\/\/partedepesca.com.ar\/d\/chubut-diputados-del-oficialismo-impidieron-la-interpelacion-de-arbeletche\/","title":{"rendered":"Chubut: diputados del oficialismo impidieron la interpelaci\u00f3n de Arbeletche"},"content":{"rendered":"\n<p>La Legislatura de Chubut sesion\u00f3 ayer jueves y el tema pesquero vinculado a las marchas y contramarchas de la concesi\u00f3n de los bienes de la ex Alpesca form\u00f3 parte de la \u2018hora de preferencia\u2019, aunque al momento que diputados de la oposici\u00f3n formalizaban un pedido de interpelaci\u00f3n del Secretario de Pesca, Andr\u00e9s Arbeletche, para que obligatoriamente comparezca ante el parlamento a dar explicaciones en detalle de cada uno de los actos administrativos y las decisiones pol\u00edticas adoptadas, el oficialismo se levant\u00f3 de las bancas y dej\u00f3 sin qu\u00f3rum la sesi\u00f3n por lo que el tr\u00e1mite qued\u00f3 sin efecto.<\/p>\n\n\n\n<p>A instancias de los diputados Emanuel Coli\u00f1ir y Juan Pais del bloque Arriba Chubut se present\u00f3 un formal pedido de interpelaci\u00f3n contra el titular de la cartera provincial de pesca, lo cual fue fundamentado ante \u201cel incumplimiento del Dr. Andr\u00e9s Arbeletche de dar respuesta a los pedidos de informes aprobados por la Legislatura\u201d.<\/p>\n\n\n\n<p>La interpelaci\u00f3n del funcionario del gobierno de Ignacio Torres se basaba \u201cante la confusa informaci\u00f3n difundida desde el Poder Ejecutivo de la Provincia del Chubut respecto de la situaci\u00f3n de Red Chamber Argentina SA sobre en primer lugar la rescisi\u00f3n del contrato con el saldo de arrendatario de los bienes de ex Alpesca, el acuerdo con Profand en segundo lugar y en tercer lugar con Profand en segundo lugar y en tercer lugar nuevamente la inscripci\u00f3n de Red Chamber Argentina SA con actividades relativas a la provincia del Chubut en tercer lugar es que se consideran necesario que funcionario a cargo de la Secretaria de Pesca concurra ante los poderes legislativo a este cuerpo a informar y aclarar la situaci\u00f3n o mostrar documentaci\u00f3n pertinente\u201d, se le exig\u00eda.<\/p>\n\n\n\n<p>Los legisladores convocaban al se\u00f1or secretario de Pesca de la Provincia, Andr\u00e9s Arbeletche, \u201cen los t\u00e9rminos y alcances establecidos en el Art\u00edculo 134\u00b0 inciso (4) y concordantes de la Constituci\u00f3n Provincial, para que el d\u00eda 10 de diciembre de 2025 a las 10:00 horas, comparezca ante la Honorable Legislatura del Chubut\u201d.<\/p>\n\n\n\n<p class=\"has-vivid-cyan-blue-color has-text-color has-link-color wp-elements-a2ca51479471d81371326cbbe4368df3\"><strong>INTERROGATORIO<\/strong><\/p>\n\n\n\n<ol class=\"wp-block-list\">\n<li>Teniendo en cuenta que la provincia del Chubut ha rescindido el contrato de arrendamiento suscripto sobre los bienes de la ex Alpesca, firmado en el a\u00f1o 2014, con Red Chamber detalle cu\u00e1les fueron los incumplimientos, sobre los cuales incluso, se habr\u00edan iniciado acciones penales.<\/li>\n\n\n\n<li>Teniendo en cuenta la nueva decisi\u00f3n del nuevo contrato de arrendamiento firmado por la empresa en acuerdo con el grupo Profand, informe cu\u00e1les fueron los motivos por los cuales no se ha celebrado.<\/li>\n\n\n\n<li>Teniendo en cuenta las declaraciones p\u00fablicas del Secretario de Pesca sobre la rescisi\u00f3n y unilateral del contrato de arrendamiento con la empresa en cuerdas, detalle de los motivos y acompa\u00f1e documentaci\u00f3n que se informa en conferencia de futuras declaraciones p\u00fablicas.<\/li>\n\n\n\n<li>Habi\u00e9ndose publicado que Red Chamber inform\u00f3 sobre la formalidad de bienes de la ex Alpesca, indique si el nuevo contrato de arrendamiento de esta empresa involucra modificaciones respecto del anterior contrato firmado en 2014.<\/li>\n\n\n\n<li>\u00bfPor qu\u00e9 el Secretario de Pesca manifiesta en conferencia que Red Chamber fue p\u00fablicamente calificada de \u201cincumplidora serial\u201d, entre otras adjetivaciones respecto del acuerdo firmado en 2014?<\/li>\n\n\n\n<li>\u00bfQu\u00e9 acto administrativo permiti\u00f3 retrotraer la inscripci\u00f3n de Puerto nuevamente con Profand?<\/li>\n\n\n\n<li>\u00bfPor qu\u00e9 manifiesta el Secretario de Pesca que es imposible registrar los buques pesqueros en el Registro Nacional de Buques dependiente de PNA, a nombre de Profand?<\/li>\n\n\n\n<li>\u00bfCu\u00e1l fue la justificaci\u00f3n jur\u00eddica formal por la cual PNA habr\u00eda rechazado inscripci\u00f3n a Profand como arrendatario, cuando previamente se inscribi\u00f3 a Red Chamber con id\u00e9ntica situaci\u00f3n jur\u00eddica (bienes arrendados no transferidos)?<\/li>\n\n\n\n<li>\u00bfEn qu\u00e9 norma administrativa o legal se fundamenta el criterio de \u201cimposibilidad de cumplimiento\u201d como causal de rescisi\u00f3n unilateral sin responsabilidad para la Provincia, cuando el impedimento surge, seg\u00fan sus dichos, de un \u00f3rgano nacional y no de la conducta de Profand?<\/li>\n\n\n\n<li>\u00bfConsidera el Secretario de Estado que esa situaci\u00f3n jur\u00eddica podr\u00eda ocasionar da\u00f1os a la Provincia? \u00bfExiste tasaci\u00f3n o informe t\u00e9cnico-econ\u00f3mico que respalde dicha afirmaci\u00f3n por el Estado?<\/li>\n\n\n\n<li>En el marco de los permisos habilitadores por la ley IX N\u00b0 133, IX N\u00b0 136 y IX N\u00b0 157, aclare la situaci\u00f3n sobre los permisos de pesca transferidos desde la empresa Red Chamber Argentina SA.<\/li>\n\n\n\n<li>\u00bfAfirma usted que la resoluci\u00f3n administrativa de la Secretaria de Pesca permite reemplazar permisos cuya fuente jur\u00eddica fue una ley formal de esta Legislatura? Si o no. Fundamente.<\/li>\n\n\n\n<li>\u00bfCu\u00e1les son los motivos de rescisi\u00f3n del contrato de arrendamiento con la empresa Red Chamber Argentina SA de acuerdo a lo comunicado y ratificado por decreto 1051\/25 del 5 de septiembre de 2025?<\/li>\n\n\n\n<li>Describa de manera precisa y con respaldo documental correspondiente cada uno de los incumplimientos contractuales por parte de Red Chamber Argentina SA mencionados en sus declaraciones p\u00fablicas.<\/li>\n\n\n\n<li>\u00bfA trav\u00e9s de qu\u00e9 procedimiento administrativo, Red Chamber Argentina SA vuelve a hacerse cargo de los bienes?<\/li>\n\n\n\n<li>\u00bfPor qu\u00e9 no fueron informados estos compromisos a la legislatura para su tratamiento, si involucran bienes sujetos a expropiaci\u00f3n y derechos pesqueros sobre recursos p\u00fablicos?<\/li>\n\n\n\n<li>\u00bfExisten acciones judiciales iniciadas contra Red Chamber Argentina SA?<\/li>\n\n\n\n<li>\u00bfLa empresa Red Chamber Argentina SA ha iniciado acciones legales contra el Gobierno de la Provincia del Chubut?<\/li>\n\n\n\n<li>Si los bienes de la ex Alpesca est\u00e1n en el estado actual de las acciones judiciales.<\/li>\n\n\n\n<li>Respecto a la decisi\u00f3n de Red Chamber SA con la provincia del Chubut, \u00bfa cu\u00e1nto asciende? \u00bfSe mantiene la misma o ser\u00e1 cancelaci\u00f3n?<\/li>\n\n\n\n<li>De haberse concretado esos bienes con los activos que Red Chamber Argentina SA mantendr\u00e1 en el inmueble arrendado, informe cu\u00e1l es el estado actual.<\/li>\n\n\n\n<li>Si se habla de caducidad, retroacci\u00f3n involucra a este a dos contratos, explique en qu\u00e9 se funda.<\/li>\n\n\n\n<li>Informe si desde esa empresa previamente hayan sido entregados o cedidos a la empresa Profand, bienes en posible conflicto legal.<\/li>\n\n\n\n<li>\u00bfEl acuerdo con Profand comprende la revisi\u00f3n y asignaci\u00f3n y\/o otorgamiento de nuevos permisos, licencias o cuotas de pesca?<\/li>\n\n\n\n<li>\u00bfCu\u00e1les son las licitaciones de pesca cedidas anteriormente que el Gobierno de la Provincia del Chubut ha decidido mantener vigentes?<\/li>\n\n\n\n<li>Informe qu\u00e9 circunstancia se refiere la intervenci\u00f3n del Superior Tribunal de Justicia en el marco de la relaci\u00f3n contractual entre el Estado Provincial y la empresa Profand.<\/li>\n\n\n\n<li>Informe si el Poder Ejecutivo tiene previsto enviar alguna mensaci\u00f3n de Decreto de Necesidad y Urgencia. Art\u00edculo 155, inciso 16 de la Constituci\u00f3n Provincial, para que, de excepci\u00f3n, para convalidar o instrumentar el acuerdo o la cesi\u00f3n\/reparto de permisos de pesca.<\/li>\n\n\n\n<li>Aclare la resoluci\u00f3n del permiso de pesca artesanal renovada al pensionario Julio Cesar Dom\u00ednguez, entregado sin derecho a Profand y alguna de sus firmas.<\/li>\n<\/ol>\n\n\n\n<p class=\"has-vivid-cyan-blue-color has-text-color has-link-color wp-elements-5ca35ee553b6ebdba24912dff4beffde\"><strong>\u201cVAMOS A INSISTIR\u201d<\/strong><\/p>\n\n\n\n<p>El diputado Emanuel Coli\u00f1ir cuestion\u00f3 la decisi\u00f3n del Gobierno de impedir que el funcionario sea citado a la Legislatura a dar explicaciones. \u201cEn la sesi\u00f3n de hoy el oficialismo dej\u00f3 sin quorum la sesi\u00f3n en la que pretend\u00edamos convocar e interpelar al Secretario de Pesca por las actuaciones zigzagueantes en torno a la gesti\u00f3n de los bienes de Alpesca\u201d, se\u00f1al\u00f3.<\/p>\n\n\n\n<p>\u201cLa err\u00e1tica conducta del Secretario, las contradicciones p\u00fablicas, los vaivenes en torno a la administraci\u00f3n de bienes de Alpesca, la ilegalidad de la reasignaci\u00f3n mediante resoluci\u00f3n de los permisos de pesca especiales que surgen de leyes IX 133, IX 136 y IX 157, la homologaci\u00f3n por parte del STJ de un acuerdo indebidamente confidencial, entre otros tantos errores que generan da\u00f1o a reparar por parte del Estado Provincial, nos obliga a convocar al Secretario para que, de una vez por todas, explique las \u00faltimas decisiones\u201d, reclam\u00f3 el legislador al tiempo de anticipar que \u201cvamos a insistir exigiendo transparencia y el env\u00edo de los acuerdos firmados con Profand y Red Chamber\u201d, adelant\u00f3.<\/p>\n","protected":false},"excerpt":{"rendered":"<p>La Legislatura de Chubut sesion\u00f3 ayer jueves y el tema pesquero vinculado a las marchas y contramarchas de la concesi\u00f3n de los bienes de la ex Alpesca form\u00f3 parte de la \u2018hora de preferencia\u2019, aunque al momento que diputados de la oposici\u00f3n formalizaban un pedido de interpelaci\u00f3n del Secretario de Pesca, Andr\u00e9s Arbeletche, para que<\/p>\n","protected":false},"author":4,"featured_media":14130,"comment_status":"open","ping_status":"open","sticky":false,"template":"","format":"standard","meta":{"om_disable_all_campaigns":false,"_monsterinsights_skip_tracking":false,"_monsterinsights_sitenote_active":false,"_monsterinsights_sitenote_note":"","_monsterinsights_sitenote_category":0,"footnotes":""},"categories":[9],"tags":[313,2325,91,792,1189,356],"class_list":{"0":"post-14129","1":"post","2":"type-post","3":"status-publish","4":"format-standard","5":"has-post-thumbnail","7":"category-actualidad","8":"tag-alpesca","9":"tag-emanuel-colinir","10":"tag-featured","11":"tag-legislatura-chubut","12":"tag-profand","13":"tag-red-chamber"},"aioseo_notices":[],"amp_enabled":true,"_links":{"self":[{"href":"https:\/\/partedepesca.com.ar\/d\/wp-json\/wp\/v2\/posts\/14129","targetHints":{"allow":["GET"]}}],"collection":[{"href":"https:\/\/partedepesca.com.ar\/d\/wp-json\/wp\/v2\/posts"}],"about":[{"href":"https:\/\/partedepesca.com.ar\/d\/wp-json\/wp\/v2\/types\/post"}],"author":[{"embeddable":true,"href":"https:\/\/partedepesca.com.ar\/d\/wp-json\/wp\/v2\/users\/4"}],"replies":[{"embeddable":true,"href":"https:\/\/partedepesca.com.ar\/d\/wp-json\/wp\/v2\/comments?post=14129"}],"version-history":[{"count":2,"href":"https:\/\/partedepesca.com.ar\/d\/wp-json\/wp\/v2\/posts\/14129\/revisions"}],"predecessor-version":[{"id":14317,"href":"https:\/\/partedepesca.com.ar\/d\/wp-json\/wp\/v2\/posts\/14129\/revisions\/14317"}],"wp:featuredmedia":[{"embeddable":true,"href":"https:\/\/partedepesca.com.ar\/d\/wp-json\/wp\/v2\/media\/14130"}],"wp:attachment":[{"href":"https:\/\/partedepesca.com.ar\/d\/wp-json\/wp\/v2\/media?parent=14129"}],"wp:term":[{"taxonomy":"category","embeddable":true,"href":"https:\/\/partedepesca.com.ar\/d\/wp-json\/wp\/v2\/categories?post=14129"},{"taxonomy":"post_tag","embeddable":true,"href":"https:\/\/partedepesca.com.ar\/d\/wp-json\/wp\/v2\/tags?post=14129"}],"curies":[{"name":"wp","href":"https:\/\/api.w.org\/{rel}","templated":true}]}}