{"id":14123,"date":"2025-11-27T18:06:00","date_gmt":"2025-11-27T18:06:00","guid":{"rendered":"https:\/\/partedepesca.com.ar\/d\/?p=14123"},"modified":"2025-11-28T23:39:49","modified_gmt":"2025-11-28T23:39:49","slug":"la-ley-federal-de-pesca-es-un-manual-para-hacer-negocios-aseguro-frias","status":"publish","type":"post","link":"https:\/\/partedepesca.com.ar\/d\/la-ley-federal-de-pesca-es-un-manual-para-hacer-negocios-aseguro-frias\/","title":{"rendered":"\u201cLa Ley Federal de Pesca es un manual para hacer negocios\u201d, asegur\u00f3 Fr\u00edas"},"content":{"rendered":"\n<p>El secretario General de la Asociaci\u00f3n Argentina de Capitanes Pilotos y Patrones de Pesca, Jorge Fr\u00edas, integr\u00f3 el panel de expositores la Segunda Jornada del Seminario de Intereses Mar\u00edtimos Argentinos, Ciclo \u2018Almirante Storni\u2019, organizado en forma conjunta por el Senado de la Naci\u00f3n y la Liga Naval, llevado a cabo esta semana en el Sal\u00f3n Libertador General San Mart\u00edn del Palacio Legislativo en CABA.<\/p>\n\n\n\n<p>El dirigente sindical hizo un pormenorizado detalle de la evoluci\u00f3n hist\u00f3rica de la actividad pesquera en Argentina, recordando la grave crisis de la merluza y la posterior sanci\u00f3n de la Ley Federal de Pesca. Consider\u00f3 que la normativa que regula la actividad en nuestro pa\u00eds debe ser actualizada y volvi\u00f3 a proponer que el Consejo Federal Pesquero est\u00e9 integrado por representantes de los trabajadores y tambi\u00e9n de la industria naval.<\/p>\n\n\n\n<figure class=\"wp-block-image size-large\"><a href=\"https:\/\/partedepesca.com.ar\/d\/wp-content\/uploads\/2025\/11\/Senado-Ciclo-Almirante-Storni-scaled.jpg\"><img fetchpriority=\"high\" decoding=\"async\" width=\"1024\" height=\"684\" src=\"https:\/\/partedepesca.com.ar\/d\/wp-content\/uploads\/2025\/11\/Senado-Ciclo-Almirante-Storni-1024x684.jpg\" alt=\"\" class=\"wp-image-14125\" srcset=\"https:\/\/partedepesca.com.ar\/d\/wp-content\/uploads\/2025\/11\/Senado-Ciclo-Almirante-Storni-1024x684.jpg 1024w, https:\/\/partedepesca.com.ar\/d\/wp-content\/uploads\/2025\/11\/Senado-Ciclo-Almirante-Storni-300x200.jpg 300w, https:\/\/partedepesca.com.ar\/d\/wp-content\/uploads\/2025\/11\/Senado-Ciclo-Almirante-Storni-768x513.jpg 768w, https:\/\/partedepesca.com.ar\/d\/wp-content\/uploads\/2025\/11\/Senado-Ciclo-Almirante-Storni-1536x1026.jpg 1536w, https:\/\/partedepesca.com.ar\/d\/wp-content\/uploads\/2025\/11\/Senado-Ciclo-Almirante-Storni-2048x1367.jpg 2048w, https:\/\/partedepesca.com.ar\/d\/wp-content\/uploads\/2025\/11\/Senado-Ciclo-Almirante-Storni-150x100.jpg 150w, https:\/\/partedepesca.com.ar\/d\/wp-content\/uploads\/2025\/11\/Senado-Ciclo-Almirante-Storni-450x300.jpg 450w, https:\/\/partedepesca.com.ar\/d\/wp-content\/uploads\/2025\/11\/Senado-Ciclo-Almirante-Storni-1200x801.jpg 1200w\" sizes=\"(max-width: 1024px) 100vw, 1024px\" \/><\/a><\/figure>\n\n\n\n<p>El titular de la AACPyP hizo entrega al senador Carlos Linares un proyecto en el que propone abrir el debate sobre la modificaci\u00f3n del R\u00e9gimen Federal de Pesca, Ley 24.922, puntualmente sobre el Art\u00edculo 8\u00b0 que refiere a la integraci\u00f3n del Consejo Federal Pesquero.<\/p>\n\n\n\n<p>\u201cEl 12 de enero de 1998 entra en vigencia de la Ley Federal de Pesca y as\u00ed comienza una etapa diferente en la industria pesquera. La Ley Federal de Pesca considero que es, y est\u00e1 muy bien, un manual para hacer negocios, eso es lo que es\u201d, sostuvo el dirigente sindical.<\/p>\n\n\n\n<p>Posteriormente, record\u00f3 que en 1999 se produjo el \u201cbarcazo\u201d cuando toda la flota pesquera se moviliz\u00f3 ante el peligro que se cerrara la totalidad del caladero. \u201cLos pescadores encolumnados con los armadores vinimos a reclamarle al Congreso que estaba promoviendo el cierre del caladero para que no lo haga y que busc\u00e1ramos otra alternativa para seguir trabajando\u201d, rememor\u00f3.<\/p>\n\n\n\n<figure class=\"wp-block-image size-large\"><a href=\"https:\/\/partedepesca.com.ar\/d\/wp-content\/uploads\/2025\/11\/seminario-intereses-maritimos-scaled.jpg\"><img decoding=\"async\" width=\"1024\" height=\"651\" src=\"https:\/\/partedepesca.com.ar\/d\/wp-content\/uploads\/2025\/11\/seminario-intereses-maritimos-1024x651.jpg\" alt=\"\" class=\"wp-image-14126\" srcset=\"https:\/\/partedepesca.com.ar\/d\/wp-content\/uploads\/2025\/11\/seminario-intereses-maritimos-1024x651.jpg 1024w, https:\/\/partedepesca.com.ar\/d\/wp-content\/uploads\/2025\/11\/seminario-intereses-maritimos-300x191.jpg 300w, https:\/\/partedepesca.com.ar\/d\/wp-content\/uploads\/2025\/11\/seminario-intereses-maritimos-768x488.jpg 768w, https:\/\/partedepesca.com.ar\/d\/wp-content\/uploads\/2025\/11\/seminario-intereses-maritimos-1536x976.jpg 1536w, https:\/\/partedepesca.com.ar\/d\/wp-content\/uploads\/2025\/11\/seminario-intereses-maritimos-2048x1302.jpg 2048w, https:\/\/partedepesca.com.ar\/d\/wp-content\/uploads\/2025\/11\/seminario-intereses-maritimos-150x95.jpg 150w, https:\/\/partedepesca.com.ar\/d\/wp-content\/uploads\/2025\/11\/seminario-intereses-maritimos-450x286.jpg 450w, https:\/\/partedepesca.com.ar\/d\/wp-content\/uploads\/2025\/11\/seminario-intereses-maritimos-1200x763.jpg 1200w\" sizes=\"(max-width: 1024px) 100vw, 1024px\" \/><\/a><\/figure>\n\n\n\n<p>Por otro lado, \u201crecientemente vivimos una crisis muy importante con la flota congeladora tangonera, estuvimos tres meses perdiendo de pescar, y los empresarios no ense\u00f1aron que el negocio cambi\u00f3. Y, nosotros tomamos nota, que el negocio cambi\u00f3 y tuvimos que tomar decisiones, en el caso particular de firmar un acuerdo para salir a aprovechar los dos meses que quedaban de temporada. Tuve muchos agradecimientos en silencio, a pesar que primero fue bastante maltratado, destratado e injuriado por ese acuerdo, pero felizmente todo termin\u00f3 y nos obliga a replantearnos qu\u00e9 vamos a hacer de cara al futuro\u201d, cont\u00f3 al auditorio sobre lo acontecido a comienzos de a\u00f1o.<\/p>\n\n\n\n<p>Fr\u00edas insisti\u00f3 en este contexto que el sector del trabajo debe estar representado y con poder de decisi\u00f3n dentro del Consejo Federal Pesquero, por lo que propuso al Congreso la modificaci\u00f3n de la Ley Federal de Pesca en su Art\u00edculo 8. <\/p>\n\n\n\n<p>\u201cEl cambio que necesita la industria pesquera es intelectual, entendemos que todos, empresarios, funcionarios y trabajadores tenemos que evolucionar y la \u00fanica manera es a trav\u00e9s de la educaci\u00f3n\u201d, reflexion\u00f3. \u201cEn esta evoluci\u00f3n de la industria, tambi\u00e9n debe estar dentro del CFP la industria naval\u201d, propuso.<\/p>\n","protected":false},"excerpt":{"rendered":"<p>El secretario General de la Asociaci\u00f3n Argentina de Capitanes Pilotos y Patrones de Pesca, Jorge Fr\u00edas, integr\u00f3 el panel de expositores la Segunda Jornada del Seminario de Intereses Mar\u00edtimos Argentinos, Ciclo \u2018Almirante Storni\u2019, organizado en forma conjunta por el Senado de la Naci\u00f3n y la Liga Naval, llevado a cabo esta semana en el Sal\u00f3n<\/p>\n","protected":false},"author":3,"featured_media":14124,"comment_status":"open","ping_status":"open","sticky":false,"template":"","format":"standard","meta":{"om_disable_all_campaigns":false,"_monsterinsights_skip_tracking":false,"_monsterinsights_sitenote_active":false,"_monsterinsights_sitenote_note":"","_monsterinsights_sitenote_category":0,"footnotes":""},"categories":[9],"tags":[91,1569,634,657,4,2519,1931],"class_list":{"0":"post-14123","1":"post","2":"type-post","3":"status-publish","4":"format-standard","5":"has-post-thumbnail","7":"category-actualidad","8":"tag-featured","9":"tag-jorge-frias","10":"tag-ley-24-922","11":"tag-ley-federal-de-pesca","12":"tag-pesca","13":"tag-seminario-intereses-maritimos","14":"tag-senado"},"aioseo_notices":[],"amp_enabled":true,"_links":{"self":[{"href":"https:\/\/partedepesca.com.ar\/d\/wp-json\/wp\/v2\/posts\/14123","targetHints":{"allow":["GET"]}}],"collection":[{"href":"https:\/\/partedepesca.com.ar\/d\/wp-json\/wp\/v2\/posts"}],"about":[{"href":"https:\/\/partedepesca.com.ar\/d\/wp-json\/wp\/v2\/types\/post"}],"author":[{"embeddable":true,"href":"https:\/\/partedepesca.com.ar\/d\/wp-json\/wp\/v2\/users\/3"}],"replies":[{"embeddable":true,"href":"https:\/\/partedepesca.com.ar\/d\/wp-json\/wp\/v2\/comments?post=14123"}],"version-history":[{"count":2,"href":"https:\/\/partedepesca.com.ar\/d\/wp-json\/wp\/v2\/posts\/14123\/revisions"}],"predecessor-version":[{"id":14128,"href":"https:\/\/partedepesca.com.ar\/d\/wp-json\/wp\/v2\/posts\/14123\/revisions\/14128"}],"wp:featuredmedia":[{"embeddable":true,"href":"https:\/\/partedepesca.com.ar\/d\/wp-json\/wp\/v2\/media\/14124"}],"wp:attachment":[{"href":"https:\/\/partedepesca.com.ar\/d\/wp-json\/wp\/v2\/media?parent=14123"}],"wp:term":[{"taxonomy":"category","embeddable":true,"href":"https:\/\/partedepesca.com.ar\/d\/wp-json\/wp\/v2\/categories?post=14123"},{"taxonomy":"post_tag","embeddable":true,"href":"https:\/\/partedepesca.com.ar\/d\/wp-json\/wp\/v2\/tags?post=14123"}],"curies":[{"name":"wp","href":"https:\/\/api.w.org\/{rel}","templated":true}]}}