{"id":14093,"date":"2025-11-25T06:30:42","date_gmt":"2025-11-25T06:30:42","guid":{"rendered":"https:\/\/partedepesca.com.ar\/d\/?p=14093"},"modified":"2025-11-27T18:44:25","modified_gmt":"2025-11-27T18:44:25","slug":"que-consecuencias-tendra-chubut-con-el-estropicio-de-su-administracion-pesquera","status":"publish","type":"post","link":"https:\/\/partedepesca.com.ar\/d\/que-consecuencias-tendra-chubut-con-el-estropicio-de-su-administracion-pesquera\/","title":{"rendered":"Qu\u00e9 consecuencias tendr\u00e1 Chubut por el estropicio de su administraci\u00f3n pesquera"},"content":{"rendered":"\n<p><strong>\u201cEl aleteo de una mariposa puede desencadenar una tormenta\u201d<\/strong>, refiere la alegor\u00eda de la <strong>Teor\u00eda del Caos<\/strong>. Lo acontecido en el transcurso de este a\u00f1o y m\u00e1s puntualmente en los \u00faltimos dos meses en la administraci\u00f3n pesquera de Chubut, ha sido un c\u00famulo de yerros administrativos, de gesti\u00f3n y pol\u00edticos.<\/p>\n\n\n\n<p>En febrero de este a\u00f1o, la Secretar\u00eda de Pesca y el Comit\u00e9 de Administraci\u00f3n de Alpesca <strong>decidieron rescindir el contrato de arrendamiento entre la Provincia y Red Chamber<\/strong>; as\u00ed aconsejaron al Gobernador para que se avance en ese sentido, <strong>en medio de diatribas y un c\u00famulo de descalificaciones p\u00fablicas, sin mucha mesura discursiva<\/strong>.<\/p>\n\n\n\n<p>La firma norteamericana interpone un recurso jer\u00e1rquico de apelaci\u00f3n que llev\u00f3 varios meses hasta que la Asesor\u00eda General emiti\u00f3 dictamen desestimandolo y dejando firme el acto de rescisi\u00f3n contractual que hab\u00eda sido firmado en febrero a trav\u00e9s de la Resoluci\u00f3n N\u00b0 67\/2025 SP.<\/p>\n\n\n\n<p>El 29 de agosto se dicta el Decreto N\u00b0 1051\/2025 por medio del cual se da por extinguido el contrato de arrendamiento de bienes y charteo subscripto entre la Provincia del Chubut y Red Chamber en 2015.<\/p>\n\n\n\n<p>All\u00ed se intima a la empresa saliente a entregar todos los bienes en un plazo no mayor al 30 de septiembre y era eyectada unilateralmente. La compa\u00f1\u00eda inici\u00f3 una serie de demandas en diferentes fueros e instancias, incluido un recurso ante el <strong>Superior Tribunal de Justicia de Chubut<\/strong>; al tiempo que en <strong>Estados Unidos<\/strong> demand\u00f3 a la firma espa\u00f1ola Profand acus\u00e1ndola de espionaje corporativo y de pr\u00e1cticas comerciales desleales.<\/p>\n\n\n\n<p>Sin licitaci\u00f3n o compulsa de ofertas, el mismo d\u00eda que sacaban a Red Chamber de Alpesca, <strong>el secretario de Pesca, Andr\u00e9s Arbeletche, y el cabo de polic\u00eda Mat\u00edas Miranda en car\u00e1cter de director del Comit\u00e9 de Administraci\u00f3n de Alpesca firmaban un nuevo contrato de arrendamiento con Profand<\/strong>, a trav\u00e9s de su filial Pesquera Deseado.<\/p>\n\n\n\n<p>Ese contrato requer\u00eda de ratificaci\u00f3n parlamentaria, aunque el Gobierno de Chubut nunca tramit\u00f3 su elevaci\u00f3n a la Legislatura; tampoco se hab\u00eda hecho p\u00fablico su contenido hasta que el STIA que dirige Luis N\u00fa\u00f1ez lo ventil\u00f3 en sus canales, horas antes que Profand sea notificada que se dejaba sin efecto ese acuerdo.<\/p>\n\n\n\n<p class=\"has-vivid-cyan-blue-color has-text-color has-link-color wp-elements-8dc8e13edd45c0ccc0ee15d495f4a779\"><strong>A 20 A\u00d1OS Y DUR\u00d3 45 D\u00cdAS<\/strong><\/p>\n\n\n\n<p>El contrato en cuesti\u00f3n arrojaba algunas particularidades. El punto quinto establec\u00eda el concepto de &#8220;Apoderamiento: Las partes convienen que, suscripto el Contrato de Arrendamiento con Opci\u00f3n a Compra, el mismo implicar\u00e1 que el Comit\u00e9 de Administraci\u00f3n y\/o la provincia han realizado (y\/o se comprometen a realizar) <strong>la cesi\u00f3n de todas las facultades y derechos que refiere el presente, y ello habr\u00e1 de materializarse con el otorgamiento del poder amplio y de gesti\u00f3n suficiente, <\/strong>conjuntamente con los derechos de representaci\u00f3n cedidos a los que hace referencia el presente instrumento&#8221;, indicaba.<\/p>\n\n\n\n<figure class=\"wp-block-image size-full\"><a href=\"https:\/\/partedepesca.com.ar\/d\/wp-content\/uploads\/2025\/11\/confidencialidad-contrato.jpg\"><img fetchpriority=\"high\" decoding=\"async\" width=\"848\" height=\"454\" src=\"https:\/\/partedepesca.com.ar\/d\/wp-content\/uploads\/2025\/11\/confidencialidad-contrato.jpg\" alt=\"\" class=\"wp-image-14096\" srcset=\"https:\/\/partedepesca.com.ar\/d\/wp-content\/uploads\/2025\/11\/confidencialidad-contrato.jpg 848w, https:\/\/partedepesca.com.ar\/d\/wp-content\/uploads\/2025\/11\/confidencialidad-contrato-300x161.jpg 300w, https:\/\/partedepesca.com.ar\/d\/wp-content\/uploads\/2025\/11\/confidencialidad-contrato-768x411.jpg 768w, https:\/\/partedepesca.com.ar\/d\/wp-content\/uploads\/2025\/11\/confidencialidad-contrato-150x80.jpg 150w, https:\/\/partedepesca.com.ar\/d\/wp-content\/uploads\/2025\/11\/confidencialidad-contrato-450x241.jpg 450w\" sizes=\"(max-width: 848px) 100vw, 848px\" \/><\/a><\/figure>\n\n\n\n<p><strong>&#8220;El ejercicio por parte de la empresa de los derechos vinculados ser\u00e1 sin anuencia o intervenci\u00f3n expresa o posterior del Poder Ejecutivo o Legislativo&#8221;<\/strong>, dec\u00eda otro tramo al tiempo de sostener que &#8220;la empresa tendr\u00e1 <strong>las m\u00e1s amplias facultades y poderes para realizar los tr\u00e1mites y gestiones <\/strong>que fueran conducentes para el desarrollo de la actividad, sin necesidad de autorizaci\u00f3n o conformidad previa de parte de la Provincia&#8221;.<\/p>\n\n\n\n<p>Es decir, el Estado confer\u00eda las m\u00e1s amplias facultades a la arrendataria y cuyo contrato de <strong>planteaba una duraci\u00f3n a 20 a\u00f1os<\/strong>, mientras que en relaci\u00f3n a la \u201cincorporaci\u00f3n de personal se prever\u00e1 la forma en que el Comit\u00e9 de Administraci\u00f3n y\/o la Provincia reconocer\u00e1 y compensar\u00e1 (y eventualmente indemnizar\u00e1 a la empresa de corresponder), la antig\u00fcedad devengada por el personal que se cede\u201d, agregaba<\/p>\n\n\n\n<p class=\"has-vivid-cyan-blue-color has-text-color has-link-color wp-elements-429453dfff14a9062850eb959d6d68cc\"><strong>ARBELETCHE, EL \u2018INCUMPLIDOR SERIAL\u2019<\/strong><\/p>\n\n\n\n<p>El secretario de Pesca, <strong>Andr\u00e9s Arbeletche<\/strong>, ha sido el que ha intentado hilvanar <strong>el \u201crelato oficial\u201d<\/strong> de las idas y vueltas, marchas y contramarchas, primero justificando los motivos de la salida de Red Chamber. M\u00e1s tarde diciendo que le condonar\u00edan la deuda que le reclamaban a cambio de invertir en una planta en Trelew.<\/p>\n\n\n\n<p>Tambi\u00e9n <strong>fundament\u00f3 un desopilante proyecto de ley para crear dos nuevos permisos de pesca<\/strong> de flota amarilla, eso fue un viernes. El lunes ya ten\u00eda argumentos para explicar que el Gobierno retiraba la iniciativa de la Legislatura.<\/p>\n\n\n\n<p><strong>Neg\u00f3 hasta el cansancio que la administraci\u00f3n de Ignacio Torres tuviera pensado retrotraer todo el proceso<\/strong> que a esas alturas \u00e9l mismo hab\u00eda dado el puntapi\u00e9 inicial. Lleg\u00f3 a decir que Red Chamber no era norteamericana, que la dirig\u00eda un tal Mou que no se llamaba Marcelo y que tampoco era chino sino brasile\u00f1o.<\/p>\n\n\n\n<figure class=\"wp-block-image size-full\"><a href=\"https:\/\/partedepesca.com.ar\/d\/wp-content\/uploads\/2025\/11\/arbe-marcha-atras.jpg\"><img decoding=\"async\" width=\"981\" height=\"622\" src=\"https:\/\/partedepesca.com.ar\/d\/wp-content\/uploads\/2025\/11\/arbe-marcha-atras.jpg\" alt=\"\" class=\"wp-image-14097\" srcset=\"https:\/\/partedepesca.com.ar\/d\/wp-content\/uploads\/2025\/11\/arbe-marcha-atras.jpg 981w, https:\/\/partedepesca.com.ar\/d\/wp-content\/uploads\/2025\/11\/arbe-marcha-atras-300x190.jpg 300w, https:\/\/partedepesca.com.ar\/d\/wp-content\/uploads\/2025\/11\/arbe-marcha-atras-768x487.jpg 768w, https:\/\/partedepesca.com.ar\/d\/wp-content\/uploads\/2025\/11\/arbe-marcha-atras-150x95.jpg 150w, https:\/\/partedepesca.com.ar\/d\/wp-content\/uploads\/2025\/11\/arbe-marcha-atras-450x285.jpg 450w\" sizes=\"(max-width: 981px) 100vw, 981px\" \/><\/a><\/figure>\n\n\n\n<p>A pesar de su formaci\u00f3n profesional y ser integrante del Consejo Federal Pesquero <strong>dijo que los permisos nacionales de pesca de Alpesca se ca\u00edan con su resoluci\u00f3n de disolver un contrato provincial de arrendamiento<\/strong>.<\/p>\n\n\n\n<p>En su intento por justificar por qu\u00e9 se hab\u00eda resuelto la salida de Profand y restituir la explotaci\u00f3n de bienes a Red Chamber, dijo que el impedimento central provino del Registro Nacional de Buques (RNB). El organismo nacional mantuvo su postura de que los contratos originales de locaci\u00f3n firmados entre la Provincia y Red Chamber Argentina segu\u00edan jur\u00eddicamente vigentes hasta el a\u00f1o 2027.<\/p>\n\n\n\n<p><strong>\u201cFue una rescisi\u00f3n por imposibilidad de cumplimiento de nuestra parte\u201d<\/strong>, sentenci\u00f3 Arbeletche, reconociendo la incapacidad del Estado para transferir los medios productivos.<\/p>\n\n\n\n<p class=\"has-vivid-cyan-blue-color has-text-color has-link-color wp-elements-50fcbb2ecc36aa0f4e5b5c40753a108d\"><strong>EL AFFAIRE DEL QUILME\u00d1O<\/strong><\/p>\n\n\n\n<p>La firma y la palabra de Arbeletche qued\u00f3 tan devaluada que ninguno de los argumentos esbozados p\u00fablicamente genera credibilidad, sino m\u00e1s bien todo lo contrario. En el ideario colectivo en Chubut cal\u00f3 fuerte la idea de que todo el proceso de dar marcha atr\u00e1s con lo actuado tiene estrecha y directa relaci\u00f3n con el episodio que Red Chamber cit\u00f3, en una demanda civil contra Profand en Estados Unidos, respecto al presunto pedido de sobornos por parte de un funcionario del gobierno provincial.<\/p>\n\n\n\n<p class=\"has-vivid-cyan-blue-color has-text-color has-link-color wp-elements-58d47dd00e68dc17cca82729d38f8dac\"><strong>COSTO POL\u00cdTICO<\/strong><\/p>\n\n\n\n<p><strong>Todo este desaguisado de ribetes bochornosos<\/strong> de intentar expulsar por la ventaba a una compa\u00f1\u00eda norteamericana, traer a otra espa\u00f1ola sin licitaci\u00f3n y m\u00e1s tarde decirles que se vayan, y a los que hab\u00edan catalogado de incumplidores seriales allanarles el camino para el retorno, <strong>sin lugar a dudas tendr\u00e1 costos pol\u00edticos para el gobierno.<\/strong><\/p>\n\n\n\n<p>Como en toda administraci\u00f3n pol\u00edtica hay fusibles que deber\u00e1n correr la suerte de asumir los costos para que no impacte en la figura de la cabeza del Ejecutivo, pero sin lugar a dudas toda esta situaci\u00f3n salpic\u00f3 la imagen gubernamental.<\/p>\n\n\n\n<p><strong>La bola de nieve podr\u00eda llegar a ser a\u00fan mayor si para enmendar y resarcir el \u00faltimo contrato incumplido se apela a solucionarlo revoleando permisos de pesca o cuota de miles de toneladas merluza.<\/strong> Lo que empez\u00f3 mal puede terminar peor, al tiempo que el da\u00f1o a la seguridad jur\u00eddica y la imagen de la provincia trasciende lo pesquero, y todo este proceso ser\u00e1 un muy mal antecedente para inversiones que planean venir a Chubut a buscar reglas claras.<\/p>\n\n\n\n<p class=\"has-vivid-cyan-blue-color has-text-color has-link-color wp-elements-c46a2f19784752c052b5463a3479ee14\"><strong>LA LISTA DE \u201cFAMILIARES\u201d DEL STIA<\/strong><\/p>\n\n\n\n<p>El pr\u00f3ximo domingo se cumplir\u00e1n dos meses que Red Chamber era eyectada de Alpesca y reemplazada por Profand. La retrocesi\u00f3n de las decisiones administrativas y pol\u00edticas para que las cosas vuelvan a su estado anterior ha dejado heridos. Apenas pocos d\u00edas antes que Profand dejara la planta de procesamiento incorpor\u00f3 a 32 operarios Categor\u00eda 1, enrolados en el STIA.<\/p>\n\n\n\n<figure class=\"wp-block-image size-large\"><a href=\"https:\/\/partedepesca.com.ar\/d\/wp-content\/uploads\/2025\/11\/planta-red-chamber-argentina-scaled.jpg\"><img decoding=\"async\" width=\"1024\" height=\"682\" src=\"https:\/\/partedepesca.com.ar\/d\/wp-content\/uploads\/2025\/11\/planta-red-chamber-argentina-1024x682.jpg\" alt=\"\" class=\"wp-image-14098\" srcset=\"https:\/\/partedepesca.com.ar\/d\/wp-content\/uploads\/2025\/11\/planta-red-chamber-argentina-1024x682.jpg 1024w, https:\/\/partedepesca.com.ar\/d\/wp-content\/uploads\/2025\/11\/planta-red-chamber-argentina-300x200.jpg 300w, https:\/\/partedepesca.com.ar\/d\/wp-content\/uploads\/2025\/11\/planta-red-chamber-argentina-768x512.jpg 768w, https:\/\/partedepesca.com.ar\/d\/wp-content\/uploads\/2025\/11\/planta-red-chamber-argentina-1536x1023.jpg 1536w, https:\/\/partedepesca.com.ar\/d\/wp-content\/uploads\/2025\/11\/planta-red-chamber-argentina-2048x1364.jpg 2048w, https:\/\/partedepesca.com.ar\/d\/wp-content\/uploads\/2025\/11\/planta-red-chamber-argentina-150x100.jpg 150w, https:\/\/partedepesca.com.ar\/d\/wp-content\/uploads\/2025\/11\/planta-red-chamber-argentina-450x300.jpg 450w, https:\/\/partedepesca.com.ar\/d\/wp-content\/uploads\/2025\/11\/planta-red-chamber-argentina-1200x799.jpg 1200w\" sizes=\"(max-width: 1024px) 100vw, 1024px\" \/><\/a><\/figure>\n\n\n\n<p>El sindicato que dirige Luis N\u00fa\u00f1ez amaga con iniciar medidas de fuerza si no se incorpora al personal que apareci\u00f3 en el \u00faltimo listado y tuvieron menos de una semana de relaci\u00f3n de dependencia con Profand. Trascendi\u00f3 que esa n\u00f3mina incluye a familiares y allegados de varios miembros de la conducci\u00f3n del gremio de la alimentaci\u00f3n.<\/p>\n\n\n\n<p>En tanto, la ahora anterior arrendataria tambi\u00e9n hab\u00eda pactado que el servicio de estiba dentro de la planta lo haga una empresa que estar\u00eda vinculada a Jos\u00e9 \u2018Pepe\u2019 D\u00edaz, un kiosco que el sindicato ya tambi\u00e9n tiene aceitado en otras pesqueras.<\/p>\n\n\n\n<p>Con todo, <strong>Alpesca parece tener el estigma de que todos a su paso terminan salpicados<\/strong> y en el lodo. Adem\u00e1s, nadie arriesga a firmar que la pel\u00edcula ha terminado. <strong>\u201cSi el aleteo de una mariposa puede desencadenar una tormenta\u201d, <\/strong>seg\u00fan la Teor\u00eda del Caos, aqu\u00ed hay un enjambre revoloteando que puede generar resultados impredecibles.\u00a0<\/p>\n","protected":false},"excerpt":{"rendered":"<p>\u201cEl aleteo de una mariposa puede desencadenar una tormenta\u201d, refiere la alegor\u00eda de la Teor\u00eda del Caos. Lo acontecido en el transcurso de este a\u00f1o y m\u00e1s puntualmente en los \u00faltimos dos meses en la administraci\u00f3n pesquera de Chubut, ha sido un c\u00famulo de yerros administrativos, de gesti\u00f3n y pol\u00edticos. En febrero de este a\u00f1o,<\/p>\n","protected":false},"author":3,"featured_media":14094,"comment_status":"open","ping_status":"open","sticky":false,"template":"","format":"standard","meta":{"om_disable_all_campaigns":false,"_monsterinsights_skip_tracking":false,"_monsterinsights_sitenote_active":false,"_monsterinsights_sitenote_note":"","_monsterinsights_sitenote_category":0,"footnotes":""},"categories":[9],"tags":[313,420,91,235,1821,1967,1189,356,441],"class_list":{"0":"post-14093","1":"post","2":"type-post","3":"status-publish","4":"format-standard","5":"has-post-thumbnail","7":"category-actualidad","8":"tag-alpesca","9":"tag-andres-arbeletche","10":"tag-featured","11":"tag-ignacio-torres","12":"tag-luis-nunez","13":"tag-matias-miranda","14":"tag-profand","15":"tag-red-chamber","16":"tag-stia"},"aioseo_notices":[],"amp_enabled":true,"_links":{"self":[{"href":"https:\/\/partedepesca.com.ar\/d\/wp-json\/wp\/v2\/posts\/14093","targetHints":{"allow":["GET"]}}],"collection":[{"href":"https:\/\/partedepesca.com.ar\/d\/wp-json\/wp\/v2\/posts"}],"about":[{"href":"https:\/\/partedepesca.com.ar\/d\/wp-json\/wp\/v2\/types\/post"}],"author":[{"embeddable":true,"href":"https:\/\/partedepesca.com.ar\/d\/wp-json\/wp\/v2\/users\/3"}],"replies":[{"embeddable":true,"href":"https:\/\/partedepesca.com.ar\/d\/wp-json\/wp\/v2\/comments?post=14093"}],"version-history":[{"count":6,"href":"https:\/\/partedepesca.com.ar\/d\/wp-json\/wp\/v2\/posts\/14093\/revisions"}],"predecessor-version":[{"id":14105,"href":"https:\/\/partedepesca.com.ar\/d\/wp-json\/wp\/v2\/posts\/14093\/revisions\/14105"}],"wp:featuredmedia":[{"embeddable":true,"href":"https:\/\/partedepesca.com.ar\/d\/wp-json\/wp\/v2\/media\/14094"}],"wp:attachment":[{"href":"https:\/\/partedepesca.com.ar\/d\/wp-json\/wp\/v2\/media?parent=14093"}],"wp:term":[{"taxonomy":"category","embeddable":true,"href":"https:\/\/partedepesca.com.ar\/d\/wp-json\/wp\/v2\/categories?post=14093"},{"taxonomy":"post_tag","embeddable":true,"href":"https:\/\/partedepesca.com.ar\/d\/wp-json\/wp\/v2\/tags?post=14093"}],"curies":[{"name":"wp","href":"https:\/\/api.w.org\/{rel}","templated":true}]}}