{"id":14040,"date":"2025-11-19T01:32:23","date_gmt":"2025-11-19T01:32:23","guid":{"rendered":"https:\/\/partedepesca.com.ar\/d\/?p=14040"},"modified":"2025-11-20T23:06:28","modified_gmt":"2025-11-20T23:06:28","slug":"capa-pidio-iniciar-la-zafra-de-calamar-al-sur-del-44s-a-partir-de-6-de-enero","status":"publish","type":"post","link":"https:\/\/partedepesca.com.ar\/d\/capa-pidio-iniciar-la-zafra-de-calamar-al-sur-del-44s-a-partir-de-6-de-enero\/","title":{"rendered":"CAPA pidi\u00f3 iniciar la zafra de calamar al sur del 44\u00b0S a partir de 6 de enero"},"content":{"rendered":"\n<p>El Consejo Federal Pesquero (CFP) recibi\u00f3 una nota de la C\u00e1mara de Armadores de Poteros Argentinos (CAPA) solicitando la apertura anticipada de las operaciones de pesca al sur del paralelo 44\u00b0 S para el 6 de enero del a\u00f1o pr\u00f3ximo.<\/p>\n\n\n\n<p>Seg\u00fan consta en el Acta 32 \u201cse toma conocimiento de la nota recibida, a trav\u00e9s de la cual se solicita la apertura anticipada de la temporada de calamar 2026 al sur del paralelo 44\u00b0 de latitud Sur, a partir del d\u00eda 6 de enero pr\u00f3ximo\u201d.<\/p>\n\n\n\n<figure class=\"wp-block-image size-large\"><a href=\"https:\/\/partedepesca.com.ar\/d\/wp-content\/uploads\/2025\/11\/poteros-y-arrastrero-mar-del-plata.jpg\"><img fetchpriority=\"high\" decoding=\"async\" width=\"1024\" height=\"768\" src=\"https:\/\/partedepesca.com.ar\/d\/wp-content\/uploads\/2025\/11\/poteros-y-arrastrero-mar-del-plata-1024x768.jpg\" alt=\"\" class=\"wp-image-14044\" srcset=\"https:\/\/partedepesca.com.ar\/d\/wp-content\/uploads\/2025\/11\/poteros-y-arrastrero-mar-del-plata-1024x768.jpg 1024w, https:\/\/partedepesca.com.ar\/d\/wp-content\/uploads\/2025\/11\/poteros-y-arrastrero-mar-del-plata-300x225.jpg 300w, https:\/\/partedepesca.com.ar\/d\/wp-content\/uploads\/2025\/11\/poteros-y-arrastrero-mar-del-plata-768x576.jpg 768w, https:\/\/partedepesca.com.ar\/d\/wp-content\/uploads\/2025\/11\/poteros-y-arrastrero-mar-del-plata-150x113.jpg 150w, https:\/\/partedepesca.com.ar\/d\/wp-content\/uploads\/2025\/11\/poteros-y-arrastrero-mar-del-plata-450x338.jpg 450w, https:\/\/partedepesca.com.ar\/d\/wp-content\/uploads\/2025\/11\/poteros-y-arrastrero-mar-del-plata-1200x900.jpg 1200w, https:\/\/partedepesca.com.ar\/d\/wp-content\/uploads\/2025\/11\/poteros-y-arrastrero-mar-del-plata.jpg 1280w\" sizes=\"(max-width: 1024px) 100vw, 1024px\" \/><\/a><\/figure>\n\n\n\n<p>El pedido se fundamenta en los resultados favorables que se han obtenido a partir de la adopci\u00f3n de esta medida en a\u00f1os anteriores con el apoyo de los informes del INIDEP, y en que en la temporada del corriente a\u00f1o, a diferencia de a\u00f1os anteriores, los resultados de la b\u00fasqueda de vol\u00famenes del Stock Sudpatag\u00f3nico (SSP) entre los paralelos 49\u00b0 y 52\u00b0 de latitud Sur han sido m\u00e1s satisfactorios.<\/p>\n\n\n\n<p>\u201cAl respecto, se decide por unanimidad remitir la solicitud al INIDEP para que emita opini\u00f3n t\u00e9cnica y a tal fin se instruye a la Coordinaci\u00f3n Institucional\u201d, dispuso el Consejo a fin de contar con respaldo t\u00e9cnico para tomar una determinaci\u00f3n al respecto.<\/p>\n","protected":false},"excerpt":{"rendered":"<p>El Consejo Federal Pesquero (CFP) recibi\u00f3 una nota de la C\u00e1mara de Armadores de Poteros Argentinos (CAPA) solicitando la apertura anticipada de las operaciones de pesca al sur del paralelo 44\u00b0 S para el 6 de enero del a\u00f1o pr\u00f3ximo. Seg\u00fan consta en el Acta 32 \u201cse toma conocimiento de la nota recibida, a trav\u00e9s<\/p>\n","protected":false},"author":4,"featured_media":14043,"comment_status":"open","ping_status":"open","sticky":false,"template":"","format":"standard","meta":{"om_disable_all_campaigns":false,"_monsterinsights_skip_tracking":false,"_monsterinsights_sitenote_active":false,"_monsterinsights_sitenote_note":"","_monsterinsights_sitenote_category":0,"footnotes":""},"categories":[9],"tags":[726,204,91,546,973],"class_list":{"0":"post-14040","1":"post","2":"type-post","3":"status-publish","4":"format-standard","5":"has-post-thumbnail","7":"category-actualidad","8":"tag-calamar","9":"tag-capa","10":"tag-featured","11":"tag-illex-argentinus","12":"tag-poteros"},"aioseo_notices":[],"amp_enabled":true,"_links":{"self":[{"href":"https:\/\/partedepesca.com.ar\/d\/wp-json\/wp\/v2\/posts\/14040","targetHints":{"allow":["GET"]}}],"collection":[{"href":"https:\/\/partedepesca.com.ar\/d\/wp-json\/wp\/v2\/posts"}],"about":[{"href":"https:\/\/partedepesca.com.ar\/d\/wp-json\/wp\/v2\/types\/post"}],"author":[{"embeddable":true,"href":"https:\/\/partedepesca.com.ar\/d\/wp-json\/wp\/v2\/users\/4"}],"replies":[{"embeddable":true,"href":"https:\/\/partedepesca.com.ar\/d\/wp-json\/wp\/v2\/comments?post=14040"}],"version-history":[{"count":2,"href":"https:\/\/partedepesca.com.ar\/d\/wp-json\/wp\/v2\/posts\/14040\/revisions"}],"predecessor-version":[{"id":14045,"href":"https:\/\/partedepesca.com.ar\/d\/wp-json\/wp\/v2\/posts\/14040\/revisions\/14045"}],"wp:featuredmedia":[{"embeddable":true,"href":"https:\/\/partedepesca.com.ar\/d\/wp-json\/wp\/v2\/media\/14043"}],"wp:attachment":[{"href":"https:\/\/partedepesca.com.ar\/d\/wp-json\/wp\/v2\/media?parent=14040"}],"wp:term":[{"taxonomy":"category","embeddable":true,"href":"https:\/\/partedepesca.com.ar\/d\/wp-json\/wp\/v2\/categories?post=14040"},{"taxonomy":"post_tag","embeddable":true,"href":"https:\/\/partedepesca.com.ar\/d\/wp-json\/wp\/v2\/tags?post=14040"}],"curies":[{"name":"wp","href":"https:\/\/api.w.org\/{rel}","templated":true}]}}