{"id":14016,"date":"2025-11-14T16:01:00","date_gmt":"2025-11-14T16:01:00","guid":{"rendered":"https:\/\/partedepesca.com.ar\/d\/?p=14016"},"modified":"2025-11-15T02:12:37","modified_gmt":"2025-11-15T02:12:37","slug":"pescadores-artesanales-gestionan-readecuacion-normativa-para-operar-en-camarones","status":"publish","type":"post","link":"https:\/\/partedepesca.com.ar\/d\/pescadores-artesanales-gestionan-readecuacion-normativa-para-operar-en-camarones\/","title":{"rendered":"Pescadores artesanales gestionan readecuaci\u00f3n normativa para operar en Camarones"},"content":{"rendered":"\n<p>La C\u00e1mara de la Flota Artesanal de Rawson (CAFAR) que preside Nicol\u00e1s Santos se reuni\u00f3 con la intendenta de Camarones, Claudia Loyola, con el objetivo de transmitir la predisposici\u00f3n del sector para comenzar a operar en el puerto de esa localidad.<\/p>\n\n\n\n<p>Durante el encuentro, los representantes de la c\u00e1mara manifestaron su voluntad de desarrollar actividad pesquera en Camarones, se\u00f1alando que cuentan con embarcaciones y permisos de pesca habilitantes, pero actualmente se encuentran impedidos de operar debido a restricciones normativas vigentes.<\/p>\n\n\n\n<p>En este contexto, Loyola destac\u00f3 la importancia de acompa\u00f1ar las gestiones que permitan modificar la legislaci\u00f3n provincial, actualmente en tratamiento en la Legislatura, que contempla la modificaci\u00f3n de un art\u00edculo clave para habilitar la operatividad de la pesca artesanal en esa localidad chubutense.<\/p>\n\n\n\n<figure class=\"wp-block-image size-large\"><a href=\"https:\/\/partedepesca.com.ar\/d\/wp-content\/uploads\/2025\/11\/cafar-con-loyola-camarones.jpg\"><img fetchpriority=\"high\" decoding=\"async\" width=\"1024\" height=\"576\" src=\"https:\/\/partedepesca.com.ar\/d\/wp-content\/uploads\/2025\/11\/cafar-con-loyola-camarones-1024x576.jpg\" alt=\"\" class=\"wp-image-14019\" srcset=\"https:\/\/partedepesca.com.ar\/d\/wp-content\/uploads\/2025\/11\/cafar-con-loyola-camarones-1024x576.jpg 1024w, https:\/\/partedepesca.com.ar\/d\/wp-content\/uploads\/2025\/11\/cafar-con-loyola-camarones-300x169.jpg 300w, https:\/\/partedepesca.com.ar\/d\/wp-content\/uploads\/2025\/11\/cafar-con-loyola-camarones-768x432.jpg 768w, https:\/\/partedepesca.com.ar\/d\/wp-content\/uploads\/2025\/11\/cafar-con-loyola-camarones-150x84.jpg 150w, https:\/\/partedepesca.com.ar\/d\/wp-content\/uploads\/2025\/11\/cafar-con-loyola-camarones-450x253.jpg 450w, https:\/\/partedepesca.com.ar\/d\/wp-content\/uploads\/2025\/11\/cafar-con-loyola-camarones-1200x676.jpg 1200w, https:\/\/partedepesca.com.ar\/d\/wp-content\/uploads\/2025\/11\/cafar-con-loyola-camarones.jpg 1437w\" sizes=\"(max-width: 1024px) 100vw, 1024px\" \/><\/a><\/figure>\n\n\n\n<p>La intendenta adelant\u00f3 que buscar\u00e1 reunirse directamente con el gobernador Ignacio Torres y quien est\u00e9 al frente de la cartera de pesca para intentar destrabar la situaci\u00f3n a la brevedad posible.<\/p>\n\n\n\n<p>\u201cVenimos dialogando con diputados y con el secretario de Pesca de la provincia. Nos han manifestado que no existe oposici\u00f3n a la modificatoria, pero a\u00fan no se ha avanzado en su aprobaci\u00f3n, lo cual es fundamental para que los pescadores puedan trabajar\u201d, expres\u00f3 la intendenta.<\/p>\n\n\n\n<p>Concretamente, el proyecto de ley N\u00b0 055\/24, que se encuentra a la espera de tratamiento legislativo, prev\u00e9 la modificaci\u00f3n de la operatividad en la zona 3, lo que permitir\u00e1 habilitar la actividad de los pescadores artesanales en el puerto de Camarones.<\/p>\n\n\n\n<p>Loyola reafirm\u00f3 su compromiso de seguir acompa\u00f1ando a la C\u00e1mara de la Flota Artesanal de Rawson (CAFAR) y a los trabajadores del sector para que puedan desarrollar su actividad productiva en el puerto de Camarones, generando empleo y fortaleciendo la econom\u00eda local.<\/p>\n","protected":false},"excerpt":{"rendered":"<p>La C\u00e1mara de la Flota Artesanal de Rawson (CAFAR) que preside Nicol\u00e1s Santos se reuni\u00f3 con la intendenta de Camarones, Claudia Loyola, con el objetivo de transmitir la predisposici\u00f3n del sector para comenzar a operar en el puerto de esa localidad. Durante el encuentro, los representantes de la c\u00e1mara manifestaron su voluntad de desarrollar actividad<\/p>\n","protected":false},"author":4,"featured_media":14017,"comment_status":"open","ping_status":"open","sticky":false,"template":"","format":"standard","meta":{"om_disable_all_campaigns":false,"_monsterinsights_skip_tracking":false,"_monsterinsights_sitenote_active":false,"_monsterinsights_sitenote_note":"","_monsterinsights_sitenote_category":0,"footnotes":""},"categories":[9],"tags":[756,2486,1345,91,4],"class_list":{"0":"post-14016","1":"post","2":"type-post","3":"status-publish","4":"format-standard","5":"has-post-thumbnail","7":"category-actualidad","8":"tag-artesanales","9":"tag-cafar","10":"tag-camarones","11":"tag-featured","12":"tag-pesca"},"aioseo_notices":[],"amp_enabled":true,"_links":{"self":[{"href":"https:\/\/partedepesca.com.ar\/d\/wp-json\/wp\/v2\/posts\/14016","targetHints":{"allow":["GET"]}}],"collection":[{"href":"https:\/\/partedepesca.com.ar\/d\/wp-json\/wp\/v2\/posts"}],"about":[{"href":"https:\/\/partedepesca.com.ar\/d\/wp-json\/wp\/v2\/types\/post"}],"author":[{"embeddable":true,"href":"https:\/\/partedepesca.com.ar\/d\/wp-json\/wp\/v2\/users\/4"}],"replies":[{"embeddable":true,"href":"https:\/\/partedepesca.com.ar\/d\/wp-json\/wp\/v2\/comments?post=14016"}],"version-history":[{"count":1,"href":"https:\/\/partedepesca.com.ar\/d\/wp-json\/wp\/v2\/posts\/14016\/revisions"}],"predecessor-version":[{"id":14020,"href":"https:\/\/partedepesca.com.ar\/d\/wp-json\/wp\/v2\/posts\/14016\/revisions\/14020"}],"wp:featuredmedia":[{"embeddable":true,"href":"https:\/\/partedepesca.com.ar\/d\/wp-json\/wp\/v2\/media\/14017"}],"wp:attachment":[{"href":"https:\/\/partedepesca.com.ar\/d\/wp-json\/wp\/v2\/media?parent=14016"}],"wp:term":[{"taxonomy":"category","embeddable":true,"href":"https:\/\/partedepesca.com.ar\/d\/wp-json\/wp\/v2\/categories?post=14016"},{"taxonomy":"post_tag","embeddable":true,"href":"https:\/\/partedepesca.com.ar\/d\/wp-json\/wp\/v2\/tags?post=14016"}],"curies":[{"name":"wp","href":"https:\/\/api.w.org\/{rel}","templated":true}]}}