{"id":13991,"date":"2025-11-13T05:56:04","date_gmt":"2025-11-13T05:56:04","guid":{"rendered":"https:\/\/partedepesca.com.ar\/d\/?p=13991"},"modified":"2025-11-14T18:31:25","modified_gmt":"2025-11-14T18:31:25","slug":"profand-avisa-que-hay-un-escenario-que-compromete-la-continuidad","status":"publish","type":"post","link":"https:\/\/partedepesca.com.ar\/d\/profand-avisa-que-hay-un-escenario-que-compromete-la-continuidad\/","title":{"rendered":"Profand avisa que hay un &#8220;escenario&#8221; que &#8220;compromete la continuidad&#8221;"},"content":{"rendered":"\n<p>Hoy se cumplen 43 d\u00edas desde que el <strong>Grupo Profand<\/strong> tom\u00f3 el control de la planta de la <strong>ex Alpesca<\/strong> en Puerto Madryn, en la provincia de Chubut, Argentina.<\/p>\n\n\n\n<p>La compa\u00f1\u00eda espa\u00f1ola a trav\u00e9s de Pesquera Deseado S.A.U. intim\u00f3 al Gobierno de Chubut por la <strong>&#8220;entrega de posesi\u00f3n de embarcaciones arrendadas&#8221;<\/strong> y reclam\u00f3 &#8220;informaci\u00f3n sobre ratificaci\u00f3n legislativa&#8221;.<\/p>\n\n\n\n<p>La firma representada por el <strong>Estudio Jur\u00eddico Gonz\u00e1lez Lernoud<\/strong>, Iglesias &amp; Pedotti envi\u00f3 una misiva al Secretario de Pesca de Chubut, Dr. <strong>Andr\u00e9s Arbeletche<\/strong>, y al Comit\u00e9 de Administraci\u00f3n de Alpesca que dirige <strong>el cabo primero de polic\u00eda, Mat\u00edas Eduardo Miranda<\/strong>, donde le plantean en el marco del &#8220;Contrato de Arrendamiento con Opci\u00f3n a Compra&#8221; suscripto con fecha 30 de septiembre de 2025, <strong>&#8220;a fin de intimar formalmente<\/strong> la entrega de posesi\u00f3n inmediata de los buques y dem\u00e1s activos comprendidos en el mencionado contrato&#8221;, expresaron los representantes locales Profand.<\/p>\n\n\n\n<p><strong>La intimaci\u00f3n es una advertencia hecha a una persona f\u00edsica o jur\u00eddica sobre un incumplimiento de legalidad, fij\u00e1ndose un plazo para la regularizaci\u00f3n con la indicaci\u00f3n de qu\u00e9 consecuencias acarrear\u00eda en caso contrario; aunque en este caso no se fij\u00f3, llamativamente, plazo alguno.<\/strong><\/p>\n\n\n\n<p>Profand le advierte al Gobierno que &#8220;el contrato de arrendamiento con opci\u00f3n establece de manera clara y vinculante que la empresa debe recibir la posesi\u00f3n pac\u00edfica, efectiva y libre de ocupantes de los activos integrantes del patrimonio de la ex Alpesca S.A., incluy\u00e9ndose, expresamente, los buques <strong>BP Promarsa I, III y Cabo V\u00edrgenes<\/strong>, con sus permisos de pesca y cuotas correspondientes, <strong>adem\u00e1s de los dem\u00e1s (SIC) permisos de permisos de pesca y cuotas all\u00ed detallados&#8221;<\/strong>, indica el escrito.<\/p>\n\n\n\n<p>Y agrega: &#8220;Bien sabr\u00e1n comprender que el retraso en la formalizaci\u00f3n de la entrega de estos activos impacta directamente en la operatividad y sostenibilidad econ\u00f3mica de la unidad de negocio, generando <strong>un escenario altamente dificultoso que compromete la continuidad productiva, afectando la viabilidad del contrato en s\u00ed, y poniendo en serio riesgo la posibilidad de cumplimentar las obligaciones por esta parte asumidas en el contrato&#8221;<\/strong>, advierte en forma categ\u00f3rica y contundente la filial en Argentina del Grupo Profand.<\/p>\n\n\n\n<p>Finalmente, le dicen al gobierno de Ignacio Torres, pero en una nota dirigida a <strong>Arbeletche y Miranda<\/strong> que &#8220;exhortamos se nos informe de manera inmediata y detallada el estado del tr\u00e1mite vinculado con la ratificaci\u00f3n legislativa del acuerdo, incluyendo plazos, gestiones realizadas, eventuales observaciones y pasos pendientes de aprobaci\u00f3n&#8221;, cierran sin decir qu\u00e9 ocurrir\u00eda si no cumplen.<\/p>\n\n\n\n<p><strong>Leer: <a href=\"https:\/\/partedepesca.com.ar\/d\/wp-content\/uploads\/2025\/11\/Profand-Reclama-al-Gobierno-de-Chubut.pdf\" target=\"_blank\" rel=\"noopener\" title=\"\">PROFAND RECLAMA AL GOBIERNO DE CHUBUT<\/a><\/strong><\/p>\n","protected":false},"excerpt":{"rendered":"<p>Hoy se cumplen 43 d\u00edas desde que el Grupo Profand tom\u00f3 el control de la planta de la ex Alpesca en Puerto Madryn, en la provincia de Chubut, Argentina. La compa\u00f1\u00eda espa\u00f1ola a trav\u00e9s de Pesquera Deseado S.A.U. intim\u00f3 al Gobierno de Chubut por la &#8220;entrega de posesi\u00f3n de embarcaciones arrendadas&#8221; y reclam\u00f3 &#8220;informaci\u00f3n sobre<\/p>\n","protected":false},"author":3,"featured_media":13992,"comment_status":"open","ping_status":"open","sticky":false,"template":"","format":"standard","meta":{"om_disable_all_campaigns":false,"_monsterinsights_skip_tracking":false,"_monsterinsights_sitenote_active":false,"_monsterinsights_sitenote_note":"","_monsterinsights_sitenote_category":0,"footnotes":""},"categories":[9],"tags":[313,154,91,1945,1189,257],"class_list":{"0":"post-13991","1":"post","2":"type-post","3":"status-publish","4":"format-standard","5":"has-post-thumbnail","7":"category-actualidad","8":"tag-alpesca","9":"tag-chubut","10":"tag-featured","11":"tag-pesquera","12":"tag-profand","13":"tag-red-chamber-co"},"aioseo_notices":[],"amp_enabled":true,"_links":{"self":[{"href":"https:\/\/partedepesca.com.ar\/d\/wp-json\/wp\/v2\/posts\/13991","targetHints":{"allow":["GET"]}}],"collection":[{"href":"https:\/\/partedepesca.com.ar\/d\/wp-json\/wp\/v2\/posts"}],"about":[{"href":"https:\/\/partedepesca.com.ar\/d\/wp-json\/wp\/v2\/types\/post"}],"author":[{"embeddable":true,"href":"https:\/\/partedepesca.com.ar\/d\/wp-json\/wp\/v2\/users\/3"}],"replies":[{"embeddable":true,"href":"https:\/\/partedepesca.com.ar\/d\/wp-json\/wp\/v2\/comments?post=13991"}],"version-history":[{"count":2,"href":"https:\/\/partedepesca.com.ar\/d\/wp-json\/wp\/v2\/posts\/13991\/revisions"}],"predecessor-version":[{"id":13996,"href":"https:\/\/partedepesca.com.ar\/d\/wp-json\/wp\/v2\/posts\/13991\/revisions\/13996"}],"wp:featuredmedia":[{"embeddable":true,"href":"https:\/\/partedepesca.com.ar\/d\/wp-json\/wp\/v2\/media\/13992"}],"wp:attachment":[{"href":"https:\/\/partedepesca.com.ar\/d\/wp-json\/wp\/v2\/media?parent=13991"}],"wp:term":[{"taxonomy":"category","embeddable":true,"href":"https:\/\/partedepesca.com.ar\/d\/wp-json\/wp\/v2\/categories?post=13991"},{"taxonomy":"post_tag","embeddable":true,"href":"https:\/\/partedepesca.com.ar\/d\/wp-json\/wp\/v2\/tags?post=13991"}],"curies":[{"name":"wp","href":"https:\/\/api.w.org\/{rel}","templated":true}]}}