{"id":13886,"date":"2025-10-30T19:00:45","date_gmt":"2025-10-30T19:00:45","guid":{"rendered":"https:\/\/partedepesca.com.ar\/d\/?p=13886"},"modified":"2025-11-03T13:22:53","modified_gmt":"2025-11-03T13:22:53","slug":"observadores-a-bordo-acordaron-aumento-e-inicia-la-prospeccion-en-chubut","status":"publish","type":"post","link":"https:\/\/partedepesca.com.ar\/d\/observadores-a-bordo-acordaron-aumento-e-inicia-la-prospeccion-en-chubut\/","title":{"rendered":"Veinte barcos salen a la prospecci\u00f3n y el martes abrir\u00eda la temporada"},"content":{"rendered":"\n<p>El puerto de Rawson recobr\u00f3 su din\u00e1mica este jueves, con intenso movimiento en los diferentes muelles para el alistamiento y armado de los barcos. Una flota compuesta por 16 barcos de la flota amarilla y 4 de la flota artesanal inician este viernes con la prospecci\u00f3n de langostino en aguas provinciales. Se desarrollar\u00e1 en dos sectores, sur y norte, con dos d\u00edas de operaciones efectivas de pesca en cada \u00e1rea, por lo que de no surgir contratiempos, el martes 4 de noviembre podr\u00eda quedar formal y oficialmente habilitada la pesquer\u00eda de la especie Pleoticus muelleri en aguas jurisdiccionales de Chubut.<\/p>\n\n\n\n<p>Esta semana se cerr\u00f3 la paritaria pendiente que quedaba con el sector mar\u00edtimo, al sellarse acuerdo entre la flota amarilla y el SOMU, en los mismos t\u00e9rminos y valores que ya hab\u00eda acordado 45 d\u00edas atr\u00e1s, la Asociaci\u00f3n de Capitanes, el Sindicato de Conductores Navales y el Centro de Patrones de Pesca.<\/p>\n\n\n\n<p class=\"has-vivid-cyan-blue-color has-text-color has-link-color wp-elements-8074ad5f883715513933eff03980defd\"><strong>ACUERDO CON ESTATALES<\/strong><\/p>\n\n\n\n<p>Asimismo, este lunes se firm\u00f3 un acuerdo de recomposici\u00f3n salarial entre el Gobierno de Chubut y los gremios estatales que representan a los \u2018observadores a bordo\u2019, personal dependiente de la Secretar\u00eda de Pesca.<\/p>\n\n\n\n<p>El acta se suscribi\u00f3 en la Secretar\u00eda de Trabajo con la participaci\u00f3n de representantes del sector gremial de la Asociaci\u00f3n de Trabajadores del Estado (ATE) y de la Uni\u00f3n Personal Civil de la Naci\u00f3n (UPCN), y funcionarios del Gobierno.<\/p>\n\n\n\n<p>En el eje central del convenio se estableci\u00f3: &#8220;Incrementar el adicional d\u00eda de agua para los &#8216;observadores de a bordo de la siguiente manera: el porcentaje que actualmente perciben consistente en un 27% de la categor\u00eda de revista del agente que actualmente es la categor\u00eda VIII, llev\u00e1ndolo a un 52% de la categor\u00eda VIII, retroactivo al mes de octubre de 2025 y para el coordinador general de a bordo, incrementar el porcentaje que actualmente percibe consistente en un 27% de la categor\u00eda del agente que actualmente es la categor\u00eda XI, llev\u00e1ndolo a un 52% de la categor\u00eda XI, retroactivo al mes de octubre de 2025&#8221;, estipula la \u00fanica cl\u00e1usula que forma parte del acuerdo.<\/p>\n\n\n\n<p class=\"has-vivid-cyan-blue-color has-text-color has-link-color wp-elements-c95e8f5af2669097281cb670795f8ad6\"><strong>LA PESCA EN MOVIMIENTO<\/strong><\/p>\n\n\n\n<p>De este modo, todos los acuerdos salariales en la cadena productiva de la industria pesquera est\u00e1n cerrados y tambi\u00e9n la paritaria de los trabajadores estatales que realizan la tarea de \u2018observadores a bordo\u2019, lo cual permite contar con ese personal para llevar a cabo la prospecci\u00f3n.<\/p>\n\n\n\n<p>Los barcos de la flota amarilla zarpar\u00e1n esta noche. Como es de rigor, la prospecci\u00f3n se divide en dos zonas, al sur ir\u00e1n ocho barcos de flota amarilla y un n\u00famero id\u00e9ntico al norte, adonde se suman los cuatro artesanales. Con todo, a mediados de la semana pr\u00f3xima quedar\u00eda abierta la temporada de pesca y toda la cadena productiva de la industria volver\u00e1 a ponerse en marcha, lo cual sin dudas tiene un fuerte impacto econ\u00f3mico en la regi\u00f3n.<\/p>\n","protected":false},"excerpt":{"rendered":"<p>El puerto de Rawson recobr\u00f3 su din\u00e1mica este jueves, con intenso movimiento en los diferentes muelles para el alistamiento y armado de los barcos. Una flota compuesta por 16 barcos de la flota amarilla y 4 de la flota artesanal inician este viernes con la prospecci\u00f3n de langostino en aguas provinciales. Se desarrollar\u00e1 en dos<\/p>\n","protected":false},"author":4,"featured_media":13888,"comment_status":"open","ping_status":"open","sticky":false,"template":"","format":"standard","meta":{"om_disable_all_campaigns":false,"_monsterinsights_skip_tracking":false,"_monsterinsights_sitenote_active":false,"_monsterinsights_sitenote_note":"","_monsterinsights_sitenote_category":0,"footnotes":""},"categories":[9],"tags":[1783,154,91,152,2454,338,675],"class_list":{"0":"post-13886","1":"post","2":"type-post","3":"status-publish","4":"format-standard","5":"has-post-thumbnail","7":"category-actualidad","8":"tag-aguas-provinciales","9":"tag-chubut","10":"tag-featured","11":"tag-langostino","12":"tag-observadores","13":"tag-prospeccion","14":"tag-puerto-rawson"},"aioseo_notices":[],"amp_enabled":true,"_links":{"self":[{"href":"https:\/\/partedepesca.com.ar\/d\/wp-json\/wp\/v2\/posts\/13886","targetHints":{"allow":["GET"]}}],"collection":[{"href":"https:\/\/partedepesca.com.ar\/d\/wp-json\/wp\/v2\/posts"}],"about":[{"href":"https:\/\/partedepesca.com.ar\/d\/wp-json\/wp\/v2\/types\/post"}],"author":[{"embeddable":true,"href":"https:\/\/partedepesca.com.ar\/d\/wp-json\/wp\/v2\/users\/4"}],"replies":[{"embeddable":true,"href":"https:\/\/partedepesca.com.ar\/d\/wp-json\/wp\/v2\/comments?post=13886"}],"version-history":[{"count":2,"href":"https:\/\/partedepesca.com.ar\/d\/wp-json\/wp\/v2\/posts\/13886\/revisions"}],"predecessor-version":[{"id":13889,"href":"https:\/\/partedepesca.com.ar\/d\/wp-json\/wp\/v2\/posts\/13886\/revisions\/13889"}],"wp:featuredmedia":[{"embeddable":true,"href":"https:\/\/partedepesca.com.ar\/d\/wp-json\/wp\/v2\/media\/13888"}],"wp:attachment":[{"href":"https:\/\/partedepesca.com.ar\/d\/wp-json\/wp\/v2\/media?parent=13886"}],"wp:term":[{"taxonomy":"category","embeddable":true,"href":"https:\/\/partedepesca.com.ar\/d\/wp-json\/wp\/v2\/categories?post=13886"},{"taxonomy":"post_tag","embeddable":true,"href":"https:\/\/partedepesca.com.ar\/d\/wp-json\/wp\/v2\/tags?post=13886"}],"curies":[{"name":"wp","href":"https:\/\/api.w.org\/{rel}","templated":true}]}}