{"id":13777,"date":"2025-10-22T05:05:00","date_gmt":"2025-10-22T05:05:00","guid":{"rendered":"https:\/\/partedepesca.com.ar\/d\/?p=13777"},"modified":"2025-10-23T10:24:17","modified_gmt":"2025-10-23T10:24:17","slug":"frias-llamo-a-la-reflexion-y-planteo-que-los-sindicatos-no-estan-por-arriba-de-la-cadena-laboral","status":"publish","type":"post","link":"https:\/\/partedepesca.com.ar\/d\/frias-llamo-a-la-reflexion-y-planteo-que-los-sindicatos-no-estan-por-arriba-de-la-cadena-laboral\/","title":{"rendered":"Fr\u00edas llam\u00f3 a la reflexi\u00f3n y plante\u00f3 que \u201clos sindicatos no est\u00e1n por arriba de la cadena laboral\u201d"},"content":{"rendered":"\n<p>El secretario General de la Asociaci\u00f3n Argentina de Capitanes, Pilotos y Patrones de Pesca, <strong>Jorge Fr\u00edas<\/strong>, hizo un fuerte llamado a la reflexi\u00f3n sobre lo acontecido en la temporada de langostino de aguas nacionales y lo que viene en aguas de Chubut. Cuestion\u00f3 <strong>el \u201cego\u00edsmo\u201d de sectores sindicales que afectan el trabajo de miles de personas<\/strong> en una actividad con m\u00faltiples sectores laborales.<\/p>\n\n\n\n<p>Defendi\u00f3 la decisi\u00f3n de la entidad que conduce de haber firmado el acuerdo salarial con congeladores y tambi\u00e9n con la flota amarilla para no perder ni un solo d\u00eda de pesca. <strong>\u201cNo vamos a plantarnos en luchas eternas que no llevan a nada. <\/strong>Vamos a estar siempre del lado de la producci\u00f3n, del trabajo\u201d, enfatiz\u00f3 en di\u00e1logo con <strong>PARTE DE PESCA<\/strong>.<\/p>\n\n\n\n<p>El referente de los capitanes de pesca inst\u00f3 a otras entidades gremiales a \u201cdejar de lado posiciones o decisiones personales\u201d, y reivindic\u00f3 haber abierto el camino del consenso arribando a acuerdos.<\/p>\n\n\n\n<p><strong>\u201cEsta es una industria que lo que no se pesca hoy, ma\u00f1ana no se va a pescar\u201d<\/strong>, asever\u00f3 con demoledor sentido com\u00fan, y sobre esa base, Fr\u00edas dijo que \u201cestos tres meses que perdimos, sabemos que el primer mes no es el mejor, pero los dos siguientes s\u00ed, y los perdimos\u201d, dijo en relaci\u00f3n a lo acontecido en aguas nacionales.<\/p>\n\n\n\n<p>\u201cLos precios han mejorado tal como lo pactamos en el acuerdo. Recordemos que, Capitanes con el criterio de entender que <strong>no se pod\u00eda seguir sin salir a pescar para perder todo, aceptamos la l\u00f3gica de ceder algo transitoriamente para volver a discutirlo<\/strong>. Por eso, establecimos cl\u00e1usulas en distintos valores. Creo que <strong>no nos equivocamos, que van a ser reflejados en los salarios finales<\/strong> o en los ajustes que se hagan oportunamente\u201d, describi\u00f3 en cuanto a la decisi\u00f3n tom\u00f3 la Asociaci\u00f3n Argentina de Capitanes, Pilotos y Patrones de Pesca de firmar la paritaria con las c\u00e1maras congeladoras.<\/p>\n\n\n\n<p>A nadie escapa que en ese conflicto que demor\u00f3 el inicio de la pesquer\u00eda por la falta de acuerdo con el SOMU, tuvo episodios que no registran antecedentes, por ejemplo, que una marcha de protesta de ese gremio se haya trasladado hasta la sede central de la Asociaci\u00f3n de Capitanes, en Mar del Plata, para reprocharles que hab\u00edan firmado un acuerdo salarial.<\/p>\n\n\n\n<p class=\"has-vivid-cyan-blue-color has-text-color has-link-color wp-elements-6fc0d2fb83ce6678242f1d05f718f821\"><strong>\u201cTENEMOS QUE APRENDER\u201d<\/strong><\/p>\n\n\n\n<p>Terminada la zafra de aguas nacionales y a la luz de las secuelas econ\u00f3micas y sociales que dej\u00f3, Jorge Fr\u00edas afirm\u00f3: \u201ctenemos que aprender y espero que as\u00ed haya sido\u201d.<\/p>\n\n\n\n<p>En esa l\u00ednea, esa entidad sindical mar\u00edtima fue la primera en acordar con la CAFACH para arrancar la temporada de Rawson el 1\u00b0 de noviembre. <strong>\u201cNosotros no vamos a plantarnos en luchas eternas, que no llevan a nada.<\/strong> Vamos a estar siempre del lado de la producci\u00f3n, del trabajo, de discutir lo que haya que discutir con los barcos operando y <strong>dejar de lado, decisiones personales o particulares.<\/strong> No es como en otros casos, aqu\u00ed la instituci\u00f3n no est\u00e1 por arriba de la industria\u201d, refiri\u00f3.<\/p>\n\n\n\n<p>Con todo, Fr\u00edas abon\u00f3 esta posici\u00f3n se\u00f1alando que <strong>\u201ccada uno de los sindicatos no est\u00e1 por arriba de la cadena laboral.<\/strong> No podemos estar enclaustrados en ese ego\u00edsmo de creer que solo nosotros tenemos los derechos cuando afectamos a todos en la cadena laboral\u201d, resumi\u00f3.<\/p>\n\n\n\n<p>Sin mencionarlos, se refer\u00eda, de manera inequ\u00edvoca, a la intransigente postura del SOMU, tanto con los congeladores, como ahora con la flota amarilla de Chubut.<\/p>\n\n\n\n<figure class=\"wp-block-image size-large\"><a href=\"https:\/\/partedepesca.com.ar\/d\/wp-content\/uploads\/2025\/10\/VIGO-Conxemar-2025-Jorge-Frias.jpg\"><img fetchpriority=\"high\" decoding=\"async\" width=\"1024\" height=\"472\" src=\"https:\/\/partedepesca.com.ar\/d\/wp-content\/uploads\/2025\/10\/VIGO-Conxemar-2025-Jorge-Frias-1024x472.jpg\" alt=\"\" class=\"wp-image-13780\" srcset=\"https:\/\/partedepesca.com.ar\/d\/wp-content\/uploads\/2025\/10\/VIGO-Conxemar-2025-Jorge-Frias-1024x472.jpg 1024w, https:\/\/partedepesca.com.ar\/d\/wp-content\/uploads\/2025\/10\/VIGO-Conxemar-2025-Jorge-Frias-300x138.jpg 300w, https:\/\/partedepesca.com.ar\/d\/wp-content\/uploads\/2025\/10\/VIGO-Conxemar-2025-Jorge-Frias-768x354.jpg 768w, https:\/\/partedepesca.com.ar\/d\/wp-content\/uploads\/2025\/10\/VIGO-Conxemar-2025-Jorge-Frias-1536x708.jpg 1536w, https:\/\/partedepesca.com.ar\/d\/wp-content\/uploads\/2025\/10\/VIGO-Conxemar-2025-Jorge-Frias-150x69.jpg 150w, https:\/\/partedepesca.com.ar\/d\/wp-content\/uploads\/2025\/10\/VIGO-Conxemar-2025-Jorge-Frias-450x207.jpg 450w, https:\/\/partedepesca.com.ar\/d\/wp-content\/uploads\/2025\/10\/VIGO-Conxemar-2025-Jorge-Frias-1200x553.jpg 1200w, https:\/\/partedepesca.com.ar\/d\/wp-content\/uploads\/2025\/10\/VIGO-Conxemar-2025-Jorge-Frias.jpg 1600w\" sizes=\"(max-width: 1024px) 100vw, 1024px\" \/><\/a><\/figure>\n\n\n\n<p>El dirigente gremial ratific\u00f3 su visi\u00f3n de que un sector sindical no debiera cerrarse a no acordar sin tener en cuenta, que tal posici\u00f3n inflexible, termina da\u00f1ando los intereses de otros miles de trabajadores que forman parte de la misma industria. Tal como ocurri\u00f3 en la at\u00edpica temporada de aguas nacionales donde miles de trabajadores mar\u00edtimos no tuvieron oportunidad de hacer al menos una marea.<\/p>\n\n\n\n<p class=\"has-vivid-cyan-blue-color has-text-color has-link-color wp-elements-f3e51caae077b724b72f664c24ccdd88\"><strong>PLANIFICAR EL 2026<\/strong><\/p>\n\n\n\n<p><strong>\u201cDebemos encontrar consensos, con un sindicalismo que entienda que lo que funcion\u00f3 en otros tiempos ya no puede continuar.<\/strong> Un sindicalismo que tiene que bregar por la formaci\u00f3n, por la educaci\u00f3n de los trabajadores para que no quedemos atrasados o retrasados al respecto de la evoluci\u00f3n de la industria\u201d, plante\u00f3 en una mirada en perspectiva.<\/p>\n\n\n\n<p>El referente no oculta ni niega los problemas que tiene la actividad, por variables internas y externas. \u201cEn funci\u00f3n de la crisis que vivimos, que <strong>nos va a poner de cara a la pr\u00f3xima temporada 2026, en la necesidad de tener que alcanzar acuerdos sobre los valores de producci\u00f3n que eviten perder la posibilidad de trabajo como pas\u00f3 este a\u00f1o\u201d<\/strong>, plante\u00f3 como necesidad de no volver a repetir la p\u00e9rdida de meses de pesca que nunca se recuperan.<\/p>\n\n\n\n<p class=\"has-vivid-cyan-blue-color has-text-color has-link-color wp-elements-60d4864609800cbdde088d3574ef093c\"><strong>CONXEMAR Y CONGRESO FAO<\/strong><\/p>\n\n\n\n<p>En otro orden, Jorge Fr\u00edas, se refiri\u00f3 a su reciente participaci\u00f3n en la Feria de Vigo y el 13\u00b0 Congreso Internacional FAO-CONXEMAR-MAPA, en ocasi\u00f3n de los 30 a\u00f1os del C\u00f3digo de Pesca Responsable. <strong>\u201cNo he visto grandes avances, lo he planteado. He tenido la oportunidad de estar en los 20 a\u00f1os del C\u00f3digo, donde el C\u00f3digo sigue sin abordar la pesca acompa\u00f1ante, es algo que hay que hacerlo,<\/strong> hay que atenderlo, hay que asumir las responsabilidades\u201d, dijo el tono cr\u00edtico.<\/p>\n\n\n\n<p>\u201cUna vez a un funcionario argentino le plante\u00e9 por qu\u00e9 no extender al 30% la pesca acompa\u00f1ante, la pesca incidental, y me contest\u00f3 que eso ser\u00eda reconocer que durante muchos a\u00f1os lo estuvieron haciendo mal\u201d, record\u00f3.<\/p>\n\n\n\n<p>Por otro lado, y en relaci\u00f3n a las nuevas tendencias de mercado en lo que refiere a demanda de nuevos productos asociados a los cambios de h\u00e1bitos de consumo, Fr\u00edas dijo que \u201cla FAO nos est\u00e1 mostrando la necesidad de alimentos para el mundo es cada vez mayor, que recurrir a la acuicultura y al desarrollo de algas son procesos que ya est\u00e1n muy presentes y no van a retroceder, con lo cual veo un solo error\u201d, advirti\u00f3.<\/p>\n\n\n\n<p><strong>\u201cEs un error en el sector empresario -que quiz\u00e1s lo utiliz\u00f3 para poder fundar la necesidad de reducir el valor de la producci\u00f3n-, pero me parece que es riesgoso, y es comparar el vannamei o lo que sea de acuicultura, con un producto natural<\/strong>, como en este caso del langostino austral. Me parece que es un error t\u00e1ctico del sector empresario, porque hay que ense\u00f1arle, a mi entender, al consumidor la diferencia entre uno y otro\u201d, opin\u00f3 el dirigente sindical.<\/p>\n","protected":false},"excerpt":{"rendered":"<p>El secretario General de la Asociaci\u00f3n Argentina de Capitanes, Pilotos y Patrones de Pesca, Jorge Fr\u00edas, hizo un fuerte llamado a la reflexi\u00f3n sobre lo acontecido en la temporada de langostino de aguas nacionales y lo que viene en aguas de Chubut. Cuestion\u00f3 el \u201cego\u00edsmo\u201d de sectores sindicales que afectan el trabajo de miles de<\/p>\n","protected":false},"author":3,"featured_media":13778,"comment_status":"open","ping_status":"open","sticky":false,"template":"","format":"standard","meta":{"om_disable_all_campaigns":false,"_monsterinsights_skip_tracking":false,"_monsterinsights_sitenote_active":false,"_monsterinsights_sitenote_note":"","_monsterinsights_sitenote_category":0,"footnotes":""},"categories":[9],"tags":[213,1608,1376,91,1569,152],"class_list":{"0":"post-13777","1":"post","2":"type-post","3":"status-publish","4":"format-standard","5":"has-post-thumbnail","7":"category-actualidad","8":"tag-capitanes","9":"tag-congreso-fao","10":"tag-conxemar","11":"tag-featured","12":"tag-jorge-frias","13":"tag-langostino"},"aioseo_notices":[],"amp_enabled":true,"_links":{"self":[{"href":"https:\/\/partedepesca.com.ar\/d\/wp-json\/wp\/v2\/posts\/13777","targetHints":{"allow":["GET"]}}],"collection":[{"href":"https:\/\/partedepesca.com.ar\/d\/wp-json\/wp\/v2\/posts"}],"about":[{"href":"https:\/\/partedepesca.com.ar\/d\/wp-json\/wp\/v2\/types\/post"}],"author":[{"embeddable":true,"href":"https:\/\/partedepesca.com.ar\/d\/wp-json\/wp\/v2\/users\/3"}],"replies":[{"embeddable":true,"href":"https:\/\/partedepesca.com.ar\/d\/wp-json\/wp\/v2\/comments?post=13777"}],"version-history":[{"count":2,"href":"https:\/\/partedepesca.com.ar\/d\/wp-json\/wp\/v2\/posts\/13777\/revisions"}],"predecessor-version":[{"id":13781,"href":"https:\/\/partedepesca.com.ar\/d\/wp-json\/wp\/v2\/posts\/13777\/revisions\/13781"}],"wp:featuredmedia":[{"embeddable":true,"href":"https:\/\/partedepesca.com.ar\/d\/wp-json\/wp\/v2\/media\/13778"}],"wp:attachment":[{"href":"https:\/\/partedepesca.com.ar\/d\/wp-json\/wp\/v2\/media?parent=13777"}],"wp:term":[{"taxonomy":"category","embeddable":true,"href":"https:\/\/partedepesca.com.ar\/d\/wp-json\/wp\/v2\/categories?post=13777"},{"taxonomy":"post_tag","embeddable":true,"href":"https:\/\/partedepesca.com.ar\/d\/wp-json\/wp\/v2\/tags?post=13777"}],"curies":[{"name":"wp","href":"https:\/\/api.w.org\/{rel}","templated":true}]}}