{"id":13726,"date":"2025-10-14T17:01:52","date_gmt":"2025-10-14T17:01:52","guid":{"rendered":"https:\/\/partedepesca.com.ar\/d\/?p=13726"},"modified":"2025-10-16T23:23:40","modified_gmt":"2025-10-16T23:23:40","slug":"el-gobierno-de-chubut-busca-desactivar-demanda-de-red-chamber","status":"publish","type":"post","link":"https:\/\/partedepesca.com.ar\/d\/el-gobierno-de-chubut-busca-desactivar-demanda-de-red-chamber\/","title":{"rendered":"El Gobierno de Chubut busca desactivar demanda de Red Chamber"},"content":{"rendered":"\n<p>La semana inici\u00f3 con una ola de rumores y versiones cruzadas en torno a la controversia que se dispar\u00f3 a partir que, el Gobierno de Chubut que conduce Ignacio Torres, resolviera disolver la relaci\u00f3n contractual de arrendamiento entre el Estado y la firma Red Chamber sobre los bienes de la ex Alpesca.<\/p>\n\n\n\n<p>En la noche del lunes, Clar\u00edn daba a conocer que \u201cJusto antes de la reuni\u00f3n de Milei y Trump hubo fumata blanca entre el gobierno de Chubut y una pesquera de EE.UU.\u201d. La informaci\u00f3n corri\u00f3 a la velocidad del rayo y aliment\u00f3 m\u00faltiples especulaciones, lecturas y suposiciones.<\/p>\n\n\n\n<p>En las marat\u00f3nicas negociaciones bilaterales que Argentina mantiene con Estados Unidos, el caso Red Chamber se meti\u00f3 en la agenda diplom\u00e1tica; y desde el Gobierno nacional transmitieron al Gobierno chubutense la necesidad de encontrar una salida urgente o punto de acuerdo a la brevedad posible.<\/p>\n\n\n\n<p>El gobernador Torres le dijo al diario porte\u00f1o \u201cque hay compromisos de inversi\u00f3n\u201d y que un acuerdo pondr\u00eda fin a la controversia. El Gobierno de Chubut busca que la empresa norteamericana desista de los multimillonarios juicios iniciados contra la Provincia, a nivel nacional y tambi\u00e9n internacional. Pero en rigor, hasta el momento, solo se tratar\u00eda de conversaciones informales. No hay ning\u00fan acuerdo firmado, ni tampoco desistimiento de demandas.<\/p>\n\n\n\n<p>El apuro de hacer trascender un supuesto acuerdo habr\u00eda estado motivado en la cumbre de Washington de esta tarde, para bajar el tono de la pol\u00e9mica, y evitar una escalada del \u2018ruido\u2019 que provoc\u00f3 el gran malestar en la Embajada de Estados Unidos.<\/p>\n\n\n\n<p>Fuentes vinculadas a Red Chamber negaron que se haya firmado un compromiso de inversi\u00f3n en la Zona Franca de Trelew, ni que se haya estipulado la contrataci\u00f3n de determinada cantidad de personal. Todo se reducir\u00eda a conversaciones informales y negociaciones oficiosas en marcha.<\/p>\n\n\n\n<p>La compa\u00f1\u00eda con sede en Los \u00c1ngeles admite que hubo una propuesta del Gobierno de Chubut, pero que la misma solo fue recibida y est\u00e1 en an\u00e1lisis, y no hay a la fecha, definiciones en concreto.<\/p>\n\n\n\n<p>\u201cRecibimos una propuesta del Gobierno de Chubut y a\u00fan estamos evaluando\u201d, se limit\u00f3 a indicar una alta fuente de la firma norteamericana consultada ante la escalada de versiones. Y agreg\u00f3: \u201cNo tenemos ning\u00fan anuncio de inversi\u00f3n&nbsp;para&nbsp;hacer\u201d.<\/p>\n\n\n\n<p>Con todo, el caso Red Chamber gener\u00f3 la intervenci\u00f3n de la Canciller\u00eda argentina, la preocupaci\u00f3n de la Embajada de Estados Unidos, y el propio Departamento de Estado de Estados Unidos, lo que habr\u00eda acelerado las gestiones al m\u00e1ximo nivel para que Chubut intente un acuerdo con la empresa, lo cual no estar\u00eda resuelto aun, sino que solo hubo conversaciones; las multimillonarias demandas contra el estado chubutense siguen en marcha. <\/p>\n\n\n\n<p>Ignacio Torres, en plena campa\u00f1a electoral, busca ganar tiempo y bajarle el tono a la situaci\u00f3n para que las demandas multimillonarias contra el Estado no salpiquen el \u00faltimo tramo de la campa\u00f1a proselitista.<\/p>\n","protected":false},"excerpt":{"rendered":"<p>La semana inici\u00f3 con una ola de rumores y versiones cruzadas en torno a la controversia que se dispar\u00f3 a partir que, el Gobierno de Chubut que conduce Ignacio Torres, resolviera disolver la relaci\u00f3n contractual de arrendamiento entre el Estado y la firma Red Chamber sobre los bienes de la ex Alpesca. En la noche<\/p>\n","protected":false},"author":3,"featured_media":13727,"comment_status":"open","ping_status":"open","sticky":false,"template":"","format":"standard","meta":{"om_disable_all_campaigns":false,"_monsterinsights_skip_tracking":false,"_monsterinsights_sitenote_active":false,"_monsterinsights_sitenote_note":"","_monsterinsights_sitenote_category":0,"footnotes":""},"categories":[9],"tags":[2417,2416,91,356],"class_list":{"0":"post-13726","1":"post","2":"type-post","3":"status-publish","4":"format-standard","5":"has-post-thumbnail","7":"category-actualidad","8":"tag-cancilleria","9":"tag-embajada-estados-unidos","10":"tag-featured","11":"tag-red-chamber"},"aioseo_notices":[],"amp_enabled":true,"_links":{"self":[{"href":"https:\/\/partedepesca.com.ar\/d\/wp-json\/wp\/v2\/posts\/13726","targetHints":{"allow":["GET"]}}],"collection":[{"href":"https:\/\/partedepesca.com.ar\/d\/wp-json\/wp\/v2\/posts"}],"about":[{"href":"https:\/\/partedepesca.com.ar\/d\/wp-json\/wp\/v2\/types\/post"}],"author":[{"embeddable":true,"href":"https:\/\/partedepesca.com.ar\/d\/wp-json\/wp\/v2\/users\/3"}],"replies":[{"embeddable":true,"href":"https:\/\/partedepesca.com.ar\/d\/wp-json\/wp\/v2\/comments?post=13726"}],"version-history":[{"count":2,"href":"https:\/\/partedepesca.com.ar\/d\/wp-json\/wp\/v2\/posts\/13726\/revisions"}],"predecessor-version":[{"id":13729,"href":"https:\/\/partedepesca.com.ar\/d\/wp-json\/wp\/v2\/posts\/13726\/revisions\/13729"}],"wp:featuredmedia":[{"embeddable":true,"href":"https:\/\/partedepesca.com.ar\/d\/wp-json\/wp\/v2\/media\/13727"}],"wp:attachment":[{"href":"https:\/\/partedepesca.com.ar\/d\/wp-json\/wp\/v2\/media?parent=13726"}],"wp:term":[{"taxonomy":"category","embeddable":true,"href":"https:\/\/partedepesca.com.ar\/d\/wp-json\/wp\/v2\/categories?post=13726"},{"taxonomy":"post_tag","embeddable":true,"href":"https:\/\/partedepesca.com.ar\/d\/wp-json\/wp\/v2\/tags?post=13726"}],"curies":[{"name":"wp","href":"https:\/\/api.w.org\/{rel}","templated":true}]}}