{"id":13665,"date":"2025-10-08T07:21:14","date_gmt":"2025-10-08T07:21:14","guid":{"rendered":"https:\/\/partedepesca.com.ar\/d\/?p=13665"},"modified":"2025-10-10T10:49:08","modified_gmt":"2025-10-10T10:49:08","slug":"argentina-redefine-estrategias-comerciales-en-la-conxemar-2025","status":"publish","type":"post","link":"https:\/\/partedepesca.com.ar\/d\/argentina-redefine-estrategias-comerciales-en-la-conxemar-2025\/","title":{"rendered":"En la Conxemar 2025, Argentina redefine estrategias comerciales"},"content":{"rendered":"\n<p><strong>VIGO.-<\/strong>&nbsp; La XXVI Feria Internacional de Productos del Mar Congelados de Conxemar muestra las tendencias globales en materia de consumo y los vectores comerciales de oferta y demanda. Una primera mirada por los stands de los principales competidores de Argentina da cuenta del viraje que hay hacia productos de menor gramaje, en packaging atractivos, con valor agregado y hasta con alg\u00fan proceso de precocci\u00f3n.<\/p>\n\n\n\n<p>El viejo esquema de la caja de dos kilos de langostino congelado entero parece ir quedando, cada vez, m\u00e1s restringido a nichos muy puntuales, mientras que la demanda de los nuevos consumidores va variando en forma vertiginosa, el gran desaf\u00edo parece ser saber adecuarse r\u00e1pido a lo que el mercado requiere.<\/p>\n\n\n\n<p>As\u00ed lo interpretan varios actores de la cadena productiva de la industria pesquera argentina, que admiten que la din\u00e1mica de los mercados es cada vez m\u00e1s exigente y requiere de r\u00e1pidas adaptaciones.<\/p>\n\n\n\n<p class=\"has-vivid-cyan-blue-color has-text-color has-link-color wp-elements-02212ab615d9bd1b6263e025638ede6d\"><strong>\u201cARGENTINA TIENE QUE AUMENTAR LAS EXPORTACIONES\u201d<\/strong><\/p>\n\n\n\n<p>La inauguraci\u00f3n del stand de Argentina estuvo encabezada por el embajador argentino en Espa\u00f1a, Wenceslao Bunge, y por el subsecretario de Recursos Acu\u00e1ticos y Pesca, Juan Antonio L\u00f3pez Cazorla, y cont\u00f3 con la participaci\u00f3n del subsecretario de Pesca de Chubut, Diego Brandan y el representante de Santa Cruz en el CFP, Ricardo Patterson. A la ceremonia asistieron representantes de diferentes c\u00e1maras empresariales y directivos de compa\u00f1\u00edas que exponen en la Feria de Vigo.<\/p>\n\n\n\n<figure class=\"wp-block-image size-large\"><a href=\"https:\/\/partedepesca.com.ar\/d\/wp-content\/uploads\/2025\/10\/Conxemar-2025-inauguracion-stand-Argentina-3-scaled.jpg\"><img fetchpriority=\"high\" decoding=\"async\" width=\"1024\" height=\"683\" src=\"https:\/\/partedepesca.com.ar\/d\/wp-content\/uploads\/2025\/10\/Conxemar-2025-inauguracion-stand-Argentina-3-1024x683.jpg\" alt=\"\" class=\"wp-image-13667\" srcset=\"https:\/\/partedepesca.com.ar\/d\/wp-content\/uploads\/2025\/10\/Conxemar-2025-inauguracion-stand-Argentina-3-1024x683.jpg 1024w, https:\/\/partedepesca.com.ar\/d\/wp-content\/uploads\/2025\/10\/Conxemar-2025-inauguracion-stand-Argentina-3-300x200.jpg 300w, https:\/\/partedepesca.com.ar\/d\/wp-content\/uploads\/2025\/10\/Conxemar-2025-inauguracion-stand-Argentina-3-768x512.jpg 768w, https:\/\/partedepesca.com.ar\/d\/wp-content\/uploads\/2025\/10\/Conxemar-2025-inauguracion-stand-Argentina-3-1536x1024.jpg 1536w, https:\/\/partedepesca.com.ar\/d\/wp-content\/uploads\/2025\/10\/Conxemar-2025-inauguracion-stand-Argentina-3-2048x1365.jpg 2048w, https:\/\/partedepesca.com.ar\/d\/wp-content\/uploads\/2025\/10\/Conxemar-2025-inauguracion-stand-Argentina-3-150x100.jpg 150w, https:\/\/partedepesca.com.ar\/d\/wp-content\/uploads\/2025\/10\/Conxemar-2025-inauguracion-stand-Argentina-3-450x300.jpg 450w, https:\/\/partedepesca.com.ar\/d\/wp-content\/uploads\/2025\/10\/Conxemar-2025-inauguracion-stand-Argentina-3-1200x800.jpg 1200w\" sizes=\"(max-width: 1024px) 100vw, 1024px\" \/><\/a><\/figure>\n\n\n\n<p>El embajador Bunge valor\u00f3 la presencia del sector privado en la exposici\u00f3n internacional y sostuvo que \u201cArgentina tiene que aumentar las exportaciones dr\u00e1sticamente. Argentina solamente exporta un porcentaje muy bajo de su PBI. Pa\u00edses vecinos como Chile exportan m\u00e1s de dos tercios de su PBI. Creo que Argentina tiene que enfocarse tambi\u00e9n a aumentar esas exportaciones y la pesca es una de las industrias fundamentales para Argentina\u201d, consider\u00f3.<\/p>\n\n\n\n<p>Wenceslao Bunge destac\u00f3 \u201cla mano de obra\u201d que genera la actividad pesquera y \u201ctenemos un producto muy competitivo. Ac\u00e1 estamos viendo el inter\u00e9s que hay por el producto argentino\u201d, subray\u00f3. \u201cEs la iniciativa del sector privado que el gobierno quiere ayudar para que pueda crecer y para que pueda tener las relaciones que necesita en el exterior\u201d, agreg\u00f3.<\/p>\n\n\n\n<p class=\"has-vivid-cyan-blue-color has-text-color has-link-color wp-elements-55fc4fe4f8e1009af1a12a0e693a2eee\"><strong>PUNTO DE ENCUENTRO<\/strong><\/p>\n\n\n\n<p>En tanto, el sector pesquero argentino no solo viene a comercializar sus productos y ver la tendencia de precios, sino que la Feria de Vigo termina siendo un lugar de encuentro desde donde se tejen alternativas para el desarrollo de la actividad.<\/p>\n\n\n\n<figure class=\"wp-block-image size-large\"><a href=\"https:\/\/partedepesca.com.ar\/d\/wp-content\/uploads\/2025\/10\/Conxemar-2025-inauguracion-stand-Argentina-1-scaled.jpg\"><img decoding=\"async\" width=\"1024\" height=\"577\" src=\"https:\/\/partedepesca.com.ar\/d\/wp-content\/uploads\/2025\/10\/Conxemar-2025-inauguracion-stand-Argentina-1-1024x577.jpg\" alt=\"\" class=\"wp-image-13668\" srcset=\"https:\/\/partedepesca.com.ar\/d\/wp-content\/uploads\/2025\/10\/Conxemar-2025-inauguracion-stand-Argentina-1-1024x577.jpg 1024w, https:\/\/partedepesca.com.ar\/d\/wp-content\/uploads\/2025\/10\/Conxemar-2025-inauguracion-stand-Argentina-1-300x169.jpg 300w, https:\/\/partedepesca.com.ar\/d\/wp-content\/uploads\/2025\/10\/Conxemar-2025-inauguracion-stand-Argentina-1-768x433.jpg 768w, https:\/\/partedepesca.com.ar\/d\/wp-content\/uploads\/2025\/10\/Conxemar-2025-inauguracion-stand-Argentina-1-1536x866.jpg 1536w, https:\/\/partedepesca.com.ar\/d\/wp-content\/uploads\/2025\/10\/Conxemar-2025-inauguracion-stand-Argentina-1-2048x1154.jpg 2048w, https:\/\/partedepesca.com.ar\/d\/wp-content\/uploads\/2025\/10\/Conxemar-2025-inauguracion-stand-Argentina-1-150x85.jpg 150w, https:\/\/partedepesca.com.ar\/d\/wp-content\/uploads\/2025\/10\/Conxemar-2025-inauguracion-stand-Argentina-1-450x254.jpg 450w, https:\/\/partedepesca.com.ar\/d\/wp-content\/uploads\/2025\/10\/Conxemar-2025-inauguracion-stand-Argentina-1-1200x676.jpg 1200w\" sizes=\"(max-width: 1024px) 100vw, 1024px\" \/><\/a><\/figure>\n\n\n\n<p>El a\u00f1o pasado, la Conxemar fue epicentro de una cumbre empresarial argentina que permiti\u00f3 generar consensos para plantear una posici\u00f3n unificada en la negociaci\u00f3n paritaria antes que se iniciara la temporada de pesca de langostino en Rawson. Esa cumbre permiti\u00f3 definir la estrategia de c\u00f3mo llevar adelante la discusi\u00f3n y a la postre fue determinante para desarrollar una temporada sin inconvenientes y con niveles hist\u00f3ricos de capturas en aguas provinciales.<\/p>\n\n\n\n<p class=\"has-vivid-cyan-blue-color has-text-color has-link-color wp-elements-646c99c5d49e4514167f2542f1b1ec3d\"><strong>REUNIONES CLAVE<\/strong><\/p>\n\n\n\n<p>Hoy, habr\u00e1 diversas reuniones justamente para evaluar c\u00f3mo se implementar\u00e1 la zafra de Chubut, desde lo operativo y comercial, ya que marcar r\u00e9cord de capturas no es un fin en si mismo, sino que la sobreoferta de producto provoca la ca\u00edda de los precios.<\/p>\n\n\n\n<p>Con todo, y si bien falta mucho, empieza a mirarse con atenci\u00f3n, cu\u00e1ndo ser\u00eda el momento adecuado para pescar en aguas nacionales en el a\u00f1o 2026. Las circunstancias, por ya todos conocidas de este a\u00f1o, hizo que se pescara menos, se pescaran tallas m\u00e1s grandes, y los precios tuvieron una tendencia al alza; con esa experiencia hace repensar si conviene o no comenzar aguas nacionales temprano o esperar a la mitad del a\u00f1o. Debates que empiezan a masticarse.<\/p>\n","protected":false},"excerpt":{"rendered":"<p>VIGO.-&nbsp; La XXVI Feria Internacional de Productos del Mar Congelados de Conxemar muestra las tendencias globales en materia de consumo y los vectores comerciales de oferta y demanda. Una primera mirada por los stands de los principales competidores de Argentina da cuenta del viraje que hay hacia productos de menor gramaje, en packaging atractivos, con<\/p>\n","protected":false},"author":3,"featured_media":13666,"comment_status":"open","ping_status":"open","sticky":false,"template":"","format":"standard","meta":{"om_disable_all_campaigns":false,"_monsterinsights_skip_tracking":false,"_monsterinsights_sitenote_active":false,"_monsterinsights_sitenote_note":"","_monsterinsights_sitenote_category":0,"footnotes":""},"categories":[9],"tags":[1962,2405,91,444],"class_list":{"0":"post-13665","1":"post","2":"type-post","3":"status-publish","4":"format-standard","5":"has-post-thumbnail","7":"category-actualidad","8":"tag-argentina","9":"tag-conxemar-2025","10":"tag-featured","11":"tag-feria-de-vigo"},"aioseo_notices":[],"amp_enabled":true,"_links":{"self":[{"href":"https:\/\/partedepesca.com.ar\/d\/wp-json\/wp\/v2\/posts\/13665","targetHints":{"allow":["GET"]}}],"collection":[{"href":"https:\/\/partedepesca.com.ar\/d\/wp-json\/wp\/v2\/posts"}],"about":[{"href":"https:\/\/partedepesca.com.ar\/d\/wp-json\/wp\/v2\/types\/post"}],"author":[{"embeddable":true,"href":"https:\/\/partedepesca.com.ar\/d\/wp-json\/wp\/v2\/users\/3"}],"replies":[{"embeddable":true,"href":"https:\/\/partedepesca.com.ar\/d\/wp-json\/wp\/v2\/comments?post=13665"}],"version-history":[{"count":3,"href":"https:\/\/partedepesca.com.ar\/d\/wp-json\/wp\/v2\/posts\/13665\/revisions"}],"predecessor-version":[{"id":13679,"href":"https:\/\/partedepesca.com.ar\/d\/wp-json\/wp\/v2\/posts\/13665\/revisions\/13679"}],"wp:featuredmedia":[{"embeddable":true,"href":"https:\/\/partedepesca.com.ar\/d\/wp-json\/wp\/v2\/media\/13666"}],"wp:attachment":[{"href":"https:\/\/partedepesca.com.ar\/d\/wp-json\/wp\/v2\/media?parent=13665"}],"wp:term":[{"taxonomy":"category","embeddable":true,"href":"https:\/\/partedepesca.com.ar\/d\/wp-json\/wp\/v2\/categories?post=13665"},{"taxonomy":"post_tag","embeddable":true,"href":"https:\/\/partedepesca.com.ar\/d\/wp-json\/wp\/v2\/tags?post=13665"}],"curies":[{"name":"wp","href":"https:\/\/api.w.org\/{rel}","templated":true}]}}