{"id":13536,"date":"2025-09-26T18:31:26","date_gmt":"2025-09-26T18:31:26","guid":{"rendered":"https:\/\/partedepesca.com.ar\/d\/?p=13536"},"modified":"2025-09-29T10:03:02","modified_gmt":"2025-09-29T10:03:02","slug":"la-flota-tangonera-vuelve-a-zona-de-pesca-a-realizar-las-ultimas-mareas","status":"publish","type":"post","link":"https:\/\/partedepesca.com.ar\/d\/la-flota-tangonera-vuelve-a-zona-de-pesca-a-realizar-las-ultimas-mareas\/","title":{"rendered":"La flota tangonera vuelve a zona de pesca a realizar las \u00faltimas mareas"},"content":{"rendered":"\n<p>Tras amainar el temporal, la flota pesquera langostinera que permanec\u00eda guarecida en el Golfo Nuevo puso nuevamente proa a \u2018aguas nacionales\u2019 en la tarde de este viernes. La temporada de pesca entra en cuenta regresiva y la semana pr\u00f3xima, el Consejo Federal Pesquero (CFP) definir\u00eda la fecha de cierre de despacho de buques.<\/p>\n\n\n\n<p>Al d\u00eda de la fecha son tres las Sub\u00e1reas N\u00b0 4, 8 y 11 las habilitadas a la pesca comercial de la especie Pleoticus muelleri. Permanecen cerradas las Sub\u00e1reas N\u00b0 7, 12, 14 y 15 ante el ingreso de merluza hubbsi y se las ved\u00f3 cuando las capturas de langostino ten\u00edan by catch de merluza superior el 20%.<\/p>\n\n\n\n<p class=\"has-vivid-cyan-blue-color has-text-color has-link-color wp-elements-5e270986aa8d49d1809a88c16ee316fa\"><strong>SE VIENE UNA SEMANA CLAVE<\/strong><\/p>\n\n\n\n<p>En tanto, este s\u00e1bado 27 de septiembre se inicia una prospecci\u00f3n en la Sub\u00e1rea N\u00b0 5, comprendida entre las latitudes 42\u00b0S y 43\u00b0S y las longitudes 60\u00b0O y 61\u00b0O, la cual ten\u00eda inicialmente prevista su relevamiento para el viernes pasado, pero debido a condiciones clim\u00e1ticas se la reprogramo.<\/p>\n\n\n\n<p>Simult\u00e1neamente, ma\u00f1ana se dar\u00e1 inicio a un relevamiento de la Sub\u00e1rea N\u00b013, delimitada por las latitudes 45\u00b0S y 46\u00b0S y las longitudes 63\u00b0O y 64\u00b0O.<\/p>\n\n\n\n<figure class=\"wp-block-image size-large\"><a href=\"https:\/\/partedepesca.com.ar\/d\/wp-content\/uploads\/2025\/09\/flota-tangonera-en-rada-madryn-temporal-1-scaled.jpg\"><img fetchpriority=\"high\" decoding=\"async\" width=\"1024\" height=\"347\" src=\"https:\/\/partedepesca.com.ar\/d\/wp-content\/uploads\/2025\/09\/flota-tangonera-en-rada-madryn-temporal-1-1024x347.jpg\" alt=\"\" class=\"wp-image-13537\" srcset=\"https:\/\/partedepesca.com.ar\/d\/wp-content\/uploads\/2025\/09\/flota-tangonera-en-rada-madryn-temporal-1-1024x347.jpg 1024w, https:\/\/partedepesca.com.ar\/d\/wp-content\/uploads\/2025\/09\/flota-tangonera-en-rada-madryn-temporal-1-300x102.jpg 300w, https:\/\/partedepesca.com.ar\/d\/wp-content\/uploads\/2025\/09\/flota-tangonera-en-rada-madryn-temporal-1-768x260.jpg 768w, https:\/\/partedepesca.com.ar\/d\/wp-content\/uploads\/2025\/09\/flota-tangonera-en-rada-madryn-temporal-1-1536x521.jpg 1536w, https:\/\/partedepesca.com.ar\/d\/wp-content\/uploads\/2025\/09\/flota-tangonera-en-rada-madryn-temporal-1-2048x694.jpg 2048w, https:\/\/partedepesca.com.ar\/d\/wp-content\/uploads\/2025\/09\/flota-tangonera-en-rada-madryn-temporal-1-150x51.jpg 150w, https:\/\/partedepesca.com.ar\/d\/wp-content\/uploads\/2025\/09\/flota-tangonera-en-rada-madryn-temporal-1-450x153.jpg 450w, https:\/\/partedepesca.com.ar\/d\/wp-content\/uploads\/2025\/09\/flota-tangonera-en-rada-madryn-temporal-1-1200x407.jpg 1200w\" sizes=\"(max-width: 1024px) 100vw, 1024px\" \/><\/a><\/figure>\n\n\n\n<p>En el sector admiten que estas ser\u00edan las \u00faltimas prospecciones que se llevan a cabo en aguas nacionales. El martes estar\u00e1 concluida la prospecci\u00f3n y el mi\u00e9rcoles el Consejo Federal Pesquero se re\u00fane en taller y el jueves sesiona. All\u00ed se definir\u00e1 si resulta conveniente mantener abierto algunos sectores o fijar una fecha para el cierre de despacho de buques, poni\u00e9ndole fin a la temporada de aguas nacionales.<\/p>\n\n\n\n<p class=\"has-vivid-cyan-blue-color has-text-color has-link-color wp-elements-b16ee30d8fe7623cb405754faefe5afd\"><strong>RONDAN LAS 80.000 TONELADAS<\/strong><\/p>\n\n\n\n<p>La estad\u00edstica oficial de desembarques mar\u00edtimos que aporta la Secretar\u00eda de Agricultura Ganader\u00eda y Pesca de la Naci\u00f3n indica que en abril se pescaron 950,7 toneladas de langostino, en mayo apenas 641,8 toneladas, en junio las descargas de la especie llegaron a 962,6 toneladas y en julio a 4.581,6 toneladas.<\/p>\n\n\n\n<p>Mientras que en agosto cuando zarp\u00f3 el grueso de la flota, tras superarse el conflicto con el SOMU, los desembarques de langostino treparon a 39.512,7 toneladas.<\/p>\n\n\n\n<p>La informaci\u00f3n oficial actualizada hasta el 23 de septiembre, indica que en el mes en curso se contabilizan descargas del recurso por 32.225,7 toneladas. De este modo, la sumatoria da 78.871,1 toneladas.<\/p>\n","protected":false},"excerpt":{"rendered":"<p>Tras amainar el temporal, la flota pesquera langostinera que permanec\u00eda guarecida en el Golfo Nuevo puso nuevamente proa a \u2018aguas nacionales\u2019 en la tarde de este viernes. La temporada de pesca entra en cuenta regresiva y la semana pr\u00f3xima, el Consejo Federal Pesquero (CFP) definir\u00eda la fecha de cierre de despacho de buques. Al d\u00eda<\/p>\n","protected":false},"author":3,"featured_media":13538,"comment_status":"open","ping_status":"open","sticky":false,"template":"","format":"standard","meta":{"om_disable_all_campaigns":false,"_monsterinsights_skip_tracking":false,"_monsterinsights_sitenote_active":false,"_monsterinsights_sitenote_note":"","_monsterinsights_sitenote_category":0,"footnotes":""},"categories":[9],"tags":[237,223,91,152,153],"class_list":{"0":"post-13536","1":"post","2":"type-post","3":"status-publish","4":"format-standard","5":"has-post-thumbnail","7":"category-actualidad","8":"tag-aguas-nacionales","9":"tag-consejo-federal-pesquero","10":"tag-featured","11":"tag-langostino","12":"tag-pleoticus-muelleri"},"aioseo_notices":[],"amp_enabled":true,"_links":{"self":[{"href":"https:\/\/partedepesca.com.ar\/d\/wp-json\/wp\/v2\/posts\/13536","targetHints":{"allow":["GET"]}}],"collection":[{"href":"https:\/\/partedepesca.com.ar\/d\/wp-json\/wp\/v2\/posts"}],"about":[{"href":"https:\/\/partedepesca.com.ar\/d\/wp-json\/wp\/v2\/types\/post"}],"author":[{"embeddable":true,"href":"https:\/\/partedepesca.com.ar\/d\/wp-json\/wp\/v2\/users\/3"}],"replies":[{"embeddable":true,"href":"https:\/\/partedepesca.com.ar\/d\/wp-json\/wp\/v2\/comments?post=13536"}],"version-history":[{"count":1,"href":"https:\/\/partedepesca.com.ar\/d\/wp-json\/wp\/v2\/posts\/13536\/revisions"}],"predecessor-version":[{"id":13539,"href":"https:\/\/partedepesca.com.ar\/d\/wp-json\/wp\/v2\/posts\/13536\/revisions\/13539"}],"wp:featuredmedia":[{"embeddable":true,"href":"https:\/\/partedepesca.com.ar\/d\/wp-json\/wp\/v2\/media\/13538"}],"wp:attachment":[{"href":"https:\/\/partedepesca.com.ar\/d\/wp-json\/wp\/v2\/media?parent=13536"}],"wp:term":[{"taxonomy":"category","embeddable":true,"href":"https:\/\/partedepesca.com.ar\/d\/wp-json\/wp\/v2\/categories?post=13536"},{"taxonomy":"post_tag","embeddable":true,"href":"https:\/\/partedepesca.com.ar\/d\/wp-json\/wp\/v2\/tags?post=13536"}],"curies":[{"name":"wp","href":"https:\/\/api.w.org\/{rel}","templated":true}]}}