{"id":13503,"date":"2025-09-24T17:32:27","date_gmt":"2025-09-24T17:32:27","guid":{"rendered":"https:\/\/partedepesca.com.ar\/d\/?p=13503"},"modified":"2025-09-26T18:31:59","modified_gmt":"2025-09-26T18:31:59","slug":"la-pesca-reclama-retenciones-cero-para-recuperar-competitividad","status":"publish","type":"post","link":"https:\/\/partedepesca.com.ar\/d\/la-pesca-reclama-retenciones-cero-para-recuperar-competitividad\/","title":{"rendered":"La pesca argentina reclama &#8216;retenciones cero&#8217; para recuperar competitividad"},"content":{"rendered":"\n<p>La C\u00e1mara Pesquera Argentina \u2013 Armadores Langostineros Federales Argentinos (CAPEAR-ALFA) advirti\u00f3 sobre la \u201csituaci\u00f3n cr\u00edtica\u201d que atraviesa la industria pesquera y reclam\u00f3 medidas urgentes para recuperar competitividad.<\/p>\n\n\n\n<p>En una nota enviada al intendente de General Pueyrred\u00f3n, Guillermo Montenegro, la entidad solicit\u00f3 su intervenci\u00f3n ante el Gobierno nacional para incluir al sector en el esquema de retenciones cero recientemente otorgado al agro.<\/p>\n\n\n\n<p>Los armadores recordaron que el Decreto 682\/2025 suspendi\u00f3 las retenciones a las exportaciones de granos hasta alcanzar un cupo de 7.000 millones de d\u00f3lares o hasta el 31 de octubre, pero dej\u00f3 afuera a la pesca, pese a ser \u201cotro sector netamente exportador\u201d.<\/p>\n\n\n\n<p class=\"has-vivid-cyan-blue-color has-text-color has-link-color wp-elements-e551c62a8b0de04801b48426c19cca60\"><strong>PRESI\u00d3N IMPOSITIVA Y SOBRECOSTOS<\/strong><\/p>\n\n\n\n<p>\u201cEsta era una oportunidad inmejorable para incluir a la pesca en un esquema de retenciones cero, que permitiera demostrar competitividad, acelerar la liquidaci\u00f3n de divisas y fortalecer el ingreso de d\u00f3lares genuinos\u201d, se\u00f1al\u00f3 CAPEAR ALFA.<\/p>\n\n\n\n<p>La c\u00e1mara subray\u00f3 que la zafra de langostino se encuentra en etapa de cierre con importantes vol\u00famenes por liquidar, aunque el sector enfrenta una elevada presi\u00f3n impositiva, sobrecostos laborales, ART desbordadas y una creciente judicializaci\u00f3n que, aseguran, asfixia a las empresas.<\/p>\n\n\n\n<p class=\"has-vivid-cyan-blue-color has-text-color has-link-color wp-elements-9bbbd24630170cb925ac7d7a4c8cc951\"><strong>REFORMA LABORAL<\/strong><\/p>\n\n\n\n<p>En su planteo, la entidad reclam\u00f3 adem\u00e1s una reforma laboral e impositiva que otorgue previsibilidad, la normalizaci\u00f3n del sistema de riesgos de trabajo y la eliminaci\u00f3n de los mecanismos que fomentan la \u201cindustria del juicio\u201d.<\/p>\n\n\n\n<p>\u201cLa pesca no s\u00f3lo genera divisas: sostiene miles de puestos de trabajo directos e indirectos y representa a Mar del Plata en el mundo\u201d, remarcaron los armadores, al tiempo que pidieron que se le otorgue al sector la misma l\u00f3gica estrat\u00e9gica aplicada al agro.<\/p>\n\n\n\n<p class=\"has-vivid-cyan-blue-color has-text-color has-link-color wp-elements-3742b0b0f65b9e12b51fad383ac6bcda\"><strong>REQUERIMIENTOS<\/strong><\/p>\n\n\n\n<ul class=\"wp-block-list\">\n<li>La inclusi\u00f3n inmediata del sector pesquero en el esquema de retenciones cero, al menos por un plazo equivalente al otorgado al agro.<\/li>\n\n\n\n<li>Una reforma laboral e impositiva urgente, que permita previsibilidad, simplificaci\u00f3n y reducci\u00f3n de costos para las empresas.<\/li>\n\n\n\n<li>La normalizaci\u00f3n del sistema de ART, hoy desbordado y desalineado con la realidad operativa de la industria.<\/li>\n\n\n\n<li>La eliminaci\u00f3n de incentivos perversos que fomentan la industria del juicio, que atentan contra la sostenibilidad del empleo formal.<\/li>\n<\/ul>\n","protected":false},"excerpt":{"rendered":"<p>La C\u00e1mara Pesquera Argentina \u2013 Armadores Langostineros Federales Argentinos (CAPEAR-ALFA) advirti\u00f3 sobre la \u201csituaci\u00f3n cr\u00edtica\u201d que atraviesa la industria pesquera y reclam\u00f3 medidas urgentes para recuperar competitividad. En una nota enviada al intendente de General Pueyrred\u00f3n, Guillermo Montenegro, la entidad solicit\u00f3 su intervenci\u00f3n ante el Gobierno nacional para incluir al sector en el esquema de<\/p>\n","protected":false},"author":4,"featured_media":11108,"comment_status":"open","ping_status":"open","sticky":false,"template":"","format":"standard","meta":{"om_disable_all_campaigns":false,"_monsterinsights_skip_tracking":false,"_monsterinsights_sitenote_active":false,"_monsterinsights_sitenote_note":"","_monsterinsights_sitenote_category":0,"footnotes":""},"categories":[6],"tags":[500,618,91,668,678],"class_list":{"0":"post-13503","1":"post","2":"type-post","3":"status-publish","4":"format-standard","5":"has-post-thumbnail","7":"category-comercio-exterior","8":"tag-capear-alfa","9":"tag-derechos-de-exportacion","10":"tag-featured","11":"tag-guillermo-montenegro","12":"tag-retenciones"},"aioseo_notices":[],"amp_enabled":true,"_links":{"self":[{"href":"https:\/\/partedepesca.com.ar\/d\/wp-json\/wp\/v2\/posts\/13503","targetHints":{"allow":["GET"]}}],"collection":[{"href":"https:\/\/partedepesca.com.ar\/d\/wp-json\/wp\/v2\/posts"}],"about":[{"href":"https:\/\/partedepesca.com.ar\/d\/wp-json\/wp\/v2\/types\/post"}],"author":[{"embeddable":true,"href":"https:\/\/partedepesca.com.ar\/d\/wp-json\/wp\/v2\/users\/4"}],"replies":[{"embeddable":true,"href":"https:\/\/partedepesca.com.ar\/d\/wp-json\/wp\/v2\/comments?post=13503"}],"version-history":[{"count":2,"href":"https:\/\/partedepesca.com.ar\/d\/wp-json\/wp\/v2\/posts\/13503\/revisions"}],"predecessor-version":[{"id":13528,"href":"https:\/\/partedepesca.com.ar\/d\/wp-json\/wp\/v2\/posts\/13503\/revisions\/13528"}],"wp:featuredmedia":[{"embeddable":true,"href":"https:\/\/partedepesca.com.ar\/d\/wp-json\/wp\/v2\/media\/11108"}],"wp:attachment":[{"href":"https:\/\/partedepesca.com.ar\/d\/wp-json\/wp\/v2\/media?parent=13503"}],"wp:term":[{"taxonomy":"category","embeddable":true,"href":"https:\/\/partedepesca.com.ar\/d\/wp-json\/wp\/v2\/categories?post=13503"},{"taxonomy":"post_tag","embeddable":true,"href":"https:\/\/partedepesca.com.ar\/d\/wp-json\/wp\/v2\/tags?post=13503"}],"curies":[{"name":"wp","href":"https:\/\/api.w.org\/{rel}","templated":true}]}}