{"id":13483,"date":"2025-09-19T00:01:00","date_gmt":"2025-09-19T00:01:00","guid":{"rendered":"https:\/\/partedepesca.com.ar\/d\/?p=13483"},"modified":"2025-09-19T15:10:03","modified_gmt":"2025-09-19T15:10:03","slug":"en-busca-del-langostino-esquivo-inician-dos-nuevas-prospecciones","status":"publish","type":"post","link":"https:\/\/partedepesca.com.ar\/d\/en-busca-del-langostino-esquivo-inician-dos-nuevas-prospecciones\/","title":{"rendered":"En busca del langostino esquivo inician dos nuevas prospecciones"},"content":{"rendered":"\n<p>La Direcci\u00f3n Nacional de Coordinaci\u00f3n y Fiscalizaci\u00f3n Pesquera autoriz\u00f3 dos nuevas prospecciones dentro del \u00c1rea de Veda Permanente de Juveniles de Merluza (AVPJM).<\/p>\n\n\n\n<p>La primera corresponde a la Sub\u00e1rea N\u00b0 5 que dar\u00e1 comienzo este viernes 19 de septiembre, a las 00:00 horas, para explorar e identificar concentraciones de langostino a trav\u00e9s de marcas ecoicas; con inicio de operaciones de pesca a partir de las 07:00 horas. Se trata del sector comprendid0 entre los paralelos 42\u00b0 00\u2032 y 43\u00b0 00\u2032 S y los meridianos 60\u00b0 00\u2032 y 61\u00b0 00\u2032 O.<\/p>\n\n\n\n<p>En tanto, la autoridad de aplicaci\u00f3n dispuso que la prospecci\u00f3n en la Sub\u00e1rea N\u00b0 10, dar\u00e1 inicio el lunes 22 de septiembre bajo el mismo esquema operativo. Este sector a relevar se encuentra delimitada entre las latitudes 44\u00b000\u2019 y 45\u00b000\u2019 S y los meridianos 63\u00b030\u2019 y 64\u00b030\u2019 O.<\/p>\n\n\n\n<p>Estas medidas se adoptan bajo las recomendaciones t\u00e9cnicas del Instituto Nacional de Investigaci\u00f3n y Desarrollo Pesquero (INIDEP), con el prop\u00f3sito de evaluar la viabilidad biol\u00f3gica y operativa de la pesca comercial de langostino. Se monitorear\u00e1n rendimientos, tallas y niveles de acompa\u00f1amiento de merluza, siguiendo protocolos de control y conservaci\u00f3n.<\/p>\n\n\n\n<p>En las \u00faltimas semanas declinaron los rendimientos de la flota langostinera. Cuesta m\u00e1s encontrar las concentraciones del recurso, y tambi\u00e9n se verifica el paulatino ingreso de merluza hubbsi lo que ha motivado el reciente cierre de tres sub\u00e1reas ya que el by catch superaba el l\u00edmite del 20% establecido en las medidas de manejo.<\/p>\n\n\n\n<p>La temporada de pesca de langostino en aguas nacionales comienza a evidenciar signos de agotamiento, lo cual no representa una sorpresa, sino que son indicadores biol\u00f3gicos que se vienen registrando en los \u00faltimos a\u00f1os en el comportamiento de las especies, por lo que la operatoria pesquera sobre el Pleoticus muelleri ha cesado a fines de septiembre en las \u00faltimas campa\u00f1as.<\/p>\n\n\n\n<p><\/p>\n","protected":false},"excerpt":{"rendered":"<p>La Direcci\u00f3n Nacional de Coordinaci\u00f3n y Fiscalizaci\u00f3n Pesquera autoriz\u00f3 dos nuevas prospecciones dentro del \u00c1rea de Veda Permanente de Juveniles de Merluza (AVPJM). La primera corresponde a la Sub\u00e1rea N\u00b0 5 que dar\u00e1 comienzo este viernes 19 de septiembre, a las 00:00 horas, para explorar e identificar concentraciones de langostino a trav\u00e9s de marcas ecoicas;<\/p>\n","protected":false},"author":3,"featured_media":13484,"comment_status":"open","ping_status":"open","sticky":false,"template":"","format":"standard","meta":{"om_disable_all_campaigns":false,"_monsterinsights_skip_tracking":false,"_monsterinsights_sitenote_active":false,"_monsterinsights_sitenote_note":"","_monsterinsights_sitenote_category":0,"footnotes":""},"categories":[9],"tags":[237,2308,91,152,116],"class_list":{"0":"post-13483","1":"post","2":"type-post","3":"status-publish","4":"format-standard","5":"has-post-thumbnail","7":"category-actualidad","8":"tag-aguas-nacionales","9":"tag-by-catch","10":"tag-featured","11":"tag-langostino","12":"tag-merluza"},"aioseo_notices":[],"amp_enabled":true,"_links":{"self":[{"href":"https:\/\/partedepesca.com.ar\/d\/wp-json\/wp\/v2\/posts\/13483","targetHints":{"allow":["GET"]}}],"collection":[{"href":"https:\/\/partedepesca.com.ar\/d\/wp-json\/wp\/v2\/posts"}],"about":[{"href":"https:\/\/partedepesca.com.ar\/d\/wp-json\/wp\/v2\/types\/post"}],"author":[{"embeddable":true,"href":"https:\/\/partedepesca.com.ar\/d\/wp-json\/wp\/v2\/users\/3"}],"replies":[{"embeddable":true,"href":"https:\/\/partedepesca.com.ar\/d\/wp-json\/wp\/v2\/comments?post=13483"}],"version-history":[{"count":2,"href":"https:\/\/partedepesca.com.ar\/d\/wp-json\/wp\/v2\/posts\/13483\/revisions"}],"predecessor-version":[{"id":13486,"href":"https:\/\/partedepesca.com.ar\/d\/wp-json\/wp\/v2\/posts\/13483\/revisions\/13486"}],"wp:featuredmedia":[{"embeddable":true,"href":"https:\/\/partedepesca.com.ar\/d\/wp-json\/wp\/v2\/media\/13484"}],"wp:attachment":[{"href":"https:\/\/partedepesca.com.ar\/d\/wp-json\/wp\/v2\/media?parent=13483"}],"wp:term":[{"taxonomy":"category","embeddable":true,"href":"https:\/\/partedepesca.com.ar\/d\/wp-json\/wp\/v2\/categories?post=13483"},{"taxonomy":"post_tag","embeddable":true,"href":"https:\/\/partedepesca.com.ar\/d\/wp-json\/wp\/v2\/tags?post=13483"}],"curies":[{"name":"wp","href":"https:\/\/api.w.org\/{rel}","templated":true}]}}