{"id":13352,"date":"2025-09-04T12:03:58","date_gmt":"2025-09-04T12:03:58","guid":{"rendered":"https:\/\/partedepesca.com.ar\/d\/?p=13352"},"modified":"2025-09-05T19:53:34","modified_gmt":"2025-09-05T19:53:34","slug":"la-flota-langostinera-se-guarece-hasta-que-amaine-el-temporal-en-zona-de-pesca","status":"publish","type":"post","link":"https:\/\/partedepesca.com.ar\/d\/la-flota-langostinera-se-guarece-hasta-que-amaine-el-temporal-en-zona-de-pesca\/","title":{"rendered":"La flota langostinera se guarece hasta que amaine el temporal en zona de pesca"},"content":{"rendered":"\n<p>M\u00e1s de medio centenar de embarcaciones pesqueras permanece en la rada de Puerto Madryn ante las inclemencias clim\u00e1ticas de fuertes vientos que azotan la regi\u00f3n patag\u00f3nica en las \u00faltimas horas.<\/p>\n\n\n\n<p>A poco m\u00e1s de un mes de iniciada la plena operatoria de la flota langostinera en aguas nacionales, tras varios meses de paralizaci\u00f3n por un conflicto gremial con la mariner\u00eda, la temporada transita con seis sub\u00e1reas habilitadas a la pesca comercial.<\/p>\n\n\n\n<p>Agosto cerr\u00f3 con m\u00e1s de 30.000 toneladas de capturas de langostino pescadas en la jurisdicci\u00f3n nacional y podr\u00eda ser el mes pico de la faena en una temporada at\u00edpica.<\/p>\n\n\n\n<p>Tal como preve\u00edan los capitanes m\u00e1s experimentados, durante septiembre, es habitual que la pesca sufra interrupciones de d\u00edas efectivos de faena a ra\u00edz de las condiciones hidrometeorol\u00f3gicas; es un mes que suele tener interrupciones en la pesca ya que la mayor\u00eda de los barcos ante mal tiempo optan por buscar refugio y no exponer a sus tripulaciones a los avatares de capear el temporal alejados de la costa.<\/p>\n\n\n\n<figure class=\"wp-block-image size-large\"><a href=\"https:\/\/partedepesca.com.ar\/d\/wp-content\/uploads\/2025\/09\/rada-puerto-madryn-03092025.jpg\"><img fetchpriority=\"high\" decoding=\"async\" width=\"1024\" height=\"530\" src=\"https:\/\/partedepesca.com.ar\/d\/wp-content\/uploads\/2025\/09\/rada-puerto-madryn-03092025-1024x530.jpg\" alt=\"\" class=\"wp-image-13353\" srcset=\"https:\/\/partedepesca.com.ar\/d\/wp-content\/uploads\/2025\/09\/rada-puerto-madryn-03092025-1024x530.jpg 1024w, https:\/\/partedepesca.com.ar\/d\/wp-content\/uploads\/2025\/09\/rada-puerto-madryn-03092025-300x155.jpg 300w, https:\/\/partedepesca.com.ar\/d\/wp-content\/uploads\/2025\/09\/rada-puerto-madryn-03092025-768x398.jpg 768w, https:\/\/partedepesca.com.ar\/d\/wp-content\/uploads\/2025\/09\/rada-puerto-madryn-03092025-150x78.jpg 150w, https:\/\/partedepesca.com.ar\/d\/wp-content\/uploads\/2025\/09\/rada-puerto-madryn-03092025-450x233.jpg 450w, https:\/\/partedepesca.com.ar\/d\/wp-content\/uploads\/2025\/09\/rada-puerto-madryn-03092025.jpg 1176w\" sizes=\"(max-width: 1024px) 100vw, 1024px\" \/><\/a><\/figure>\n\n\n\n<p>Puerto Madryn tiene desde ayer una postal con un n\u00famero importante de barcos fondeados o en rada, a la espera de mejores condiciones, para volver a poner proa a la boca del Golfo Nuevo y retomar operaciones en zona de pesca. Ya este jueves se prev\u00e9n vientos de menor intensidad lo que permiti\u00f3 que varios buques dedicados a la pesca del langostino vuelvan en busca del recurso.<\/p>\n\n\n\n<p>Todos saben que esta ser\u00e1 una temporada corta, tal vez, una de las m\u00e1s reducidas de los \u00faltimos a\u00f1os. Al d\u00eda de la fecha se encuentran habilitadas a la pesca comercial de la especie Pleoticus muelleri las Sub\u00e1reas N\u00b0 4, 7, 8, 11, 12 y 14. En tanto, trascendi\u00f3 que la autoridad de aplicaci\u00f3n analizaba convocar a una prospecci\u00f3n al sur en la Sub\u00e1rea 15, debajo del paralelo 46\u00b0S, a partir de un pedido del Gobierno de la Provincia de Santa Cruz; aunque no habr\u00eda demasiados interesados en bajar mientras se sigue pescando bien frente a Chubut.<\/p>\n","protected":false},"excerpt":{"rendered":"<p>M\u00e1s de medio centenar de embarcaciones pesqueras permanece en la rada de Puerto Madryn ante las inclemencias clim\u00e1ticas de fuertes vientos que azotan la regi\u00f3n patag\u00f3nica en las \u00faltimas horas. A poco m\u00e1s de un mes de iniciada la plena operatoria de la flota langostinera en aguas nacionales, tras varios meses de paralizaci\u00f3n por un<\/p>\n","protected":false},"author":3,"featured_media":13354,"comment_status":"open","ping_status":"open","sticky":false,"template":"","format":"standard","meta":{"om_disable_all_campaigns":false,"_monsterinsights_skip_tracking":false,"_monsterinsights_sitenote_active":false,"_monsterinsights_sitenote_note":"","_monsterinsights_sitenote_category":0,"footnotes":""},"categories":[9],"tags":[237,91,152,415,2055,1628,2349],"class_list":{"0":"post-13352","1":"post","2":"type-post","3":"status-publish","4":"format-standard","5":"has-post-thumbnail","7":"category-actualidad","8":"tag-aguas-nacionales","9":"tag-featured","10":"tag-langostino","11":"tag-puerto-madryn","12":"tag-tangoneros","13":"tag-temporada","14":"tag-temporal"},"aioseo_notices":[],"amp_enabled":true,"_links":{"self":[{"href":"https:\/\/partedepesca.com.ar\/d\/wp-json\/wp\/v2\/posts\/13352","targetHints":{"allow":["GET"]}}],"collection":[{"href":"https:\/\/partedepesca.com.ar\/d\/wp-json\/wp\/v2\/posts"}],"about":[{"href":"https:\/\/partedepesca.com.ar\/d\/wp-json\/wp\/v2\/types\/post"}],"author":[{"embeddable":true,"href":"https:\/\/partedepesca.com.ar\/d\/wp-json\/wp\/v2\/users\/3"}],"replies":[{"embeddable":true,"href":"https:\/\/partedepesca.com.ar\/d\/wp-json\/wp\/v2\/comments?post=13352"}],"version-history":[{"count":1,"href":"https:\/\/partedepesca.com.ar\/d\/wp-json\/wp\/v2\/posts\/13352\/revisions"}],"predecessor-version":[{"id":13355,"href":"https:\/\/partedepesca.com.ar\/d\/wp-json\/wp\/v2\/posts\/13352\/revisions\/13355"}],"wp:featuredmedia":[{"embeddable":true,"href":"https:\/\/partedepesca.com.ar\/d\/wp-json\/wp\/v2\/media\/13354"}],"wp:attachment":[{"href":"https:\/\/partedepesca.com.ar\/d\/wp-json\/wp\/v2\/media?parent=13352"}],"wp:term":[{"taxonomy":"category","embeddable":true,"href":"https:\/\/partedepesca.com.ar\/d\/wp-json\/wp\/v2\/categories?post=13352"},{"taxonomy":"post_tag","embeddable":true,"href":"https:\/\/partedepesca.com.ar\/d\/wp-json\/wp\/v2\/tags?post=13352"}],"curies":[{"name":"wp","href":"https:\/\/api.w.org\/{rel}","templated":true}]}}