{"id":13233,"date":"2025-08-26T05:55:38","date_gmt":"2025-08-26T05:55:38","guid":{"rendered":"https:\/\/partedepesca.com.ar\/d\/?p=13233"},"modified":"2025-08-28T10:38:41","modified_gmt":"2025-08-28T10:38:41","slug":"escala-la-causa-por-espionaje-y-citarian-a-declarar-al-titular-del-comite-de-alpesca","status":"publish","type":"post","link":"https:\/\/partedepesca.com.ar\/d\/escala-la-causa-por-espionaje-y-citarian-a-declarar-al-titular-del-comite-de-alpesca\/","title":{"rendered":"Escala la causa por espionaje y citar\u00edan a declarar al titular del Comit\u00e9 de Alpesca"},"content":{"rendered":"\n<p>Se conocieron im\u00e1genes y videos de los <strong>\u201cespa\u00f1oles infiltrados\u201d<\/strong> que entraron a las instalaciones de la ex <strong>Alpesca <\/strong>en Puerto Madryn, arrendada por <strong>Red Chamber<\/strong>, a pedido de la Secretar\u00eda de Pesca de Chubut, en una comitiva que presuntamente iba a realizar una \u201ctasaci\u00f3n\u201d de los bienes.<\/p>\n\n\n\n<p>La empresa norteamericana, con el patrocinio letrado de los <strong>Dres. Deborah Lichtmann y Fernando Buj\u00e1n Mel\u00e9ndez (Estudio Richarte, Pirota y Lichtmann)<\/strong>, formalizaron la denuncia ante el <strong>Juzgado Nacional en lo Criminal y Correccional Federal N\u00b0 7<\/strong> (Comodoro Py) lo que dio lugar a la<strong> causa N\u00b0 CFP 2286\/2025<\/strong>.<\/p>\n\n\n\n<p>Los hechos remiten al mi\u00e9rcoles 28 de mayo del corriente a\u00f1o cuando se aperson\u00f3 en la planta pesquera <strong>una comitiva encabezada por un agente de polic\u00eda<\/strong>. Se trata de <strong>Mat\u00edas Miranda<\/strong> quien es <strong>director del Comit\u00e9 de Administraci\u00f3n de los Bienes de Alpesca<\/strong>; es cabo primero de la Polic\u00eda del Chubut y ahora es funcionario de la Secretar\u00eda de Pesca, un hombre de estrecha confianza del titular de la cartera <strong>Andr\u00e9s Pedro Arbeletche<\/strong>.<\/p>\n\n\n\n<p>La delegaci\u00f3n la compon\u00eda tambi\u00e9n <strong>Walter Omar Espinoza Orias<\/strong>, director General de Control y Fiscalizaci\u00f3n dependiente de la Secretar\u00eda de Pesca; un conocido militante kirchnerista de Trelew, vinculado a sectores sindicales, que oportunamente fue tesorero de la Cooperativa El\u00e9ctrica de Trelew de donde fue echado tras una denuncia por juego clandestino. <\/p>\n\n\n\n<p>Ahora, integra el equipo de colaboradores de Arbeletche. Ese d\u00eda concurri\u00f3 acompa\u00f1ado por el inspector de pesca<strong> Fabi\u00e1n Hern\u00e1ndez.<\/strong><\/p>\n\n\n<div class=\"wp-block-image\">\n<figure class=\"aligncenter size-large is-resized\"><a href=\"https:\/\/partedepesca.com.ar\/d\/wp-content\/uploads\/2025\/08\/Juzgado-Nacional-en-lo-Criminal-y-Correccional-Federal-N-7-causa-N\u00b0-CFP-22862025.jpg\"><img fetchpriority=\"high\" decoding=\"async\" width=\"850\" height=\"1024\" src=\"https:\/\/partedepesca.com.ar\/d\/wp-content\/uploads\/2025\/08\/Juzgado-Nacional-en-lo-Criminal-y-Correccional-Federal-N-7-causa-N\u00b0-CFP-22862025-850x1024.jpg\" alt=\"\" class=\"wp-image-13235\" style=\"width:535px;height:auto\" srcset=\"https:\/\/partedepesca.com.ar\/d\/wp-content\/uploads\/2025\/08\/Juzgado-Nacional-en-lo-Criminal-y-Correccional-Federal-N-7-causa-N\u00b0-CFP-22862025-850x1024.jpg 850w, https:\/\/partedepesca.com.ar\/d\/wp-content\/uploads\/2025\/08\/Juzgado-Nacional-en-lo-Criminal-y-Correccional-Federal-N-7-causa-N\u00b0-CFP-22862025-249x300.jpg 249w, https:\/\/partedepesca.com.ar\/d\/wp-content\/uploads\/2025\/08\/Juzgado-Nacional-en-lo-Criminal-y-Correccional-Federal-N-7-causa-N\u00b0-CFP-22862025-768x925.jpg 768w, https:\/\/partedepesca.com.ar\/d\/wp-content\/uploads\/2025\/08\/Juzgado-Nacional-en-lo-Criminal-y-Correccional-Federal-N-7-causa-N\u00b0-CFP-22862025-1275x1536.jpg 1275w, https:\/\/partedepesca.com.ar\/d\/wp-content\/uploads\/2025\/08\/Juzgado-Nacional-en-lo-Criminal-y-Correccional-Federal-N-7-causa-N\u00b0-CFP-22862025-1701x2048.jpg 1701w, https:\/\/partedepesca.com.ar\/d\/wp-content\/uploads\/2025\/08\/Juzgado-Nacional-en-lo-Criminal-y-Correccional-Federal-N-7-causa-N\u00b0-CFP-22862025-150x181.jpg 150w, https:\/\/partedepesca.com.ar\/d\/wp-content\/uploads\/2025\/08\/Juzgado-Nacional-en-lo-Criminal-y-Correccional-Federal-N-7-causa-N\u00b0-CFP-22862025-450x542.jpg 450w, https:\/\/partedepesca.com.ar\/d\/wp-content\/uploads\/2025\/08\/Juzgado-Nacional-en-lo-Criminal-y-Correccional-Federal-N-7-causa-N\u00b0-CFP-22862025-1200x1445.jpg 1200w, https:\/\/partedepesca.com.ar\/d\/wp-content\/uploads\/2025\/08\/Juzgado-Nacional-en-lo-Criminal-y-Correccional-Federal-N-7-causa-N\u00b0-CFP-22862025.jpg 1997w\" sizes=\"(max-width: 850px) 100vw, 850px\" \/><\/a><figcaption class=\"wp-element-caption\">Im\u00e1genes obrantes en la causa que se tramita en la Justicia Federal<\/figcaption><\/figure>\n<\/div>\n\n\n<p>Aquella comitiva, seg\u00fan los registros de ingreso a Red Chamber, la completaban dos masculinos que se identificaron como <strong>Luis Pena y Francisco Verde,<\/strong> que con \u2018inocultable tonada espa\u00f1ola\u2019 dijeron ser parte del Tribunal Nacional de Tasaciones de la Naci\u00f3n Argentina.<\/p>\n\n\n\n<p class=\"has-vivid-cyan-blue-color has-text-color has-link-color wp-elements-273855c0eebb9be005506774a7e47e33\"><strong>VERDE Y PENA<\/strong><\/p>\n\n\n\n<p>La denuncia que tramita en la Justicia Federal indica que <strong>\u201clos Sres. Francisco Verde y Luis Pena se presentaron como asesores t\u00e9cnicos e indicaron poseer documentos cuyos n\u00fameros, en caso de ser argentinos, pertenecen a ciudadanos menores de edad; aunque eran adultos y con un notorio acento espa\u00f1ol\u201d<\/strong>, expres\u00f3 el apoderado de Red Chamber, y que en una ampliaci\u00f3n de denuncia posterior rese\u00f1\u00f3 las declaraciones p\u00fablicas del Secretario de Pesca de las \u00faltimas semanas donde ha revelado que la empresa espa\u00f1ola Profand est\u00e1 interesada en explotar los bienes de la ex Alpesca.<\/p>\n\n\n<div class=\"wp-block-image\">\n<figure class=\"aligncenter size-full\"><a href=\"https:\/\/partedepesca.com.ar\/d\/wp-content\/uploads\/2025\/08\/Juzgado-Nacional-en-lo-Criminal-y-Correccional-Federal-N-7-causa-N\u00b0-CFP-22862025-1.jpg\"><img decoding=\"async\" width=\"643\" height=\"331\" src=\"https:\/\/partedepesca.com.ar\/d\/wp-content\/uploads\/2025\/08\/Juzgado-Nacional-en-lo-Criminal-y-Correccional-Federal-N-7-causa-N\u00b0-CFP-22862025-1.jpg\" alt=\"\" class=\"wp-image-13236\" srcset=\"https:\/\/partedepesca.com.ar\/d\/wp-content\/uploads\/2025\/08\/Juzgado-Nacional-en-lo-Criminal-y-Correccional-Federal-N-7-causa-N\u00b0-CFP-22862025-1.jpg 643w, https:\/\/partedepesca.com.ar\/d\/wp-content\/uploads\/2025\/08\/Juzgado-Nacional-en-lo-Criminal-y-Correccional-Federal-N-7-causa-N\u00b0-CFP-22862025-1-300x154.jpg 300w, https:\/\/partedepesca.com.ar\/d\/wp-content\/uploads\/2025\/08\/Juzgado-Nacional-en-lo-Criminal-y-Correccional-Federal-N-7-causa-N\u00b0-CFP-22862025-1-150x77.jpg 150w, https:\/\/partedepesca.com.ar\/d\/wp-content\/uploads\/2025\/08\/Juzgado-Nacional-en-lo-Criminal-y-Correccional-Federal-N-7-causa-N\u00b0-CFP-22862025-1-450x232.jpg 450w\" sizes=\"(max-width: 643px) 100vw, 643px\" \/><\/a><\/figure>\n<\/div>\n\n\n<p>De all\u00ed, que la pesquera norteamericana profundizara en la denuncia por presunto \u201cespionaje corporativo\u201d. Ya fue incorporada a la causa, que desde Comodoro Py fue derivaba al Juzgado Federal de Rawson, una serie de <strong>dispositivos conteniendo im\u00e1genes, videos y audios de la recorrida<\/strong> que efectu\u00f3 aquella comitiva donde se observan los rostros de los presuntos tasadores.<\/p>\n\n\n\n<p class=\"has-vivid-cyan-blue-color has-text-color has-link-color wp-elements-686eeb475f73de00a2d6961dec5688e5\"><strong>CITAR\u00cdAN AL CABO PRIMERO<\/strong><\/p>\n\n\n\n<p>Asimismo, una de las primeras medidas solicitadas ha sido el pedido de llamar a declarar al funcionario p\u00fablico que ofici\u00f3 de cabeza de esa delegaci\u00f3n; el titular del Comit\u00e9 de Administraci\u00f3n de los Bienes de Alpesca.<\/p>\n\n\n\n<p>Vale recordar, que a trav\u00e9s del <strong>Decreto N\u00b0 313\/24<\/strong> del 22 de marzo de 2024 el Gobierno de Chubut design\u00f3 a cargo del <strong>Comit\u00e9 de Administraci\u00f3n de Alpesca<\/strong>, dependiente de la Secretar\u00eda de Pesca, al se\u00f1or <strong>Mat\u00edas Eduardo Miranda<\/strong>. En ese mismo decreto se le reserv\u00f3 el cargo de revista del agente Mat\u00edas Eduardo Miranda &#8211; Clase 1980, <strong>Cabo Primero<\/strong>, Agrupaci\u00f3n Comando, Escalaf\u00f3n General con asiento en la Polic\u00eda de la Provincia del Chubut.<\/p>\n\n\n\n<figure class=\"wp-block-embed aligncenter is-type-video is-provider-youtube wp-block-embed-youtube wp-embed-aspect-9-16 wp-has-aspect-ratio\" style=\"margin-top:var(--wp--preset--spacing--80);margin-right:var(--wp--preset--spacing--80);margin-bottom:var(--wp--preset--spacing--80);margin-left:var(--wp--preset--spacing--80)\"><div class=\"wp-block-embed__wrapper\">\n<iframe title=\"Red Chamber denunci\u00f3 espionaje corporativo y apunta a Profand\" width=\"563\" height=\"1000\" src=\"https:\/\/www.youtube.com\/embed\/bTzGbaZXIf8?feature=oembed\" frameborder=\"0\" allow=\"accelerometer; autoplay; clipboard-write; encrypted-media; gyroscope; picture-in-picture; web-share\" referrerpolicy=\"strict-origin-when-cross-origin\" allowfullscreen><\/iframe>\n<\/div><\/figure>\n\n\n\n<p class=\"has-vivid-cyan-blue-color has-text-color has-link-color wp-elements-13ccb70dd2a51e5088b437be4b2325f2\"><strong>NARCOTR\u00c1FICO Y EXPROPIACI\u00d3N<\/strong><\/p>\n\n\n\n<p>Para contextualizar, Alpesca fue expropiada en 2014 por el Estado de Chubut. Esa expropiaci\u00f3n a\u00fan no tiene sentencia. La Justicia determin\u00f3 finalmente que las acciones de Alpesca correspond\u00edan a Omar \u2018Cura\u2019 Segundo, qui\u00e9n deber\u00e1 ser resarcido por hab\u00e9rsele quitado sus bienes.<\/p>\n\n\n\n<p>El hombre muri\u00f3, a\u00f1os atr\u00e1s, mientras purgaba una condena por \u201cnarcotr\u00e1fico\u201d, pero sus herederos son leg\u00edtimos reclamantes de lo que surja de la expropiaci\u00f3n de Alpesca.<\/p>\n\n\n\n<p>Seg\u00fan la justicia ordinaria de Chubut, el due\u00f1o de Alpesca al momento de la expropiaci\u00f3n es Omar Segundo, que seg\u00fan determin\u00f3 la Corte Suprema de Justicia de la Naci\u00f3n, fue quien intent\u00f3 traficar al menos 100 kilogramos de coca\u00edna a Espa\u00f1a, a trav\u00e9s de una de sus empresas denominada Poseid\u00f3n, el 10 de junio de 2013. <\/p>\n\n\n\n<p>Ergo, el Estado de Chubut cuando se dicte sentencia en la expropiaci\u00f3n deber\u00e1, en base a la tasaci\u00f3n actualizada, abonar a los herederos de Omar \u201cCura\u201d Segundo un monto multimillonario. En medio, hay cientos de acreedores con sentencia esperando cobrar algo de las deudas que dej\u00f3 Alpesca. <\/p>\n\n\n\n<p>\u00bfQu\u00e9 empresa privada se quedar\u00e1 finalmente con los bienes y pagar\u00e1 el resarcimiento?, es hoy una inc\u00f3gnita.<\/p>\n","protected":false},"excerpt":{"rendered":"<p>Se conocieron im\u00e1genes y videos de los \u201cespa\u00f1oles infiltrados\u201d que entraron a las instalaciones de la ex Alpesca en Puerto Madryn, arrendada por Red Chamber, a pedido de la Secretar\u00eda de Pesca de Chubut, en una comitiva que presuntamente iba a realizar una \u201ctasaci\u00f3n\u201d de los bienes. La empresa norteamericana, con el patrocinio letrado de<\/p>\n","protected":false},"author":3,"featured_media":13234,"comment_status":"open","ping_status":"open","sticky":false,"template":"","format":"standard","meta":{"om_disable_all_campaigns":false,"_monsterinsights_skip_tracking":false,"_monsterinsights_sitenote_active":false,"_monsterinsights_sitenote_note":"","_monsterinsights_sitenote_category":0,"footnotes":""},"categories":[9],"tags":[313,154,91,1189,356],"class_list":{"0":"post-13233","1":"post","2":"type-post","3":"status-publish","4":"format-standard","5":"has-post-thumbnail","7":"category-actualidad","8":"tag-alpesca","9":"tag-chubut","10":"tag-featured","11":"tag-profand","12":"tag-red-chamber"},"aioseo_notices":[],"amp_enabled":true,"_links":{"self":[{"href":"https:\/\/partedepesca.com.ar\/d\/wp-json\/wp\/v2\/posts\/13233","targetHints":{"allow":["GET"]}}],"collection":[{"href":"https:\/\/partedepesca.com.ar\/d\/wp-json\/wp\/v2\/posts"}],"about":[{"href":"https:\/\/partedepesca.com.ar\/d\/wp-json\/wp\/v2\/types\/post"}],"author":[{"embeddable":true,"href":"https:\/\/partedepesca.com.ar\/d\/wp-json\/wp\/v2\/users\/3"}],"replies":[{"embeddable":true,"href":"https:\/\/partedepesca.com.ar\/d\/wp-json\/wp\/v2\/comments?post=13233"}],"version-history":[{"count":10,"href":"https:\/\/partedepesca.com.ar\/d\/wp-json\/wp\/v2\/posts\/13233\/revisions"}],"predecessor-version":[{"id":13256,"href":"https:\/\/partedepesca.com.ar\/d\/wp-json\/wp\/v2\/posts\/13233\/revisions\/13256"}],"wp:featuredmedia":[{"embeddable":true,"href":"https:\/\/partedepesca.com.ar\/d\/wp-json\/wp\/v2\/media\/13234"}],"wp:attachment":[{"href":"https:\/\/partedepesca.com.ar\/d\/wp-json\/wp\/v2\/media?parent=13233"}],"wp:term":[{"taxonomy":"category","embeddable":true,"href":"https:\/\/partedepesca.com.ar\/d\/wp-json\/wp\/v2\/categories?post=13233"},{"taxonomy":"post_tag","embeddable":true,"href":"https:\/\/partedepesca.com.ar\/d\/wp-json\/wp\/v2\/tags?post=13233"}],"curies":[{"name":"wp","href":"https:\/\/api.w.org\/{rel}","templated":true}]}}