{"id":12987,"date":"2025-07-31T11:03:37","date_gmt":"2025-07-31T11:03:37","guid":{"rendered":"https:\/\/partedepesca.com.ar\/d\/?p=12987"},"modified":"2025-08-01T21:21:02","modified_gmt":"2025-08-01T21:21:02","slug":"la-discusion-por-rebaja-del-valor-del-langostino-alcanzara-a-la-flota-amarilla","status":"publish","type":"post","link":"https:\/\/partedepesca.com.ar\/d\/la-discusion-por-rebaja-del-valor-del-langostino-alcanzara-a-la-flota-amarilla\/","title":{"rendered":"La discusi\u00f3n por rebaja del valor del langostino alcanzar\u00e1 a la flota amarilla"},"content":{"rendered":"\n<p>Al no arribarse a un acuerdo entre la C\u00e1mara de la Flota Amarilla de Chubut (CAFACh) y el Sindicato de Obreros Mar\u00edtimos Unidos (SOMU), la <strong>Subsecretar\u00eda de Trabajo dict\u00f3 la conciliaci\u00f3n obligatoria<\/strong> por el t\u00e9rmino de 15 d\u00edas h\u00e1biles como es de rigor.<\/p>\n\n\n\n<p><strong>La discusi\u00f3n de fondo de la negociaci\u00f3n paritaria est\u00e1 centrada en los valores de las especies que se toma como referencia para la liquidaci\u00f3n de los salarios.<\/strong> Desde el sindicato de marineros se requiri\u00f3 un incremento del 262,19% para ancho\u00edta y merluza y una suba del precio de langostino del 17,21%. Ambos pedidos fueron rechazados por la c\u00e1mara de la flota de barcos que operan desde el puerto de Rawson.<\/p>\n\n\n\n<p>En este cruce de planteos, inicialmente la CAFACh plante\u00f3 que se fije un valor de 340 pesos para las especies anchoa y merluza com\u00fan, distante del valor de 724 pesos solicitado en el comienzo de las negociaciones con el SOMU. En audiencias posteriores se hab\u00eda avanzado en mantener los valores del a\u00f1o pasado para la pesca de merluza y anchoa.<\/p>\n\n\n\n<p>En tanto, <strong>la cuesti\u00f3n de fondo y el debate que se viene en los pr\u00f3ximos meses de cara a la pr\u00f3xima temporada de pesca de la especie langostino en aguas jurisdiccionales de Chubut, es justamente el valor que se aplicar\u00e1 para liquidar los salarios a la parte.<\/strong><\/p>\n\n\n\n<p>Como se recordar\u00e1, el a\u00f1o pasado y tras una intensa discusi\u00f3n todo el arco pesquero chubutense se plant\u00f3 y <strong>ofreci\u00f3 el valor de $1.200 pesos como m\u00e1ximo para el pago a la mariner\u00eda, as\u00ed lo aceptaron y firmaron las entonces autoridades del SOMU local. Y fue clave para que la temporada iniciara el 1\u00b0 de noviembre y se desarrollara en forma exitosa.<\/strong><\/p>\n\n\n\n<p>En junio pasado, la CAFACh dej\u00f3 sentado ante la Secretar\u00eda de Trabajo que en orden a la crisis pesquera que afronta la industria en su conjunto y la ca\u00edda del valor del langostino que pagan las plantas a los barcos costeros, <strong>para el presente a\u00f1o en curso ser\u00eda necesario readecuar aquel valor de $1.200 y concretamente ofreci\u00f3 llevarlo a $1.028,50.<\/strong> Mientras que desde el SOMU se ped\u00eda una suba a $1.406,5.<\/p>\n\n\n\n<p>Aqu\u00ed est\u00e1 el nudo del nuevo debate que se viene en la pesca de langostino. Hay coincidencia en el sector empresarial que las plantas ya no pagar\u00e1n USD 2,00 a los barcos, sino que rondar\u00e1 en USD 1,80. Ergo, <strong>los buques de la flota amarilla tampoco estar\u00edan dispuestos a sostener el precio de $1.200 para abonar salarios y proponen una reducci\u00f3n del orden del 15%.<\/strong><\/p>\n\n\n\n<p>Esta es la cuesti\u00f3n que deber\u00e1 ser sometida a debate y resuelta en los pr\u00f3ximos tres meses para que haya temporada de pesca de langostino en aguas provinciales.<\/p>\n\n\n\n<figure class=\"wp-block-image size-full\"><a href=\"https:\/\/partedepesca.com.ar\/d\/wp-content\/uploads\/2025\/07\/facsimil-audiencia-somu-cafach.jpg\"><img fetchpriority=\"high\" decoding=\"async\" width=\"979\" height=\"644\" src=\"https:\/\/partedepesca.com.ar\/d\/wp-content\/uploads\/2025\/07\/facsimil-audiencia-somu-cafach.jpg\" alt=\"\" class=\"wp-image-12990\" srcset=\"https:\/\/partedepesca.com.ar\/d\/wp-content\/uploads\/2025\/07\/facsimil-audiencia-somu-cafach.jpg 979w, https:\/\/partedepesca.com.ar\/d\/wp-content\/uploads\/2025\/07\/facsimil-audiencia-somu-cafach-300x197.jpg 300w, https:\/\/partedepesca.com.ar\/d\/wp-content\/uploads\/2025\/07\/facsimil-audiencia-somu-cafach-768x505.jpg 768w, https:\/\/partedepesca.com.ar\/d\/wp-content\/uploads\/2025\/07\/facsimil-audiencia-somu-cafach-150x99.jpg 150w, https:\/\/partedepesca.com.ar\/d\/wp-content\/uploads\/2025\/07\/facsimil-audiencia-somu-cafach-450x296.jpg 450w\" sizes=\"(max-width: 979px) 100vw, 979px\" \/><\/a><figcaption class=\"wp-element-caption\">Facs\u00edmil de una de las actas de las audiencias llevadas a cabo. El tema seguir\u00e1 en debate en los pr\u00f3ximos meses<\/figcaption><\/figure>\n","protected":false},"excerpt":{"rendered":"<p>Al no arribarse a un acuerdo entre la C\u00e1mara de la Flota Amarilla de Chubut (CAFACh) y el Sindicato de Obreros Mar\u00edtimos Unidos (SOMU), la Subsecretar\u00eda de Trabajo dict\u00f3 la conciliaci\u00f3n obligatoria por el t\u00e9rmino de 15 d\u00edas h\u00e1biles como es de rigor. La discusi\u00f3n de fondo de la negociaci\u00f3n paritaria est\u00e1 centrada en los<\/p>\n","protected":false},"author":3,"featured_media":12988,"comment_status":"open","ping_status":"open","sticky":false,"template":"","format":"standard","meta":{"om_disable_all_campaigns":false,"_monsterinsights_skip_tracking":false,"_monsterinsights_sitenote_active":false,"_monsterinsights_sitenote_note":"","_monsterinsights_sitenote_category":0,"footnotes":""},"categories":[9],"tags":[1783,410,91,152,179],"class_list":{"0":"post-12987","1":"post","2":"type-post","3":"status-publish","4":"format-standard","5":"has-post-thumbnail","7":"category-actualidad","8":"tag-aguas-provinciales","9":"tag-cafach","10":"tag-featured","11":"tag-langostino","12":"tag-somu"},"aioseo_notices":[],"amp_enabled":true,"_links":{"self":[{"href":"https:\/\/partedepesca.com.ar\/d\/wp-json\/wp\/v2\/posts\/12987","targetHints":{"allow":["GET"]}}],"collection":[{"href":"https:\/\/partedepesca.com.ar\/d\/wp-json\/wp\/v2\/posts"}],"about":[{"href":"https:\/\/partedepesca.com.ar\/d\/wp-json\/wp\/v2\/types\/post"}],"author":[{"embeddable":true,"href":"https:\/\/partedepesca.com.ar\/d\/wp-json\/wp\/v2\/users\/3"}],"replies":[{"embeddable":true,"href":"https:\/\/partedepesca.com.ar\/d\/wp-json\/wp\/v2\/comments?post=12987"}],"version-history":[{"count":2,"href":"https:\/\/partedepesca.com.ar\/d\/wp-json\/wp\/v2\/posts\/12987\/revisions"}],"predecessor-version":[{"id":12991,"href":"https:\/\/partedepesca.com.ar\/d\/wp-json\/wp\/v2\/posts\/12987\/revisions\/12991"}],"wp:featuredmedia":[{"embeddable":true,"href":"https:\/\/partedepesca.com.ar\/d\/wp-json\/wp\/v2\/media\/12988"}],"wp:attachment":[{"href":"https:\/\/partedepesca.com.ar\/d\/wp-json\/wp\/v2\/media?parent=12987"}],"wp:term":[{"taxonomy":"category","embeddable":true,"href":"https:\/\/partedepesca.com.ar\/d\/wp-json\/wp\/v2\/categories?post=12987"},{"taxonomy":"post_tag","embeddable":true,"href":"https:\/\/partedepesca.com.ar\/d\/wp-json\/wp\/v2\/tags?post=12987"}],"curies":[{"name":"wp","href":"https:\/\/api.w.org\/{rel}","templated":true}]}}