{"id":12880,"date":"2025-07-21T23:11:00","date_gmt":"2025-07-21T23:11:00","guid":{"rendered":"https:\/\/partedepesca.com.ar\/d\/?p=12880"},"modified":"2025-07-23T09:30:14","modified_gmt":"2025-07-23T09:30:14","slug":"nacho-torres-repudio-a-sindicalistas-que-aprietan-marineros-y-dijo-que-perderan-los-fueros","status":"publish","type":"post","link":"https:\/\/partedepesca.com.ar\/d\/nacho-torres-repudio-a-sindicalistas-que-aprietan-marineros-y-dijo-que-perderan-los-fueros\/","title":{"rendered":"\u2018Nacho\u2019 Torres repudi\u00f3 a sindicalistas que aprietan marineros y dijo que perder\u00e1n los fueros"},"content":{"rendered":"\n<p><strong>\u201cEstos delincuentes que amenazan, que se creen impunes porque tienen fueros, despu\u00e9s de octubre no van a tener m\u00e1s fueros<\/strong>. Van a ser los propios chubutenses los que van a votar para quitarle la inmunidad de arresto y <strong>terminar de una vez por todas con estos patoteros que se creen que pueden hacer lo que quieren\u201d,<\/strong> enfatiz\u00f3 este lunes el gobernador de Chubut, <strong>Ignacio Torres<\/strong>, al condenar en\u00e9rgicamente los actos intimidatorios recibido por marineros que quer\u00edan firmar y salir a pescar.<\/p>\n\n\n\n<p>El mandatario fue m\u00e1s all\u00e1 y advirti\u00f3: <strong>\u201cEso no lo vamos a permitir bajo ning\u00fan punto de vista y esas mafias que quieren amedrentar van a tener que rendir cuentas en la Justicia<\/strong>, de hecho, entiendo que ya est\u00e1 detenido y va a tener consecuencias. Eso lamentablemente es parte del conflicto y algunos que se creen que por ser delegados gremiales pueden hacer lo que quieran y no lo vamos a permitir bajo ning\u00fan punto de vista\u201d, asever\u00f3.<\/p>\n\n\n\n<p>En cuanto a los hechos ocurridos en el Muelle de Puerto Madryn donde se denunci\u00f3 que pescadores que quer\u00edan salir a pescar fueron amenazados, Torres remarc\u00f3 que eso \u201clo repudiamos y lo denunciamos\u201d.<\/p>\n\n\n\n<p><strong>\u201cCualquier trabajador que quiera salir a laburar puede hacerlo y ning\u00fan dirigente gremial de ning\u00fan sindicato puede amenazarlo,<\/strong> mandarle una foto con un arma dici\u00e9ndole que lo iban a llenar de plomos si se sub\u00eda al barco\u201d, enfatiz\u00f3 tras los actos intimidatorios de la semana pasada.<\/p>\n\n\n\n<p class=\"has-vivid-cyan-blue-color has-text-color has-link-color wp-elements-dd8b19e15136ef3fe3282094075234e7\"><strong>MOMENTO BISAGRA, HORAS DECISIVAS<\/strong><\/p>\n\n\n\n<p>En tanto, consider\u00f3 que la discusi\u00f3n paritaria en el conflicto que se vive en el sector pesquero en el pa\u00eds se encuentra \u201cen un momento bisagra, donde no podemos esperar m\u00e1s. Como Estado Provincial, m\u00e1s all\u00e1 de juntar las partes, tambi\u00e9n vamos a intervenir de la manera que sea necesaria, pero <strong>desde la Secretar\u00eda de Trabajo de la Naci\u00f3n nos informaron que estaban hablando con las dos partes y esperemos que esta semana ya tengamos buenas noticias\u201d.<\/strong><\/p>\n\n\n\n<p>\u201cEn la provincia ya estoy hablando con CAPIP para ver el estado de situaci\u00f3n y tratar de colaborar en lo que podamos para salir a pescar lo antes posible. Lo que no puede pasar es que sigamos perdiendo tiempo valioso y obviamente que haya tantas familias con tanta incertidumbre y con ganas de salir a laburar\u201d, indic\u00f3 el mandatario.<\/p>\n\n\n\n<p class=\"has-vivid-cyan-blue-color has-text-color has-link-color wp-elements-1783a82e60e76d7a09248b7dd0b96276\"><strong>\u201cQUIEREN SALIR A TRABAJAR\u201d<\/strong><\/p>\n\n\n\n<p>Torres cree que se estar\u00eda cerca de zanjar el conflicto: \u201c<strong>Yo hablo con ellos y quieren salir a trabajar<\/strong> y muchas veces no entienden por qu\u00e9 seguimos trabados en esa discusi\u00f3n, pero yo soy optimista y entiendo que en pocos d\u00edas ya vamos a tener la soluci\u00f3n\u201d.<\/p>\n\n\n\n<p>Asimismo, el Gobernador sostuvo que \u201clamentablemente la temporada nacional arranc\u00f3 con mucha conflictividad gremial y por parte de las empresas, pero no compromete lo m\u00e1s m\u00ednimo la temporada provincial, son discusiones distintas\u201d.<\/p>\n\n\n\n<p><em>Fuente: Diario Jornada<\/em><\/p>\n","protected":false},"excerpt":{"rendered":"<p>\u201cEstos delincuentes que amenazan, que se creen impunes porque tienen fueros, despu\u00e9s de octubre no van a tener m\u00e1s fueros. Van a ser los propios chubutenses los que van a votar para quitarle la inmunidad de arresto y terminar de una vez por todas con estos patoteros que se creen que pueden hacer lo que<\/p>\n","protected":false},"author":4,"featured_media":12887,"comment_status":"open","ping_status":"open","sticky":false,"template":"","format":"standard","meta":{"om_disable_all_campaigns":false,"_monsterinsights_skip_tracking":false,"_monsterinsights_sitenote_active":false,"_monsterinsights_sitenote_note":"","_monsterinsights_sitenote_category":0,"footnotes":""},"categories":[9],"tags":[535,1638,91,2237,152,2274,179,2055],"class_list":{"0":"post-12880","1":"post","2":"type-post","3":"status-publish","4":"format-standard","5":"has-post-thumbnail","7":"category-actualidad","8":"tag-conflicto-pesquero","9":"tag-congeladores","10":"tag-featured","11":"tag-fueros-sindicales","12":"tag-langostino","13":"tag-mafias","14":"tag-somu","15":"tag-tangoneros"},"aioseo_notices":[],"amp_enabled":true,"_links":{"self":[{"href":"https:\/\/partedepesca.com.ar\/d\/wp-json\/wp\/v2\/posts\/12880","targetHints":{"allow":["GET"]}}],"collection":[{"href":"https:\/\/partedepesca.com.ar\/d\/wp-json\/wp\/v2\/posts"}],"about":[{"href":"https:\/\/partedepesca.com.ar\/d\/wp-json\/wp\/v2\/types\/post"}],"author":[{"embeddable":true,"href":"https:\/\/partedepesca.com.ar\/d\/wp-json\/wp\/v2\/users\/4"}],"replies":[{"embeddable":true,"href":"https:\/\/partedepesca.com.ar\/d\/wp-json\/wp\/v2\/comments?post=12880"}],"version-history":[{"count":2,"href":"https:\/\/partedepesca.com.ar\/d\/wp-json\/wp\/v2\/posts\/12880\/revisions"}],"predecessor-version":[{"id":12882,"href":"https:\/\/partedepesca.com.ar\/d\/wp-json\/wp\/v2\/posts\/12880\/revisions\/12882"}],"wp:featuredmedia":[{"embeddable":true,"href":"https:\/\/partedepesca.com.ar\/d\/wp-json\/wp\/v2\/media\/12887"}],"wp:attachment":[{"href":"https:\/\/partedepesca.com.ar\/d\/wp-json\/wp\/v2\/media?parent=12880"}],"wp:term":[{"taxonomy":"category","embeddable":true,"href":"https:\/\/partedepesca.com.ar\/d\/wp-json\/wp\/v2\/categories?post=12880"},{"taxonomy":"post_tag","embeddable":true,"href":"https:\/\/partedepesca.com.ar\/d\/wp-json\/wp\/v2\/tags?post=12880"}],"curies":[{"name":"wp","href":"https:\/\/api.w.org\/{rel}","templated":true}]}}