{"id":12614,"date":"2025-07-02T05:02:31","date_gmt":"2025-07-02T05:02:31","guid":{"rendered":"https:\/\/partedepesca.com.ar\/d\/?p=12614"},"modified":"2025-07-02T19:12:55","modified_gmt":"2025-07-02T19:12:55","slug":"gualtieri-asumio-como-subsecretario-de-pesca-de-rio-negro","status":"publish","type":"post","link":"https:\/\/partedepesca.com.ar\/d\/gualtieri-asumio-como-subsecretario-de-pesca-de-rio-negro\/","title":{"rendered":"Gualtieri asumi\u00f3 como Subsecretario de Pesca de R\u00edo Negro"},"content":{"rendered":"\n<p>El ex presidente de la C\u00e1mara de Armadores y Productores Pesqueros de R\u00edo Negro, Gustavo Gualtieri, fue designado por el Gobernador Alberto Weretilneck como nuevo Subsecretario de Pesca y Producci\u00f3n Acu\u00edcola de esa provincia patag\u00f3nica.<\/p>\n\n\n\n<p>De esta manera, a partir de este martes 1 de julio, Gualtieri se suma al equipo del Ministerio de Desarrollo Econ\u00f3mico y Productivo rionegrino. El empresario cuenta con una extensa experiencia en el \u00e1mbito privado vinculado a la pesca mar\u00edtima e industrial, tanto en R\u00edo Negro como en otras provincias de la regi\u00f3n.<\/p>\n\n\n\n<p>Su conocimiento del sector productivo, sumado a su vinculaci\u00f3n con actores clave de la cadena pesquera, le permitir\u00e1 fortalecer el trabajo conjunto entre el Estado y el sector empresarial, con el objetivo de seguir impulsando el desarrollo econ\u00f3mico del territorio.<\/p>\n\n\n\n<figure class=\"wp-block-image size-large\"><a href=\"https:\/\/partedepesca.com.ar\/d\/wp-content\/uploads\/2024\/05\/rionegropesca.jpg\"><img fetchpriority=\"high\" decoding=\"async\" width=\"1024\" height=\"576\" src=\"https:\/\/partedepesca.com.ar\/d\/wp-content\/uploads\/2024\/05\/rionegropesca-1024x576.jpg\" alt=\"\" class=\"wp-image-7068\" srcset=\"https:\/\/partedepesca.com.ar\/d\/wp-content\/uploads\/2024\/05\/rionegropesca-1024x576.jpg 1024w, https:\/\/partedepesca.com.ar\/d\/wp-content\/uploads\/2024\/05\/rionegropesca-300x169.jpg 300w, https:\/\/partedepesca.com.ar\/d\/wp-content\/uploads\/2024\/05\/rionegropesca-768x432.jpg 768w, https:\/\/partedepesca.com.ar\/d\/wp-content\/uploads\/2024\/05\/rionegropesca-150x84.jpg 150w, https:\/\/partedepesca.com.ar\/d\/wp-content\/uploads\/2024\/05\/rionegropesca-450x253.jpg 450w, https:\/\/partedepesca.com.ar\/d\/wp-content\/uploads\/2024\/05\/rionegropesca-1200x675.jpg 1200w, https:\/\/partedepesca.com.ar\/d\/wp-content\/uploads\/2024\/05\/rionegropesca.jpg 1222w\" sizes=\"(max-width: 1024px) 100vw, 1024px\" \/><\/a><\/figure>\n\n\n\n<p>Desde el Gobierno de R\u00edo Negro se busca consolidar una pol\u00edtica pesquera sostenible, generadora de empleo y con fuerte anclaje territorial. La incorporaci\u00f3n de Gualtieri representa una apuesta a la profesionalizaci\u00f3n y al conocimiento t\u00e9cnico espec\u00edfico para un \u00e1rea estrat\u00e9gica de la econom\u00eda provincial.<\/p>\n\n\n\n<p>En tal sentido, el Ministro de Desarrollo Econ\u00f3mico y Productivo, Carlos Banacloy, puso en valor la llegada de un representante del sector privado a la conducci\u00f3n del \u00e1rea de Pesca.<\/p>\n\n\n\n<p>\u201cGualtieri conoce de primera mano todo lo que representa la actividad pesquera para nuestra provincia, su realidad y la dif\u00edcil situaci\u00f3n por la que atraviesa actualmente. Su mirada y la integraci\u00f3n del sector privado y el p\u00fablico ser\u00e1n fundamentales para encarar las nuevas etapas que se vienen\u201d, sostuvo.<\/p>\n","protected":false},"excerpt":{"rendered":"<p>El ex presidente de la C\u00e1mara de Armadores y Productores Pesqueros de R\u00edo Negro, Gustavo Gualtieri, fue designado por el Gobernador Alberto Weretilneck como nuevo Subsecretario de Pesca y Producci\u00f3n Acu\u00edcola de esa provincia patag\u00f3nica. De esta manera, a partir de este martes 1 de julio, Gualtieri se suma al equipo del Ministerio de Desarrollo<\/p>\n","protected":false},"author":4,"featured_media":12615,"comment_status":"open","ping_status":"open","sticky":false,"template":"","format":"standard","meta":{"om_disable_all_campaigns":false,"_monsterinsights_skip_tracking":false,"_monsterinsights_sitenote_active":false,"_monsterinsights_sitenote_note":"","_monsterinsights_sitenote_category":0,"footnotes":""},"categories":[9],"tags":[246,91,2239,247],"class_list":{"0":"post-12614","1":"post","2":"type-post","3":"status-publish","4":"format-standard","5":"has-post-thumbnail","7":"category-actualidad","8":"tag-emergencia-pesquera","9":"tag-featured","10":"tag-gustavo-gualtieri","11":"tag-rio-negro"},"aioseo_notices":[],"amp_enabled":true,"_links":{"self":[{"href":"https:\/\/partedepesca.com.ar\/d\/wp-json\/wp\/v2\/posts\/12614","targetHints":{"allow":["GET"]}}],"collection":[{"href":"https:\/\/partedepesca.com.ar\/d\/wp-json\/wp\/v2\/posts"}],"about":[{"href":"https:\/\/partedepesca.com.ar\/d\/wp-json\/wp\/v2\/types\/post"}],"author":[{"embeddable":true,"href":"https:\/\/partedepesca.com.ar\/d\/wp-json\/wp\/v2\/users\/4"}],"replies":[{"embeddable":true,"href":"https:\/\/partedepesca.com.ar\/d\/wp-json\/wp\/v2\/comments?post=12614"}],"version-history":[{"count":2,"href":"https:\/\/partedepesca.com.ar\/d\/wp-json\/wp\/v2\/posts\/12614\/revisions"}],"predecessor-version":[{"id":12617,"href":"https:\/\/partedepesca.com.ar\/d\/wp-json\/wp\/v2\/posts\/12614\/revisions\/12617"}],"wp:featuredmedia":[{"embeddable":true,"href":"https:\/\/partedepesca.com.ar\/d\/wp-json\/wp\/v2\/media\/12615"}],"wp:attachment":[{"href":"https:\/\/partedepesca.com.ar\/d\/wp-json\/wp\/v2\/media?parent=12614"}],"wp:term":[{"taxonomy":"category","embeddable":true,"href":"https:\/\/partedepesca.com.ar\/d\/wp-json\/wp\/v2\/categories?post=12614"},{"taxonomy":"post_tag","embeddable":true,"href":"https:\/\/partedepesca.com.ar\/d\/wp-json\/wp\/v2\/tags?post=12614"}],"curies":[{"name":"wp","href":"https:\/\/api.w.org\/{rel}","templated":true}]}}