{"id":12464,"date":"2025-06-20T02:37:21","date_gmt":"2025-06-20T02:37:21","guid":{"rendered":"https:\/\/partedepesca.com.ar\/d\/?p=12464"},"modified":"2025-06-21T19:42:12","modified_gmt":"2025-06-21T19:42:12","slug":"marinero-apunalo-a-otro-a-bordo-de-un-barco-de-solimeno","status":"publish","type":"post","link":"https:\/\/partedepesca.com.ar\/d\/marinero-apunalo-a-otro-a-bordo-de-un-barco-de-solimeno\/","title":{"rendered":"Marinero apu\u00f1al\u00f3 a otro a bordo de un barco de Solimeno"},"content":{"rendered":"\n<p>Un dram\u00e1tico incidente sacudi\u00f3 la ma\u00f1ana del jueves en el puerto de Mar del Plata, cuando un tripulante del buque \u201cVirgen Mar\u00eda\u201d del Grupo Solimeno result\u00f3 apu\u00f1alado a manos de otro marinero. El hecho, que conmocion\u00f3 a los presentes, habr\u00eda sido el desenlace de una disputa previa entre la v\u00edctima y otro tripulante.<\/p>\n\n\n\n<p>La tensa situaci\u00f3n se desat\u00f3 mientras la embarcaci\u00f3n, propiedad de la empresa Solimeno, realizaba la habitual operaci\u00f3n de amarre. Repentinamente, uno de los oficiales comenz\u00f3 a gritar desde la timonera, exigiendo que se llamara a una ambulancia. <\/p>\n\n\n\n<p>En un primer momento, quienes recib\u00edan los cabos para el atraque no comprend\u00edan la magnitud de lo que ocurr\u00eda. Sin embargo, la confusi\u00f3n se disip\u00f3 cuando el mismo capit\u00e1n lanz\u00f3 un grito desesperado: \u201c\u00a1Le pegaron una pu\u00f1alada a un tripulante!\u201d.<\/p>\n\n\n\n<figure class=\"wp-block-image size-large\"><a href=\"https:\/\/partedepesca.com.ar\/d\/wp-content\/uploads\/2025\/06\/marinero-apunalo-a-otro-2.jpeg\"><img fetchpriority=\"high\" decoding=\"async\" width=\"1024\" height=\"560\" src=\"https:\/\/partedepesca.com.ar\/d\/wp-content\/uploads\/2025\/06\/marinero-apunalo-a-otro-2-1024x560.jpeg\" alt=\"\" class=\"wp-image-12466\" srcset=\"https:\/\/partedepesca.com.ar\/d\/wp-content\/uploads\/2025\/06\/marinero-apunalo-a-otro-2-1024x560.jpeg 1024w, https:\/\/partedepesca.com.ar\/d\/wp-content\/uploads\/2025\/06\/marinero-apunalo-a-otro-2-300x164.jpeg 300w, https:\/\/partedepesca.com.ar\/d\/wp-content\/uploads\/2025\/06\/marinero-apunalo-a-otro-2-768x420.jpeg 768w, https:\/\/partedepesca.com.ar\/d\/wp-content\/uploads\/2025\/06\/marinero-apunalo-a-otro-2-150x82.jpeg 150w, https:\/\/partedepesca.com.ar\/d\/wp-content\/uploads\/2025\/06\/marinero-apunalo-a-otro-2-450x246.jpeg 450w, https:\/\/partedepesca.com.ar\/d\/wp-content\/uploads\/2025\/06\/marinero-apunalo-a-otro-2-1200x656.jpeg 1200w, https:\/\/partedepesca.com.ar\/d\/wp-content\/uploads\/2025\/06\/marinero-apunalo-a-otro-2.jpeg 1536w\" sizes=\"(max-width: 1024px) 100vw, 1024px\" \/><\/a><\/figure>\n\n\n\n<p>La alarma se encendi\u00f3 y, en aproximadamente diez minutos, la ambulancia y personal de la Prefectura Naval Argentina arribaron al lugar. Se confirm\u00f3 entonces que el trabajador herido, quien se desempe\u00f1a como cocinero en el buque, hab\u00eda sido apu\u00f1alado por un marinero a bordo. El atacante fue detenido y puesto a disposici\u00f3n de la Justicia.<\/p>\n\n\n\n<p>Seg\u00fan relataron testigos a las autoridades, la agresi\u00f3n ser\u00eda la culminaci\u00f3n de una pelea que la v\u00edctima y su agresor habr\u00edan sostenido la noche anterior. La disputa se habr\u00eda reavivado en el momento en que el buque casi terminaba de amarrar, con el tr\u00e1gico resultado del cocinero apu\u00f1alado.<\/p>\n\n\n\n<figure class=\"wp-block-image size-full\"><a href=\"https:\/\/partedepesca.com.ar\/d\/wp-content\/uploads\/2025\/06\/marinero-apunalo-a-otro-3.jpeg\"><img decoding=\"async\" width=\"768\" height=\"486\" src=\"https:\/\/partedepesca.com.ar\/d\/wp-content\/uploads\/2025\/06\/marinero-apunalo-a-otro-3.jpeg\" alt=\"\" class=\"wp-image-12467\" srcset=\"https:\/\/partedepesca.com.ar\/d\/wp-content\/uploads\/2025\/06\/marinero-apunalo-a-otro-3.jpeg 768w, https:\/\/partedepesca.com.ar\/d\/wp-content\/uploads\/2025\/06\/marinero-apunalo-a-otro-3-300x190.jpeg 300w, https:\/\/partedepesca.com.ar\/d\/wp-content\/uploads\/2025\/06\/marinero-apunalo-a-otro-3-150x95.jpeg 150w, https:\/\/partedepesca.com.ar\/d\/wp-content\/uploads\/2025\/06\/marinero-apunalo-a-otro-3-450x285.jpeg 450w\" sizes=\"(max-width: 768px) 100vw, 768px\" \/><\/a><\/figure>\n\n\n\n<p>El herido fue trasladado de inmediato en grave estado al hospital m\u00e1s cercano, donde recibe atenci\u00f3n m\u00e9dica. La Prefectura Naval se encuentra investigando los detalles del suceso para esclarecer las causas y responsabilidades.<\/p>\n\n\n\n<p><em>Fuente y fotos: Pesca Naci\u00f3n<\/em><\/p>\n","protected":false},"excerpt":{"rendered":"<p>Un dram\u00e1tico incidente sacudi\u00f3 la ma\u00f1ana del jueves en el puerto de Mar del Plata, cuando un tripulante del buque \u201cVirgen Mar\u00eda\u201d del Grupo Solimeno result\u00f3 apu\u00f1alado a manos de otro marinero. El hecho, que conmocion\u00f3 a los presentes, habr\u00eda sido el desenlace de una disputa previa entre la v\u00edctima y otro tripulante. La tensa<\/p>\n","protected":false},"author":4,"featured_media":12465,"comment_status":"open","ping_status":"open","sticky":false,"template":"","format":"standard","meta":{"om_disable_all_campaigns":false,"_monsterinsights_skip_tracking":false,"_monsterinsights_sitenote_active":false,"_monsterinsights_sitenote_note":"","_monsterinsights_sitenote_category":0,"footnotes":""},"categories":[9],"tags":[91,663,2131,2223],"class_list":{"0":"post-12464","1":"post","2":"type-post","3":"status-publish","4":"format-standard","5":"has-post-thumbnail","7":"category-actualidad","8":"tag-featured","9":"tag-mar-del-plata","10":"tag-marinero","11":"tag-solimeno"},"aioseo_notices":[],"amp_enabled":true,"_links":{"self":[{"href":"https:\/\/partedepesca.com.ar\/d\/wp-json\/wp\/v2\/posts\/12464","targetHints":{"allow":["GET"]}}],"collection":[{"href":"https:\/\/partedepesca.com.ar\/d\/wp-json\/wp\/v2\/posts"}],"about":[{"href":"https:\/\/partedepesca.com.ar\/d\/wp-json\/wp\/v2\/types\/post"}],"author":[{"embeddable":true,"href":"https:\/\/partedepesca.com.ar\/d\/wp-json\/wp\/v2\/users\/4"}],"replies":[{"embeddable":true,"href":"https:\/\/partedepesca.com.ar\/d\/wp-json\/wp\/v2\/comments?post=12464"}],"version-history":[{"count":1,"href":"https:\/\/partedepesca.com.ar\/d\/wp-json\/wp\/v2\/posts\/12464\/revisions"}],"predecessor-version":[{"id":12468,"href":"https:\/\/partedepesca.com.ar\/d\/wp-json\/wp\/v2\/posts\/12464\/revisions\/12468"}],"wp:featuredmedia":[{"embeddable":true,"href":"https:\/\/partedepesca.com.ar\/d\/wp-json\/wp\/v2\/media\/12465"}],"wp:attachment":[{"href":"https:\/\/partedepesca.com.ar\/d\/wp-json\/wp\/v2\/media?parent=12464"}],"wp:term":[{"taxonomy":"category","embeddable":true,"href":"https:\/\/partedepesca.com.ar\/d\/wp-json\/wp\/v2\/categories?post=12464"},{"taxonomy":"post_tag","embeddable":true,"href":"https:\/\/partedepesca.com.ar\/d\/wp-json\/wp\/v2\/tags?post=12464"}],"curies":[{"name":"wp","href":"https:\/\/api.w.org\/{rel}","templated":true}]}}