{"id":12402,"date":"2025-06-16T07:07:00","date_gmt":"2025-06-16T07:07:00","guid":{"rendered":"https:\/\/partedepesca.com.ar\/d\/?p=12402"},"modified":"2025-06-17T03:03:26","modified_gmt":"2025-06-17T03:03:26","slug":"retrivi-tildo-a-arbeletche-de-burocrata-que-no-produce-nada","status":"publish","type":"post","link":"https:\/\/partedepesca.com.ar\/d\/retrivi-tildo-a-arbeletche-de-burocrata-que-no-produce-nada\/","title":{"rendered":"Retrivi tild\u00f3 a Arbeletche de \u201cbur\u00f3crata\u201d que \u201cno produce nada\u201d"},"content":{"rendered":"\n<p>La C\u00e1mara Pesquera Argentina &#8211; Armadores Langostineros Federales Argentinos (CAPEAR-ALFA) <a href=\"https:\/\/partedepesca.com.ar\/d\/alfa-insiste-en-flexibilizar-las-72-hs-de-operatoria-para-fresqueros-al-langostino\/\" target=\"_blank\" rel=\"noopener\" title=\"\">reiter\u00f3 el pedido al Consejo Federal Pesquero para flexibilizar las 72 horas de operatoria para fresqueros al langostino<\/a>, pero el jueves el organismo volvi\u00f3 a rechazar el planteo.<\/p>\n\n\n\n<p>El tema parece haber quedado clausurado al menos por ahora en el \u00e1mbito del CFP, pero la pol\u00e9mica escal\u00f3 el fin de semana en redes sociales. El secretario de Pesca de Chubut, Andr\u00e9s Arbeletche, calific\u00f3 de \u201coportunista\u201d el requerimiento hecho por la c\u00e1mara pesquera marplatense y hasta insinu\u00f3: \u201c\u00bfA r\u00edo revuelto, ganancia de (malos) pescadores?\u201d<\/p>\n\n\n\n<p>La respuesta de Mariano Retrivi no tard\u00f3 en llegar y tambi\u00e9n por la red X defendi\u00f3 la solicitud reiterada que ha venido haciendo a lo largo de los a\u00f1os la c\u00e1mara ALFA.<\/p>\n\n\n\n<p>\u201cNo lo conozco personalmente, sin embargo, no es la primera vez y no sorprende que, desde un escritorio en Chubut, se acuse de \u00aboportunismo\u00bb a quienes buscan liberar a la flota pesquera del cepo arbitrario de las 72 horas. Esa l\u00f3gica estatista -la de creer que el Estado debe decidir en qu\u00e9 puerto pod\u00e9s entrar y cu\u00e1nto tiempo pod\u00e9s trabajar- es exactamente el c\u00e1ncer que nos trajo hasta ac\u00e1: un pa\u00eds con potencial, atado por bur\u00f3cratas que no producen nada, pero s\u00ed condicionan las voluntades productivas\u201d, respondi\u00f3 con vehemencia el marplatense.<\/p>\n\n\n\n<p>Y agreg\u00f3: \u201cHablan de calidad como si estuvieran defendiendo la patria, cuando en realidad est\u00e1n defendiendo privilegios provinciales disfrazados de regulaci\u00f3n. \u00a1No, se\u00f1or Alberteche! El verdadero atentado contra la calidad, es tener barcos amarrados por coerci\u00f3n legal en vez de operando con libertad y eficiencia en los mares y aguas nacionales. Si el producto pierde valor, no es por extender operatividad: es por la falta de incentivos, la rigidez y el manejo centralizado que desalienta la inversi\u00f3n y la mejora continua\u201d, refut\u00f3 Retrivi.<\/p>\n\n\n\n<p>M\u00e1s adelante sostuvo que \u201cla flota fresquera no necesita tutores. Necesita reglas claras, competencia leal y libertad de acci\u00f3n. No estamos pidiendo d\u00e1divas: estamos exigiendo que el Estado deje de entorpecer el desarrollo de un sector clave de nuestra econom\u00eda. Si eso es ser \u00aboportunista\u00bb, entonces bendito sea el oportunismo que con la plata \u00a1\u00a1NUESTRA!!! NO SUYA, NI DE NINGUN ESTADO, genera trabajo, exportaciones y pone a Argentina de pie\u201d, asever\u00f3.<\/p>\n\n\n\n<p>\u201cUna humilde sugerencia: en lugar de inventar Enemigos (flota marplatense, que merecer\u00eda ser bien recibida en su provincia) intente reorganizar el ecosistema econ\u00f3mico del Langostino, para que los buques elijan libremente ir a Chubut por voluntad propia y no por Obligaci\u00f3n. M\u00e1s mercado, menos Estado. M\u00e1s libertad, menos imposiciones feudales\u201d, cerr\u00f3 Retrivi.<\/p>\n","protected":false},"excerpt":{"rendered":"<p>La C\u00e1mara Pesquera Argentina &#8211; Armadores Langostineros Federales Argentinos (CAPEAR-ALFA) reiter\u00f3 el pedido al Consejo Federal Pesquero para flexibilizar las 72 horas de operatoria para fresqueros al langostino, pero el jueves el organismo volvi\u00f3 a rechazar el planteo. El tema parece haber quedado clausurado al menos por ahora en el \u00e1mbito del CFP, pero la<\/p>\n","protected":false},"author":4,"featured_media":11693,"comment_status":"open","ping_status":"open","sticky":false,"template":"","format":"standard","meta":{"om_disable_all_campaigns":false,"_monsterinsights_skip_tracking":false,"_monsterinsights_sitenote_active":false,"_monsterinsights_sitenote_note":"","_monsterinsights_sitenote_category":0,"footnotes":""},"categories":[9],"tags":[420,500,501,91,152,2099],"class_list":{"0":"post-12402","1":"post","2":"type-post","3":"status-publish","4":"format-standard","5":"has-post-thumbnail","7":"category-actualidad","8":"tag-andres-arbeletche","9":"tag-capear-alfa","10":"tag-cfp","11":"tag-featured","12":"tag-langostino","13":"tag-mariano-retrivi"},"aioseo_notices":[],"amp_enabled":true,"_links":{"self":[{"href":"https:\/\/partedepesca.com.ar\/d\/wp-json\/wp\/v2\/posts\/12402","targetHints":{"allow":["GET"]}}],"collection":[{"href":"https:\/\/partedepesca.com.ar\/d\/wp-json\/wp\/v2\/posts"}],"about":[{"href":"https:\/\/partedepesca.com.ar\/d\/wp-json\/wp\/v2\/types\/post"}],"author":[{"embeddable":true,"href":"https:\/\/partedepesca.com.ar\/d\/wp-json\/wp\/v2\/users\/4"}],"replies":[{"embeddable":true,"href":"https:\/\/partedepesca.com.ar\/d\/wp-json\/wp\/v2\/comments?post=12402"}],"version-history":[{"count":2,"href":"https:\/\/partedepesca.com.ar\/d\/wp-json\/wp\/v2\/posts\/12402\/revisions"}],"predecessor-version":[{"id":12404,"href":"https:\/\/partedepesca.com.ar\/d\/wp-json\/wp\/v2\/posts\/12402\/revisions\/12404"}],"wp:featuredmedia":[{"embeddable":true,"href":"https:\/\/partedepesca.com.ar\/d\/wp-json\/wp\/v2\/media\/11693"}],"wp:attachment":[{"href":"https:\/\/partedepesca.com.ar\/d\/wp-json\/wp\/v2\/media?parent=12402"}],"wp:term":[{"taxonomy":"category","embeddable":true,"href":"https:\/\/partedepesca.com.ar\/d\/wp-json\/wp\/v2\/categories?post=12402"},{"taxonomy":"post_tag","embeddable":true,"href":"https:\/\/partedepesca.com.ar\/d\/wp-json\/wp\/v2\/tags?post=12402"}],"curies":[{"name":"wp","href":"https:\/\/api.w.org\/{rel}","templated":true}]}}