{"id":12322,"date":"2025-06-10T10:55:49","date_gmt":"2025-06-10T10:55:49","guid":{"rendered":"https:\/\/partedepesca.com.ar\/d\/?p=12322"},"modified":"2025-06-11T12:53:54","modified_gmt":"2025-06-11T12:53:54","slug":"durdos-apostaria-a-extender-el-conflicto-para-lograr-su-reeleccion","status":"publish","type":"post","link":"https:\/\/partedepesca.com.ar\/d\/durdos-apostaria-a-extender-el-conflicto-para-lograr-su-reeleccion\/","title":{"rendered":"Durdos apostar\u00eda a extender el conflicto para lograr su reelecci\u00f3n"},"content":{"rendered":"\n<p>El conflicto que mantiene completamente paralizada a toda la flota pesquera langostinera tiene como eje central la problem\u00e1tica de los costos de producci\u00f3n, pero sin dudas el componente pol\u00edtico y el factor electoral interno del SOMU que este a\u00f1o renueva autoridades, complejiza la situaci\u00f3n toda vez que la conducci\u00f3n que lidera Ra\u00fal Omar Durdos va por la reelecci\u00f3n y este contexto le da plaf\u00f3n para intentar sumar votos en su carrera electoral.<\/p>\n\n\n\n<p>El SOMU rechaz\u00f3 ayer la denuncia parcial de los Convenios Colectivos de Trabajo realizado por las c\u00e1maras pesqueras CAPIP, CAPECA y CEPA indicando que no aceptar\u00e1 discutir una revisi\u00f3n de los valores de referencia con los que se liquida el Sueldo Complementario de Producci\u00f3n.<\/p>\n\n\n\n<p>La respuesta al Ministerio de Capital Humano no es solo una respuesta administrativa a un tr\u00e1mite laboral, tiene un contenido pol\u00edtico y es que la conducci\u00f3n actual del gremio de los marineros intenta capitalizar este conflicto poni\u00e9ndose &#8216;a la cabeza&#8217; de la consigna &#8220;no a la baja&#8221;.<\/p>\n\n\n\n<figure class=\"wp-block-image size-large\"><a href=\"https:\/\/partedepesca.com.ar\/d\/wp-content\/uploads\/2025\/06\/durdos-marcha-en-mar-del-plata-4.jpg\"><img fetchpriority=\"high\" decoding=\"async\" width=\"1024\" height=\"768\" src=\"https:\/\/partedepesca.com.ar\/d\/wp-content\/uploads\/2025\/06\/durdos-marcha-en-mar-del-plata-4-1024x768.jpg\" alt=\"\" class=\"wp-image-12324\" srcset=\"https:\/\/partedepesca.com.ar\/d\/wp-content\/uploads\/2025\/06\/durdos-marcha-en-mar-del-plata-4-1024x768.jpg 1024w, https:\/\/partedepesca.com.ar\/d\/wp-content\/uploads\/2025\/06\/durdos-marcha-en-mar-del-plata-4-300x225.jpg 300w, https:\/\/partedepesca.com.ar\/d\/wp-content\/uploads\/2025\/06\/durdos-marcha-en-mar-del-plata-4-768x576.jpg 768w, https:\/\/partedepesca.com.ar\/d\/wp-content\/uploads\/2025\/06\/durdos-marcha-en-mar-del-plata-4-1536x1152.jpg 1536w, https:\/\/partedepesca.com.ar\/d\/wp-content\/uploads\/2025\/06\/durdos-marcha-en-mar-del-plata-4-150x113.jpg 150w, https:\/\/partedepesca.com.ar\/d\/wp-content\/uploads\/2025\/06\/durdos-marcha-en-mar-del-plata-4-450x338.jpg 450w, https:\/\/partedepesca.com.ar\/d\/wp-content\/uploads\/2025\/06\/durdos-marcha-en-mar-del-plata-4-1200x900.jpg 1200w, https:\/\/partedepesca.com.ar\/d\/wp-content\/uploads\/2025\/06\/durdos-marcha-en-mar-del-plata-4.jpg 1600w\" sizes=\"(max-width: 1024px) 100vw, 1024px\" \/><\/a><\/figure>\n\n\n\n<p>Durdos y su entorno m\u00e1s cercano interpretan que dilatando el conflicto har\u00e1 quebrar la postura de las empresas y a fin de mes saldr\u00e1n los barcos a pescar, y con ello, intentar\u00e1 su segunda reelecci\u00f3n exhibiendo que no acept\u00f3 la reducci\u00f3n salarial.<\/p>\n\n\n\n<p>En la respuesta que el sindicato realiz\u00f3 ante la cartera laboral aporta imprecisiones y datos que no se condicen con lo formulado desde las c\u00e1maras. &#8220;No existe motivo alguno para fijar nuevos valores de referencia, estando ellos acorde a los valores de mercado y revistiendo aun coherencia en funci\u00f3n del especial y sacrificado trabajo que llevan adelante los marineros&#8221;, dice la respuesta elevada a la Directora de Relaciones Laborales.<\/p>\n\n\n\n<p>&#8220;Imponen la baja del 60% sobre los valores de producci\u00f3n de la especie langostino e impacta negativamente en el salario de bolsillo de los trabajadores del SOMU, por tanto, su rechazo es enf\u00e1tico e irreversible al igual que el resto de las modificaciones propuestas&#8221;, agrega el escrito. Vale aclarar que la presentaci\u00f3n de CAPIP, CEPA y CAPECA no piden una reducci\u00f3n del 60% sino del 30% de los valores de referencia.<\/p>\n\n\n\n<figure class=\"wp-block-image size-large\"><a href=\"https:\/\/partedepesca.com.ar\/d\/wp-content\/uploads\/2025\/06\/durdos-marcha-en-mar-del-plata-5.jpg\"><img decoding=\"async\" width=\"1024\" height=\"768\" src=\"https:\/\/partedepesca.com.ar\/d\/wp-content\/uploads\/2025\/06\/durdos-marcha-en-mar-del-plata-5-1024x768.jpg\" alt=\"\" class=\"wp-image-12325\" srcset=\"https:\/\/partedepesca.com.ar\/d\/wp-content\/uploads\/2025\/06\/durdos-marcha-en-mar-del-plata-5-1024x768.jpg 1024w, https:\/\/partedepesca.com.ar\/d\/wp-content\/uploads\/2025\/06\/durdos-marcha-en-mar-del-plata-5-300x225.jpg 300w, https:\/\/partedepesca.com.ar\/d\/wp-content\/uploads\/2025\/06\/durdos-marcha-en-mar-del-plata-5-768x576.jpg 768w, https:\/\/partedepesca.com.ar\/d\/wp-content\/uploads\/2025\/06\/durdos-marcha-en-mar-del-plata-5-1536x1152.jpg 1536w, https:\/\/partedepesca.com.ar\/d\/wp-content\/uploads\/2025\/06\/durdos-marcha-en-mar-del-plata-5-150x113.jpg 150w, https:\/\/partedepesca.com.ar\/d\/wp-content\/uploads\/2025\/06\/durdos-marcha-en-mar-del-plata-5-450x338.jpg 450w, https:\/\/partedepesca.com.ar\/d\/wp-content\/uploads\/2025\/06\/durdos-marcha-en-mar-del-plata-5-1200x900.jpg 1200w, https:\/\/partedepesca.com.ar\/d\/wp-content\/uploads\/2025\/06\/durdos-marcha-en-mar-del-plata-5.jpg 1600w\" sizes=\"(max-width: 1024px) 100vw, 1024px\" \/><\/a><\/figure>\n\n\n\n<p>Agrega Durdos en la respuesta: &#8220;Es inadmisible que una industria que como genera 5.000 millones de d\u00f3lares pretenda maximizar sus ganancias a costa de los trabajadores&#8221;, enfatiza. Este otro dato tambi\u00e9n es claramente err\u00f3neo. Nunca la industria pesquera argentina tuvo exportaciones anuales por 5.000 millones de d\u00f3lares. La pesca es el octavo complejo exportador de Argentina y en los \u00faltimos a\u00f1os se han reportado exportaciones que rondan los 1.800\/2.000 millones de d\u00f3lares anuales.<\/p>\n\n\n\n<p>No parece casual que Durdos y su secretario de Pesca, Juan Navarro, respondan a la autoridad laboral nacional con estos datos inexactos, sino que tendr\u00eda como objetivo dejar que el conflicto prosiga. La l\u00f3gica que aplican es que no ceder los posicionar\u00e1 de cara a las elecciones internas donde buscan la reelecci\u00f3n.<\/p>\n","protected":false},"excerpt":{"rendered":"<p>El conflicto que mantiene completamente paralizada a toda la flota pesquera langostinera tiene como eje central la problem\u00e1tica de los costos de producci\u00f3n, pero sin dudas el componente pol\u00edtico y el factor electoral interno del SOMU que este a\u00f1o renueva autoridades, complejiza la situaci\u00f3n toda vez que la conducci\u00f3n que lidera Ra\u00fal Omar Durdos va<\/p>\n","protected":false},"author":4,"featured_media":12323,"comment_status":"open","ping_status":"open","sticky":false,"template":"","format":"standard","meta":{"om_disable_all_campaigns":false,"_monsterinsights_skip_tracking":false,"_monsterinsights_sitenote_active":false,"_monsterinsights_sitenote_note":"","_monsterinsights_sitenote_category":0,"footnotes":""},"categories":[9],"tags":[2173,1638,1764,91,152,179,2055],"class_list":{"0":"post-12322","1":"post","2":"type-post","3":"status-publish","4":"format-standard","5":"has-post-thumbnail","7":"category-actualidad","8":"tag-conflicto","9":"tag-congeladores","10":"tag-durdos","11":"tag-featured","12":"tag-langostino","13":"tag-somu","14":"tag-tangoneros"},"aioseo_notices":[],"amp_enabled":true,"_links":{"self":[{"href":"https:\/\/partedepesca.com.ar\/d\/wp-json\/wp\/v2\/posts\/12322","targetHints":{"allow":["GET"]}}],"collection":[{"href":"https:\/\/partedepesca.com.ar\/d\/wp-json\/wp\/v2\/posts"}],"about":[{"href":"https:\/\/partedepesca.com.ar\/d\/wp-json\/wp\/v2\/types\/post"}],"author":[{"embeddable":true,"href":"https:\/\/partedepesca.com.ar\/d\/wp-json\/wp\/v2\/users\/4"}],"replies":[{"embeddable":true,"href":"https:\/\/partedepesca.com.ar\/d\/wp-json\/wp\/v2\/comments?post=12322"}],"version-history":[{"count":1,"href":"https:\/\/partedepesca.com.ar\/d\/wp-json\/wp\/v2\/posts\/12322\/revisions"}],"predecessor-version":[{"id":12326,"href":"https:\/\/partedepesca.com.ar\/d\/wp-json\/wp\/v2\/posts\/12322\/revisions\/12326"}],"wp:featuredmedia":[{"embeddable":true,"href":"https:\/\/partedepesca.com.ar\/d\/wp-json\/wp\/v2\/media\/12323"}],"wp:attachment":[{"href":"https:\/\/partedepesca.com.ar\/d\/wp-json\/wp\/v2\/media?parent=12322"}],"wp:term":[{"taxonomy":"category","embeddable":true,"href":"https:\/\/partedepesca.com.ar\/d\/wp-json\/wp\/v2\/categories?post=12322"},{"taxonomy":"post_tag","embeddable":true,"href":"https:\/\/partedepesca.com.ar\/d\/wp-json\/wp\/v2\/tags?post=12322"}],"curies":[{"name":"wp","href":"https:\/\/api.w.org\/{rel}","templated":true}]}}