{"id":12134,"date":"2025-05-28T06:36:33","date_gmt":"2025-05-28T06:36:33","guid":{"rendered":"https:\/\/partedepesca.com.ar\/d\/?p=12134"},"modified":"2025-05-30T00:55:15","modified_gmt":"2025-05-30T00:55:15","slug":"el-mensaje-del-gobierno-de-milei-ante-la-crisis-pesquera-del-langostino","status":"publish","type":"post","link":"https:\/\/partedepesca.com.ar\/d\/el-mensaje-del-gobierno-de-milei-ante-la-crisis-pesquera-del-langostino\/","title":{"rendered":"El mensaje del Gobierno de Milei ante la crisis pesquera del langostino"},"content":{"rendered":"\n<p>El presidente <strong>Javier Milei<\/strong> brind\u00f3 ayer una charla de econom\u00eda a los diputados del bloque de <strong>La Libertad Avanza<\/strong>. En el encuentro, que se realiz\u00f3 en el Sal\u00f3n H\u00e9roes de Malvinas de Casa Rosada, el mandatario explic\u00f3 los detalles del nuevo blanqueo que apunta a liberar los d\u00f3lares colch\u00f3n, plan que en una segunda etapa deber\u00e1 pasar por el Congreso.<\/p>\n\n\n\n<p>El diputado nacional por Chubut, <strong>C\u00e9sar Treffinger<\/strong>, particip\u00f3 del encuentro y dialog\u00f3 con el primer mandatario nacional. Por la tarde, el legislador asisti\u00f3 a una reuni\u00f3n de la <strong>Comisi\u00f3n de Intereses Mar\u00edtimos, Fluviales, Pesqueros y Portuarios <\/strong>de la C\u00e1mara de Diputados donde se analizaban proyectos de Trazabilidad Pesquera, pero tambi\u00e9n se abord\u00f3 la problem\u00e1tica que actualmente cruza a la actividad.<\/p>\n\n\n\n<p class=\"has-vivid-cyan-blue-color has-text-color has-link-color wp-elements-9ff8741b33cfccc1b7fbb3e7152c5376\">&#8216;<strong>NO ESPEREN UNA DEVALUACI\u00d3N&#8217;<\/strong><\/p>\n\n\n\n<p>Treffinger es el dirigente que el n\u00facleo duro de LLA tiene como referente en Chubut y durante su intervenci\u00f3n en el debate en comisi\u00f3n, se refiri\u00f3 puntual y espec\u00edficamente al conflicto que hoy tiene la pesca en el sector langostinero con toda la flota inactiva por los elevados costos de producci\u00f3n.<\/p>\n\n\n\n<p>El legislador mileista le dej\u00f3 claro a la industria pesquera que de momento <strong>no hay ninguna posibilidad de una devaluaci\u00f3n<\/strong> que mejore el tipo de cambio para los exportadores, <strong>tampoco<\/strong> est\u00e1 en el radar del equipo econ\u00f3mico <strong>eliminar los Derechos de Exportaci\u00f3n<\/strong>, ni eximir del Impuesto a las <strong>Ganancias a los tripulantes de buques pesqueros<\/strong> que tienen salarios bastante superiores a la media de cualquier otra actividad econ\u00f3mica.<\/p>\n\n\n\n<p>El diputado nacional recomend\u00f3 que tanto empresarios como sindicatos <strong>revisen sus propios costos laborales<\/strong>. Consider\u00f3 que \u201cpor el nuevo modelo econ\u00f3mico nacional, hay actividades que tienen que reformular su ejercicio econ\u00f3mico de negocios\u201d.<\/p>\n\n\n\n<p class=\"has-vivid-cyan-blue-color has-text-color has-link-color wp-elements-ef3de9fd2d2a6f6ea46d4362fa3941f5\"><strong>REFORMULAR LA ACTIVIDAD<\/strong><\/p>\n\n\n\n<p>El ex candidato a gobernador de Chubut se mostr\u00f3 informado y dijo que \u201cla semana pasada, el mi\u00e9rcoles, hubo una reuni\u00f3n entre la c\u00e1mara CAPIP y el secretario de Trabajo, (Julio) Cordero. Yo estuve reunido con CAPIP antes de esa reuni\u00f3n. Luego tuvimos los episodios de un conflicto en Puerto Madryn. Para explicarlo y hacer simple lo complejo: tenemos un problema econ\u00f3mico, donde empresarios de la industria pesquera dicen salir a pescar a p\u00e9rdida. Y del otro lado, tenemos trabajadores representado por su sindicato que dicen no querer ceder en su convenio colectivo\u201d, resumi\u00f3.<\/p>\n\n\n\n<p>\u201cLa c\u00e1mara le solicita que ellos cedan un 30%. Lo m\u00e1s importante para saber si esta primero el huevo o la gallina, es saber que esto se da a partir de la variaci\u00f3n que hay de un plan econ\u00f3mico que, por primera vez en la Argentina, sostiene no emitir y no devaluar. A partir de ah\u00ed hay un mont\u00f3n de actividades que tienen que reformular su &#8216;cash flow&#8217;, que es su ejercicio econ\u00f3mico de negocios\u201d, consider\u00f3 el diputado.<\/p>\n\n\n\n<p>El libertario reconoci\u00f3 que \u201cla realidad es que <strong>el precio internacional del langostino vari\u00f3, hoy est\u00e1 a la mitad. La devaluaci\u00f3n no va a existir. Por lo tanto, queda una sola pata para arreglar esto y es la reformulaci\u00f3n de la actividad<\/strong> y de todas las partes que intervienen en \u00e9l: marineros, capitanes, patrones, plantas y empresarios\u201d, aconsej\u00f3.<\/p>\n\n\n\n<p class=\"has-vivid-cyan-blue-color has-text-color has-link-color wp-elements-ea9b07b36efe27823c5a98ab99e5c6fa\"><strong>COLECTIVOS PARA PROTESTAR EN LA ROSADA<\/strong><\/p>\n\n\n\n<p>Treffinger record\u00f3 que el jueves pasado, los marineros en Puerto Madryn requirieron la urgente intervenci\u00f3n del gobierno provincial y del gobierno nacional. <strong>Posteriormente, hubo una reuni\u00f3n \u201cdonde se viraliz\u00f3 un video donde SOMU <\/strong>dice que este martes se va a llevar a cabo una reuni\u00f3n en Buenos Aires con el Secretario de Pesca, Cazorla. <strong><a href=\"https:\/\/partedepesca.com.ar\/d\/nacho-torres-nos-prometio-colectivos-para-ir-a-hacer-quilombo-a-la-casa-rosada\/\" target=\"_blank\" rel=\"noopener\" title=\"\">Es interesante observar que, en ese video, estas personas dicen que el Gobernador (Ignacio Torres) les dijo que si hoy no ten\u00edan respuestas les iba a facilitar colectivos para trasladar el reclamo a Buenos Aires\u201d<\/a><\/strong>, dijo en tono cr\u00edtico.<\/p>\n\n\n\n<p>\u201cSi a m\u00ed, me reclaman responsabilidad pol\u00edtica, yo tengo que decir lo que realmente pasa en Chubut. La pesca s\u00ed est\u00e1 en crisis. Ojal\u00e1 que se solucione, y lo lamento. Pero tambi\u00e9n est\u00e1 en crisis la industria petrolera, ganader\u00eda, turismo, y ni hablar de la salud, la educaci\u00f3n y la seguridad\u201d, enumer\u00f3 reproch\u00e1ndoselo a la administraci\u00f3n provincial.<\/p>\n\n\n\n<p><strong>\u201cNo voy a politizar esto, pero esto es falta de gesti\u00f3n, falta de compromiso.<\/strong> Recientemente, CAPIP dijo en un comunicado categ\u00f3rico que desde hace tiempo viene solicitando que intervengan y le pongan compromiso y gesti\u00f3n al tema\u201d, agreg\u00f3.<\/p>\n\n\n\n<p>Finalmente, sostuvo que \u201ces imperioso llamar a la reflexi\u00f3n, al aplomo, a la prudencia, no solo de los empresarios, sino de SOMU y de todas las partes. <strong>Hacer &#8216;tabula rasa&#8217;, y bajo ning\u00fan aspecto es con conflicto y violencia <\/strong>porque eso no suma nada\u201d, reflexion\u00f3.<\/p>\n\n\n\n<p class=\"has-vivid-cyan-blue-color has-text-color has-link-color wp-elements-9e88637c005b4a0ad8ca60a0b03df587\"><strong>UN VETERINARIO BAJO ESCRUTINIO<\/strong><\/p>\n\n\n\n<p>Con todo, el ecosistema libertario tiene c\u00f3digos muy particulares. El ex secretario de Bioeconom\u00eda, Fernando Vilella, de quien depend\u00eda la cartera nacional de pesca, un d\u00eda fue eyectado de su cargo tras ponerle \u2018me gusta\u2019 a un tuit del radical Mart\u00edn Losteau que criticaba a La Libertad Avanza. Pero <strong>Daniel Parisini<\/strong> (conocido como el <strong>&#8220;Gordo Dan&#8221;<\/strong>) no se la dej\u00f3 pasar y sell\u00f3 el destino del funcionario.<\/p>\n\n\n\n<p>Ayer, las miradas del <strong>\u2018brazo armado de LLA\u2019<\/strong> se posaron sobre el m\u00e9dico veterinario <strong>Juan Antonio L\u00f3pez Cazorla<\/strong>. Recibi\u00f3 en su despacho al gobernador <strong>Ignacio Torres<\/strong> (PRO), de estrechos v\u00ednculos con <strong>Mauricio Macri<\/strong>, y al secretario General del Sindicato de Obreros Mar\u00edtimos Unidos (SOMU), <strong>Ra\u00fal Durdos<\/strong>, un dirigente abiertamente <strong>enrolado en el kirchnerismo y confeso antimileista<\/strong>.<\/p>\n\n\n\n<p>El Subsecretario de Recursos Acu\u00e1ticos y Pesca de la Naci\u00f3n se mostr\u00f3 <strong>\u2018permeable\u2019<\/strong> a los requerimientos planteados por Torres y el kirchnerista Durdos; accedi\u00f3 a llamar a una prospecci\u00f3n de langostino, tal como le pidieron. <strong><em>Un gesto que los libertarios de paladar negro tomaron nota.<\/em><\/strong><\/p>\n\n\n\n<p><\/p>\n\n\n\n<p><\/p>\n\n\n\n<figure class=\"wp-block-embed is-type-video is-provider-youtube wp-block-embed-youtube wp-embed-aspect-16-9 wp-has-aspect-ratio\"><div class=\"wp-block-embed__wrapper\">\n<iframe title=\"Diputado de Milei sobre el conflicto pesquero con el SOMU\" width=\"788\" height=\"443\" src=\"https:\/\/www.youtube.com\/embed\/y5hRXvTnKII?feature=oembed\" frameborder=\"0\" allow=\"accelerometer; autoplay; clipboard-write; encrypted-media; gyroscope; picture-in-picture; web-share\" referrerpolicy=\"strict-origin-when-cross-origin\" allowfullscreen><\/iframe>\n<\/div><\/figure>\n","protected":false},"excerpt":{"rendered":"<p>El presidente Javier Milei brind\u00f3 ayer una charla de econom\u00eda a los diputados del bloque de La Libertad Avanza. En el encuentro, que se realiz\u00f3 en el Sal\u00f3n H\u00e9roes de Malvinas de Casa Rosada, el mandatario explic\u00f3 los detalles del nuevo blanqueo que apunta a liberar los d\u00f3lares colch\u00f3n, plan que en una segunda etapa<\/p>\n","protected":false},"author":3,"featured_media":12135,"comment_status":"open","ping_status":"open","sticky":false,"template":"","format":"standard","meta":{"om_disable_all_campaigns":false,"_monsterinsights_skip_tracking":false,"_monsterinsights_sitenote_active":false,"_monsterinsights_sitenote_note":"","_monsterinsights_sitenote_category":0,"footnotes":""},"categories":[9],"tags":[194,751,91,152,553,179,2177],"class_list":{"0":"post-12134","1":"post","2":"type-post","3":"status-publish","4":"format-standard","5":"has-post-thumbnail","7":"category-actualidad","8":"tag-capip","9":"tag-crisis-pesquera","10":"tag-featured","11":"tag-langostino","12":"tag-milei","13":"tag-somu","14":"tag-treffinger"},"aioseo_notices":[],"amp_enabled":true,"_links":{"self":[{"href":"https:\/\/partedepesca.com.ar\/d\/wp-json\/wp\/v2\/posts\/12134","targetHints":{"allow":["GET"]}}],"collection":[{"href":"https:\/\/partedepesca.com.ar\/d\/wp-json\/wp\/v2\/posts"}],"about":[{"href":"https:\/\/partedepesca.com.ar\/d\/wp-json\/wp\/v2\/types\/post"}],"author":[{"embeddable":true,"href":"https:\/\/partedepesca.com.ar\/d\/wp-json\/wp\/v2\/users\/3"}],"replies":[{"embeddable":true,"href":"https:\/\/partedepesca.com.ar\/d\/wp-json\/wp\/v2\/comments?post=12134"}],"version-history":[{"count":8,"href":"https:\/\/partedepesca.com.ar\/d\/wp-json\/wp\/v2\/posts\/12134\/revisions"}],"predecessor-version":[{"id":12148,"href":"https:\/\/partedepesca.com.ar\/d\/wp-json\/wp\/v2\/posts\/12134\/revisions\/12148"}],"wp:featuredmedia":[{"embeddable":true,"href":"https:\/\/partedepesca.com.ar\/d\/wp-json\/wp\/v2\/media\/12135"}],"wp:attachment":[{"href":"https:\/\/partedepesca.com.ar\/d\/wp-json\/wp\/v2\/media?parent=12134"}],"wp:term":[{"taxonomy":"category","embeddable":true,"href":"https:\/\/partedepesca.com.ar\/d\/wp-json\/wp\/v2\/categories?post=12134"},{"taxonomy":"post_tag","embeddable":true,"href":"https:\/\/partedepesca.com.ar\/d\/wp-json\/wp\/v2\/tags?post=12134"}],"curies":[{"name":"wp","href":"https:\/\/api.w.org\/{rel}","templated":true}]}}